{"id":568577,"date":"2025-11-30T09:59:12","date_gmt":"2025-11-30T09:59:12","guid":{"rendered":"https:\/\/www.europesays.com\/fr\/568577\/"},"modified":"2025-11-30T09:59:12","modified_gmt":"2025-11-30T09:59:12","slug":"entre-ceramiques-et-verres-de-couleurs-dans-le-quartier-du-panier","status":"publish","type":"post","link":"https:\/\/www.europesays.com\/fr\/568577\/","title":{"rendered":"Entre c\u00e9ramiques et verres de couleurs dans le quartier du Panier"},"content":{"rendered":"\n<p>Pendant les trois derni\u00e8res ann\u00e9es rien n\u2019a clairement chang\u00e9. Au croisement de la rue Montbrion, on sort de l\u2019escalier du passage de Lorette, on amorce la pente qui conduit vers la Vieille Charit\u00e9, les maisons et les ruelles sont identiques. Sans qu\u2019on s\u2019en aper\u00e7oive imm\u00e9diatement, ce fragment du Panier s\u2019est m\u00e9tamorphos\u00e9.<\/p>\n<p>Avant la pizzeria Chez \u00c9tienne, \u00e0 partir de la sup\u00e9rette du 41 rue de Lorette, sur plusieurs d\u00e9tails de fa\u00e7ades, le d\u00e9cor s\u2019est transform\u00e9, sans violence ni pagnolade. Ce ne sont pas comme sur d\u2019autres murs du quartier des tags et des graffitis. Joyeuse et fine, une g\u00e9n\u00e9reuse invasion de couleurs prend de l\u2019ampleur.<\/p>\n<p><b>M\u00e9tissages, art modeste<\/b><\/p>\n<p>C\u2019est bariol\u00e9, ce ne sont jamais des gamineries ou des tartarinades. On aper\u00e7oit en verres des agencements et des transpositions, des semis de couleur vives, des fresques et des mosa\u00efques qui \u00e9voquent Sidi Bou Sa\u00efd, les viaducs de la C\u00f4te Bleue, le Ch\u00e2teau d\u2019If, la colline Notre-Dame, les immeubles, les rives et les bateaux du Vieux-Port. On aper\u00e7oit un aigle qui capture un poisson dans ses serres, les ailes et l\u2019aigrette d\u2019un paon, un perroquet ainsi qu\u2019une cigogne. Plus haut, apr\u00e8s les touches blanches et noires d\u2019un piano, une bouteille et une assiette \u00e9tablissent une discr\u00e8te enseigne de restaurant. C\u2019est festif et sans nostalgie. Avec en sus un minuscule drapeau de la Palestine, ce subtil m\u00e9tissage raconte l\u2019aujourd\u2019hui des deux rives de la M\u00e9diterran\u00e9e.<\/p>\n<p>L\u2019auteur de ces prouesses, l\u2019artiste autodidacte qui a d\u00e9sir\u00e9 ces embellissements nobles et sans pr\u00e9tention est n\u00e9\u0301 en Tunisie en 1960. Il s\u2019appelle Kazai Boubakar\u00a0; dans le quartier c\u2019est Bouba. Depuis 2006, il s\u2019occupe 7 jours sur 7 de la sup\u00e9rette de l\u2019angle de Lorette, distribue boissons fra\u00eeches et caf\u00e9s. Il a son \u00e9l\u00e9gance, ses affections, ses sourires et sa gravit\u00e9. Les jeunes du Panier l\u2019encouragent et le respectent. Les anciens disent que c\u2019est lui, \u00ab\u00a0le vrai gardien de l\u2019\u00e2me du quartier\u00a0\u00bb. Ses voisins d\u2019en face, les artisans verriers lui pr\u00eatent volontiers des outils, le laissent choisir des chutes de leurs vitraux. De la colle, des rebuts en r\u00e9cup\u00e9ration et des th\u00e9matiques de plein air\u00a0: cet art \u00e9cologique, c\u2019est de l\u2019art pour tous.<\/p>\n<p>Nombreux sont les venants de tous les pays qui le photographient et signent son livre d\u2019or.<\/p>\n<p>Pour deux pans de l\u2019escalier de Lorette, Bouba projette des vues du Vallon des Auffes et de l\u2019Estaque. Pour ses amies bijouti\u00e8res et d\u00e9coratrices d\u2019Art-Divergence qui ouvriront le 5\u00a0d\u00e9cembre au 8 rue Guintrand, il imaginera un d\u00e9cor d\u2019oasis.<\/p>\n","protected":false},"excerpt":{"rendered":"Pendant les trois derni\u00e8res ann\u00e9es rien n\u2019a clairement chang\u00e9. Au croisement de la rue Montbrion, on sort de&hellip;\n","protected":false},"author":2,"featured_media":568578,"comment_status":"","ping_status":"","sticky":false,"template":"","format":"standard","meta":{"footnotes":""},"categories":[2814],"tags":[4405,1111,11,1777,674,1011,27,884,12,882,25],"class_list":{"0":"post-568577","1":"post","2":"type-post","3":"status-publish","4":"format-standard","5":"has-post-thumbnail","7":"category-marseille","8":"tag-weekend","9":"tag-actu","10":"tag-actualites","11":"tag-eu","12":"tag-europe","13":"tag-fr","14":"tag-france","15":"tag-marseille","16":"tag-news","17":"tag-provence-alpes-cote-dazur","18":"tag-republique-francaise"},"share_on_mastodon":{"url":"https:\/\/pubeurope.com\/@fr\/115638066498244332","error":""},"_links":{"self":[{"href":"https:\/\/www.europesays.com\/fr\/wp-json\/wp\/v2\/posts\/568577","targetHints":{"allow":["GET"]}}],"collection":[{"href":"https:\/\/www.europesays.com\/fr\/wp-json\/wp\/v2\/posts"}],"about":[{"href":"https:\/\/www.europesays.com\/fr\/wp-json\/wp\/v2\/types\/post"}],"author":[{"embeddable":true,"href":"https:\/\/www.europesays.com\/fr\/wp-json\/wp\/v2\/users\/2"}],"replies":[{"embeddable":true,"href":"https:\/\/www.europesays.com\/fr\/wp-json\/wp\/v2\/comments?post=568577"}],"version-history":[{"count":0,"href":"https:\/\/www.europesays.com\/fr\/wp-json\/wp\/v2\/posts\/568577\/revisions"}],"wp:featuredmedia":[{"embeddable":true,"href":"https:\/\/www.europesays.com\/fr\/wp-json\/wp\/v2\/media\/568578"}],"wp:attachment":[{"href":"https:\/\/www.europesays.com\/fr\/wp-json\/wp\/v2\/media?parent=568577"}],"wp:term":[{"taxonomy":"category","embeddable":true,"href":"https:\/\/www.europesays.com\/fr\/wp-json\/wp\/v2\/categories?post=568577"},{"taxonomy":"post_tag","embeddable":true,"href":"https:\/\/www.europesays.com\/fr\/wp-json\/wp\/v2\/tags?post=568577"}],"curies":[{"name":"wp","href":"https:\/\/api.w.org\/{rel}","templated":true}]}}