{"id":568581,"date":"2025-11-30T10:01:10","date_gmt":"2025-11-30T10:01:10","guid":{"rendered":"https:\/\/www.europesays.com\/fr\/568581\/"},"modified":"2025-11-30T10:01:10","modified_gmt":"2025-11-30T10:01:10","slug":"nouvelle-operation-boules-puantes-a-la-part-dieu-pour-denoncer-le-black-friday","status":"publish","type":"post","link":"https:\/\/www.europesays.com\/fr\/568581\/","title":{"rendered":"nouvelle op\u00e9ration boules puantes \u00e0 la Part-Dieu pour d\u00e9noncer le Black Friday"},"content":{"rendered":"<p itemprop=\"description\"><strong>Ce samedi, il y avait beaucoup de monde au centre commercial de la Part-Dieu.<\/strong><\/p>\n<p>En plein Black Friday, les emplettes voire les courses de No\u00ebl \u00e9taient l\u00e9gion lorsqu&rsquo;une op\u00e9ration boules puantes, ou mouffette, a \u00e9t\u00e9 initi\u00e9e par des membres du mouvement Bloquons Tout.<\/p>\n<p>Une odeur putride a envahi les all\u00e9es et a fait fuir de nombreux clients.<\/p>\n<p>\u00ab\u00a0Le Black Friday n\u2019a pas \u00e0 exister. Ce qui devrait exister, c\u2019est un syst\u00e8me qui respecte les travailleurs, prot\u00e8ge les plus vuln\u00e9rables et cesse de subventionner les yachts des ultra-riches\u00a0\u00bb, indique le mouvement dans un communiqu\u00e9, estimant que \u00ab\u00a0comme d\u2019habitude, les retomb\u00e9es ne b\u00e9n\u00e9ficient ni aux salari\u00e9s ni au public : elles filent directement dans la poche des actionnaires d\u2019entreprises qui, m\u00eame dop\u00e9es aux aides publiques et gav\u00e9es de profits, refusent de partager quoi que ce soit avec nous\u00a0\u00bb.<\/p>\n<blockquote class=\"twitter-tweet\"><p>&#13;<\/p>\n<p dir=\"ltr\" lang=\"fr\">C&rsquo;est le retour de l&rsquo;op\u00e9ration mouffette au Westfield PartDieu\ud83e\udda8<\/p>\n<p>\u270a Contre le black friday, le gouvernement macron, le syst\u00e8me actuel et le capitalisme, nous demandons le droit \u00e0 tous-tes de vivre dignement toute l&rsquo;ann\u00e9e ! \u270a<a href=\"https:\/\/twitter.com\/hashtag\/blackfriday?src=hash&amp;ref_src=twsrc%5Etfw\" target=\"_blank\" rel=\"noopener\">#blackfriday<\/a> <a href=\"https:\/\/twitter.com\/hashtag\/anticapitalisme?src=hash&amp;ref_src=twsrc%5Etfw\" target=\"_blank\" rel=\"noopener\">#anticapitalisme<\/a> <a href=\"https:\/\/twitter.com\/hashtag\/partdieu?src=hash&amp;ref_src=twsrc%5Etfw\" target=\"_blank\" rel=\"noopener\">#partdieu<\/a> <a href=\"https:\/\/twitter.com\/hashtag\/westfield?src=hash&amp;ref_src=twsrc%5Etfw\" target=\"_blank\" rel=\"noopener\">#westfield<\/a> <a href=\"https:\/\/t.co\/mFn0UHU6zs\">pic.twitter.com\/mFn0UHU6zs<\/a><\/p>\n<p>&#13;<br \/>\n\u2014 10septembrelyon (@10septembrelyon) <a href=\"https:\/\/twitter.com\/10septembrelyon\/status\/1994773775175262418?ref_src=twsrc%5Etfw\" target=\"_blank\" rel=\"noopener\">November 29, 2025<\/a><\/p><\/blockquote>\n<p>\t\t  <script async src=\"https:\/\/platform.twitter.com\/widgets.js\" charset=\"utf-8\"><\/script><\/p>\n","protected":false},"excerpt":{"rendered":"Ce samedi, il y avait beaucoup de monde au centre commercial de la Part-Dieu. En plein Black Friday,&hellip;\n","protected":false},"author":2,"featured_media":568582,"comment_status":"","ping_status":"","sticky":false,"template":"","format":"standard","meta":{"footnotes":""},"categories":[1889],"tags":[1111,11,2813,2190,2430,1109,251,1112,2811,1777,674,118,1011,27,1922,1110,1114,2428,2810,12,241,316,25,2812,517,800],"class_list":{"0":"post-568581","1":"post","2":"type-post","3":"status-publish","4":"format-standard","5":"has-post-thumbnail","7":"category-lyon","8":"tag-actu","9":"tag-actualites","10":"tag-article","11":"tag-asvel","12":"tag-auvergne-rhone-alpes","13":"tag-breves","14":"tag-culture","15":"tag-depeches","16":"tag-economique","17":"tag-eu","18":"tag-europe","19":"tag-faits-divers","20":"tag-fr","21":"tag-france","22":"tag-info","23":"tag-informations","24":"tag-infos","25":"tag-lyon","26":"tag-lyonmag","27":"tag-news","28":"tag-ol","29":"tag-politique","30":"tag-republique-francaise","31":"tag-sociale","32":"tag-sport","33":"tag-transports"},"share_on_mastodon":{"url":"https:\/\/pubeurope.com\/@fr\/115638074391539416","error":""},"_links":{"self":[{"href":"https:\/\/www.europesays.com\/fr\/wp-json\/wp\/v2\/posts\/568581","targetHints":{"allow":["GET"]}}],"collection":[{"href":"https:\/\/www.europesays.com\/fr\/wp-json\/wp\/v2\/posts"}],"about":[{"href":"https:\/\/www.europesays.com\/fr\/wp-json\/wp\/v2\/types\/post"}],"author":[{"embeddable":true,"href":"https:\/\/www.europesays.com\/fr\/wp-json\/wp\/v2\/users\/2"}],"replies":[{"embeddable":true,"href":"https:\/\/www.europesays.com\/fr\/wp-json\/wp\/v2\/comments?post=568581"}],"version-history":[{"count":0,"href":"https:\/\/www.europesays.com\/fr\/wp-json\/wp\/v2\/posts\/568581\/revisions"}],"wp:featuredmedia":[{"embeddable":true,"href":"https:\/\/www.europesays.com\/fr\/wp-json\/wp\/v2\/media\/568582"}],"wp:attachment":[{"href":"https:\/\/www.europesays.com\/fr\/wp-json\/wp\/v2\/media?parent=568581"}],"wp:term":[{"taxonomy":"category","embeddable":true,"href":"https:\/\/www.europesays.com\/fr\/wp-json\/wp\/v2\/categories?post=568581"},{"taxonomy":"post_tag","embeddable":true,"href":"https:\/\/www.europesays.com\/fr\/wp-json\/wp\/v2\/tags?post=568581"}],"curies":[{"name":"wp","href":"https:\/\/api.w.org\/{rel}","templated":true}]}}