{"id":568585,"date":"2025-11-30T10:04:43","date_gmt":"2025-11-30T10:04:43","guid":{"rendered":"https:\/\/www.europesays.com\/fr\/568585\/"},"modified":"2025-11-30T10:04:43","modified_gmt":"2025-11-30T10:04:43","slug":"une-femme-de-89-ans-tuee-a-coup-de-fusil-de-la-drogue-dans-une-brique-de-lait-linfo-en-ile-de-france","status":"publish","type":"post","link":"https:\/\/www.europesays.com\/fr\/568585\/","title":{"rendered":"Une femme de 89 ans tu\u00e9e \u00e0 coup de fusil, de la drogue dans une brique de lait&#8230; l&rsquo;info en Ile-de-France"},"content":{"rendered":"<p>                    Par<br \/>\n        <strong><br \/>\n            <a href=\"https:\/\/actu.fr\/auteur\/jerome-lemonnier\" title=\"Consulter tous les articles de J\u00e9r\u00f4me Lemonnier\" target=\"_blank\" rel=\"noopener\">J\u00e9r\u00f4me Lemonnier<\/a><br \/>\n                    <\/strong><\/p>\n<p>        Publi\u00e9 le<\/p>\n<p>            27 nov. 2025 \u00e0 12h24        <\/p>\n<p>Nouveau\u00a0<a href=\"https:\/\/actu.fr\/tag\/feminicide\" target=\"_blank\" rel=\"noopener\">f\u00e9minicide<\/a>. Ce jeudi 27 novembre 2025,\u00a0<strong>une femme de 89 ans est morte tu\u00e9e par un coup de fusil<\/strong>\u00a0\u00e0 son domicile \u00e0\u00a0<a href=\"https:\/\/actu.fr\/ile-de-france\/villetaneuse_93079\" target=\"_blank\" rel=\"noopener\">Villetaneuse<\/a>\u00a0(<a href=\"https:\/\/actu.fr\/ile-de-france\/seine-saint-denis_93\" target=\"_blank\" rel=\"noopener\">Seine-Saint-Denis<\/a>), nous indiquent des sources concordantes. Le conjoint, \u00e2g\u00e9 de 82 ans et qui serait l\u2019auteur des faits, a retourn\u00e9 son arme contre lui. Il a \u00e9t\u00e9 hospitalis\u00e9. Une enqu\u00eate a \u00e9t\u00e9 ouverte.\u00a0<\/p>\n<p class=\" wall-content\">Le voyage \u00e0 destination de Saint-Martin aura \u00e9t\u00e9 plus long que pr\u00e9vu. Selon le site\u00a0<a href=\"https:\/\/airlive.net\/emergency\/2025\/11\/26\/air-france-flight-af498-is-declaring-an-emergency-in-middle-of-atlantic\/\" target=\"_blank\" rel=\"noopener\">Airlive.net<\/a>, un avion\u00a0<a href=\"https:\/\/actu.fr\/economie\/airbus\" target=\"_blank\" rel=\"noopener\">Airbus<\/a>\u00a0A330 d\u2019<a href=\"https:\/\/actu.fr\/tag\/air-france\" target=\"_blank\" rel=\"noopener\">Air France<\/a>, parti de l\u2019<a href=\"https:\/\/actu.fr\/tag\/aeroport-de-roissy\" target=\"_blank\" rel=\"noopener\">a\u00e9roport de Roissy<\/a>, a \u00e9t\u00e9 contraint de faire demi-tour au-dessus de l\u2019Atlantique, ce mercredi 26 novembre, apr\u00e8s que les pilotes ont d\u00e9clar\u00e9 une situation d\u2019urgence. Une information confirm\u00e9e par le site sp\u00e9cialis\u00e9\u00a0<a href=\"https:\/\/fr.flightaware.com\/live\/flight\/AFR498\/history\/20251126\/0950Z\/LFPG\/LPLA\" target=\"_blank\" rel=\"noopener\">FlightAware<\/a>.\u00a0<\/p>\n<p class=\" wall-content\">Une victoire pour son p\u00e8re et sa fille. La juge des r\u00e9f\u00e9r\u00e9s du<a href=\"https:\/\/actu.fr\/tag\/tribunal-administratif-de-cergy-pontoise\" target=\"_blank\" rel=\"noopener\">\u00a0tribunal administratif de Cergy-Pontoise<\/a>\u00a0a donn\u00e9 raison \u00e0 ce p\u00e8re de famille qui r\u00e9clamait simplement que son enfant soit inscrite dans son \u00ab\u2009coll\u00e8ge de secteur\u2009\u00bb \u00e0\u00a0<a href=\"https:\/\/actu.fr\/ile-de-france\/chatenay-malabry_92019\" target=\"_blank\" rel=\"noopener\">Ch\u00e2tenay-Malabry<\/a>.<\/p>\n<p class=\"expresso-item wall-content\">Ces fouilles se sont av\u00e9r\u00e9es fluctuantes. Les 22, 25 et 26\u00a0novembre 2025, les agents p\u00e9nitentiaires de\u00a0<a href=\"https:\/\/actu.fr\/ile-de-france\/fleury-merogis_91235\/prison-de-fleury-merogis-des-surveillants-decouvrent-armes-drogue-et-telephones-dans-plusieurs-cellules_63392401.html\" target=\"_blank\" rel=\"noopener\">la prison de Fleury-M\u00e9rogis<\/a>, qui compte plus de 4\u2009800 d\u00e9tenus, ont men\u00e9 plusieurs op\u00e9rations de contr\u00f4le. Celles-ci ont permis d\u2019intercepter \u00ab\u2009<strong>plus d\u20191,07kg de cannabis<\/strong>\u00a0gr\u00e2ce \u00e0 la vigilance, l\u2019exp\u00e9rience et l\u2019engagement des personnels\u2009\u00bb.<\/p>\n<p>Les infos \u00e0 retenir ce jeudi 27 novembre 2025<\/p>\n<p class=\"expresso-item wall-content\"><strong>Seine-Saint-Denis. <\/strong><a title=\"Lire l&#039;article\" href=\"https:\/\/actu.fr\/ile-de-france\/villetaneuse_93079\/seine-saint-denis-mort-d-une-femme-tuee-a-coup-de-fusil-son-mari-tente-de-se-suicider_63495849.html\" target=\"_blank\" rel=\"noopener\"><strong>Mort d\u2019une femme de 89 ans tu\u00e9e \u00e0 coup de fusil, son mari tente de se suicider<\/strong><\/a><br \/>INFO ACTU PARIS. Une femme de 89 ans est morte abattue par balles ce jeudi 27 novembre 2025 \u00e0 Villetaneuse. L\u2019auteur serait son conjoint, qui a retourn\u00e9 son arme contre lui.<\/p>\n<p class=\"expresso-item wall-content\"><strong>Ile-de-France. <\/strong><a title=\"Lire l&#039;article\" href=\"https:\/\/actu.fr\/ile-de-france\/tremblay-en-france_93073\/un-avion-airbus-d-air-france-parti-de-roissy-vers-saint-martin-fait-demi-tour-au-dessus-de-l-atlantique_63493954.html\" target=\"_blank\" rel=\"noopener\"><strong>Un avion Airbus d\u2019Air France parti de Roissy vers Saint-Martin fait demi-tour au-dessus de l\u2019Atlantique<\/strong><\/a><br \/>L\u2019Airbus d\u2019Air France \u00e0 destination des Antilles a rencontr\u00e9 des difficult\u00e9s au-dessus de l\u2019Atlantique. Il a \u00e9t\u00e9 contraint de rebrousser chemin.<\/p>\n<p class=\"expresso-item wall-content\"><strong>Hauts-de-Seine. <\/strong><a title=\"Lire l&#039;article\" href=\"https:\/\/actu.fr\/ile-de-france\/chatenay-malabry_92019\/hauts-de-seine-sa-fille-n-est-pas-inscrite-dans-le-bon-college-son-pere-saisit-le-taureau-par-les-cornes_63494692.html\" target=\"_blank\" rel=\"noopener\"><strong>Sa fille n\u2019est pas inscrite dans le bon coll\u00e8ge, la justice sanctionne l\u2019\u00c9ducation nationale<\/strong><\/a><br \/>Un p\u00e8re de famille a obtenu de haute lutte de scolariser son enfant de 10 ans dans son coll\u00e8ge de proximit\u00e9, \u00e0 Ch\u00e2tenay-Malabry. Voici comment il a proc\u00e9d\u00e9.<\/p>\n<p class=\"expresso-item wall-content\"><strong>Essonne. <\/strong><a title=\"Lire l&#039;article\" href=\"https:\/\/actu.fr\/ile-de-france\/fleury-merogis_91235\/essonne-un-detenu-dissimule-plus-de-300-grammes-de-cannabis-dans-une-brique-de-lait_63496100.html\" target=\"_blank\" rel=\"noopener\"><strong>Un d\u00e9tenu dissimule plus de 300 grammes de cannabis dans une brique de lait<\/strong><\/a><br \/>Les agents p\u00e9nitentiaires de la prison de Fleury-M\u00e9rogis ont men\u00e9 plusieurs op\u00e9rations de saisie les 22, 25 et 26 novembre 2025. Plus d\u2019un kilo de cannabis a \u00e9t\u00e9 intercept\u00e9.<\/p>\n<p>Suivez-nous pour en savoir plus\u2009!<\/p>\n<p class=\" wall-content wall-content wall-content wall-content\">Vous voulez plus d\u2019infos sur l\u2019\u00cele-de-France\u2009? Vous pouvez nous retrouver sur actu \u00cele-de-France. Pour nous suivre sur les r\u00e9seaux sociaux, dans vos d\u00e9partements\u2009:<\/p>\n<p class=\" wall-content wall-content wall-content wall-content\"><strong>Paris<\/strong>\u2009: retrouvez\u00a0actu\u00a0Paris\u00a0sur\u00a0<a href=\"https:\/\/www.facebook.com\/actufr.paris\/\" target=\"_blank\" rel=\"noopener\">Facebook<\/a>\u00a0et\u00a0<a href=\"https:\/\/twitter.com\/actufrparis\" target=\"_blank\" rel=\"noopener\">Twitter<\/a>\u2009;<br \/><strong>Seine-et-Marne<\/strong>\u2009: retrouvez\u00a0La R\u00e9publique de Seine-et-Marne\u00a0(sud) sur\u00a0<a href=\"https:\/\/www.facebook.com\/RepubliqueSeineMarne\/\" target=\"_blank\" rel=\"noopener\">Facebook<\/a>\u00a0et\u00a0<a href=\"https:\/\/twitter.com\/LaRep77\" target=\"_blank\" rel=\"noopener\">Twitter<\/a>\u2009;\u00a0La Marne\u00a0(nord) sur\u00a0<a href=\"https:\/\/www.facebook.com\/journallarmarne\/?__tn__=%2Cd%2CP-R&amp;eid=ARDLZc91LaHbXzDwChLLLQJVMBLx_ABJremTC2-RG0CYvg0f4f8CLvbV5G1Lli4g_6QoXDcKkU1_LX1W\" target=\"_blank\" rel=\"noopener\">Facebook<\/a>\u00a0et\u00a0<a href=\"https:\/\/twitter.com\/JournalLaMarne\" target=\"_blank\" rel=\"noopener\">Twitter<\/a>\u2009; et\u00a0Le Pays Briard\u00a0sur\u00a0<a href=\"https:\/\/www.facebook.com\/LePaysBriard\/?ref=bookmarks\" target=\"_blank\" rel=\"noopener\">Facebook<\/a>\u00a0et\u00a0<a href=\"https:\/\/twitter.com\/LePaysBriard\" target=\"_blank\" rel=\"noopener\">Twitter<\/a>\u2009;<br \/><strong>Yvelines\u2009:<\/strong>\u00a0retrouvez\u00a078actu\u00a0sur\u00a0<a href=\"https:\/\/www.facebook.com\/78actu\/\" target=\"_blank\" rel=\"noopener\">Facebook<\/a>\u00a0et\u00a0<a href=\"https:\/\/x.com\/78actu\">Twitter<\/a>\u2009;<br \/><strong>Essonne\u2009:<\/strong>\u00a0retrouvez\u00a0actu Essonne\u00a0sur\u00a0<a href=\"https:\/\/www.facebook.com\/actuessonne\/?ref=br_rs\" target=\"_blank\" rel=\"noopener\">Facebook<\/a>\u00a0et\u00a0<a href=\"https:\/\/twitter.com\/ActuEssonne\" target=\"_blank\" rel=\"noopener\">Twitter<\/a>\u2009;<br \/><strong>Hauts-de-Seine\u2009:<\/strong>\u00a0retrouvez\u00a0actu\u00a0Hauts-de-Seine\u00a0sur\u00a0<a href=\"https:\/\/www.facebook.com\/actufr.hautsdeseine\/\" target=\"_blank\" rel=\"noopener\">Facebook<\/a>\u00a0et\u00a0<a href=\"https:\/\/twitter.com\/actufr92\" target=\"_blank\" rel=\"noopener\">Twitter<\/a>\u2009;<br \/><strong>Seine-Saint-Denis\u2009:<\/strong>\u00a0retrouvez actu Seine-Saint-Denis sur\u00a0<a href=\"https:\/\/www.facebook.com\/actufr.seinesaintdenis\/\" target=\"_blank\" rel=\"noopener\">Facebook<\/a>\u00a0et\u00a0<a href=\"https:\/\/x.com\/Actufr93\">Twitter<\/a>\u2009;<br \/><strong>Val-de-Marne\u2009:\u00a0<\/strong>retrouvez actu Val-de-Marne sur\u00a0<a href=\"https:\/\/www.facebook.com\/actu94.valdemarne\/\" target=\"_blank\" rel=\"noopener\">Facebook<\/a>\u00a0et\u00a0<a href=\"https:\/\/x.com\/actufr94\">Twitter<\/a>\u2009;<br \/><strong>Val-d\u2019Oise\u2009:<\/strong>\u00a0retrouvez La Gazette du Val-d\u2019Oise sur\u00a0<a href=\"https:\/\/x.com\/actufr94\">Twitter<\/a><\/p>\n<p class=\" wall-content\">Personnalisez votre actualit\u00e9 en ajoutant vos villes et m\u00e9dias en favori avec <a href=\"https:\/\/moncompte.actu.fr\" title=\"D\u00e9couvez Mon Actu\" rel=\"nofollow noopener\" data-trk=\"{&quot;cta&quot;:{&quot;action&quot;:&quot;https:\\\/\\\/moncompte.actu.fr&quot;,&quot;category&quot;:&quot;mon compte&quot;,&quot;from&quot;:&quot;article footer&quot;,&quot;name&quot;:&quot;Mon actu&quot;,&quot;type&quot;:&quot;cta&quot;}}\" target=\"_blank\">Mon Actu<\/a>.<\/p>\n<p>                    <script async src=\"https:\/\/platform.twitter.com\/widgets.js\" charset=\"utf-8\"><\/script><\/p>\n","protected":false},"excerpt":{"rendered":"Par J\u00e9r\u00f4me Lemonnier Publi\u00e9 le 27 nov. 2025 \u00e0 12h24 Nouveau\u00a0f\u00e9minicide. Ce jeudi 27 novembre 2025,\u00a0une femme de&hellip;\n","protected":false},"author":2,"featured_media":568586,"comment_status":"","ping_status":"","sticky":false,"template":"","format":"standard","meta":{"footnotes":""},"categories":[1592],"tags":[1111,11,1777,674,1011,27,662,12,626,1072,25,104],"class_list":{"0":"post-568585","1":"post","2":"type-post","3":"status-publish","4":"format-standard","5":"has-post-thumbnail","7":"category-ile-de-france","8":"tag-actu","9":"tag-actualites","10":"tag-eu","11":"tag-europe","12":"tag-fr","13":"tag-france","14":"tag-ile-de-france","15":"tag-news","16":"tag-paris","17":"tag-police","18":"tag-republique-francaise","19":"tag-societe"},"share_on_mastodon":{"url":"https:\/\/pubeurope.com\/@fr\/115638086205534122","error":""},"_links":{"self":[{"href":"https:\/\/www.europesays.com\/fr\/wp-json\/wp\/v2\/posts\/568585","targetHints":{"allow":["GET"]}}],"collection":[{"href":"https:\/\/www.europesays.com\/fr\/wp-json\/wp\/v2\/posts"}],"about":[{"href":"https:\/\/www.europesays.com\/fr\/wp-json\/wp\/v2\/types\/post"}],"author":[{"embeddable":true,"href":"https:\/\/www.europesays.com\/fr\/wp-json\/wp\/v2\/users\/2"}],"replies":[{"embeddable":true,"href":"https:\/\/www.europesays.com\/fr\/wp-json\/wp\/v2\/comments?post=568585"}],"version-history":[{"count":0,"href":"https:\/\/www.europesays.com\/fr\/wp-json\/wp\/v2\/posts\/568585\/revisions"}],"wp:featuredmedia":[{"embeddable":true,"href":"https:\/\/www.europesays.com\/fr\/wp-json\/wp\/v2\/media\/568586"}],"wp:attachment":[{"href":"https:\/\/www.europesays.com\/fr\/wp-json\/wp\/v2\/media?parent=568585"}],"wp:term":[{"taxonomy":"category","embeddable":true,"href":"https:\/\/www.europesays.com\/fr\/wp-json\/wp\/v2\/categories?post=568585"},{"taxonomy":"post_tag","embeddable":true,"href":"https:\/\/www.europesays.com\/fr\/wp-json\/wp\/v2\/tags?post=568585"}],"curies":[{"name":"wp","href":"https:\/\/api.w.org\/{rel}","templated":true}]}}