{"id":568597,"date":"2025-11-30T10:10:13","date_gmt":"2025-11-30T10:10:13","guid":{"rendered":"https:\/\/www.europesays.com\/fr\/568597\/"},"modified":"2025-11-30T10:10:13","modified_gmt":"2025-11-30T10:10:13","slug":"en-direct-guerre-en-ukraine-sous-pressions-militaire-et-politique-kiev-negocie-un-plan-de-paix-aux-etats-unis","status":"publish","type":"post","link":"https:\/\/www.europesays.com\/fr\/568597\/","title":{"rendered":"EN DIRECT &#8211; Guerre en Ukraine : sous pressions militaire et politique, Kiev n\u00e9gocie un plan de paix aux \u00c9tats-Unis"},"content":{"rendered":"<p class=\"fig-paragraph\">Au moins une personne a \u00e9t\u00e9 tu\u00e9e et 11 autres, dont un enfant, ont \u00e9t\u00e9 bless\u00e9es dans la nuit de samedi \u00e0 dimanche en Ukraine,\u00a0<a href=\"http:\/\/www.lefigaro.fr\/international\/ukraine-un-mort-et-11-blesses-dans-une-attaque-de-drones-pres-de-kiev-20251130\" target=\"_blank\" data-fig-type=\"NewsFlash\" rel=\"noopener\" data-gtm-custom-categorie=\"navigation\" data-gtm-custom-action=\"crossclick\" data-gtm-custom-label=\"Contextuel\" data-gtm-event=\"customEventSPE\" data-fig-domain=\"LEFIGARO\">dans une attaque de drones attribu\u00e9e \u00e0 la Russie<\/a>\u00a0pr\u00e8s de Kiev, ont annonc\u00e9 les autorit\u00e9s.<\/p>\n<p class=\"fig-paragraph\">Mykola Kalachnyk, le chef de l\u2019administration militaire de la r\u00e9gion de Kiev, a d\u00e9plor\u00e9 sur Telegram qu\u2019une \u00abattaque de l\u2019ennemi sur Vychhorod ait tu\u00e9 une personne et en ait bless\u00e9 11, dont six ont \u00e9t\u00e9 hospitalis\u00e9es\u00bb, \u00e9voquant une nouvelle offensive de \u00abdrones\u00bb russes, comme tout au long de la nuit de vendredi \u00e0 samedi sur plusieurs quartiers de la capitale ukrainienne.<\/p>\n<p class=\"fig-paragraph\">Ce responsable a pr\u00e9cis\u00e9 que les secouristes \u00e9taient en train d\u2019\u00e9vacuer les habitants d\u2019une tour touch\u00e9e par les frappes et dans laquelle les pompiers \u00e9taient \u00e0 pied d\u2019\u0153uvre. \u00abLe nombre de bless\u00e9s risque de grimper\u00bb, a pr\u00e9venu Mykola Kalachnyk.<\/p>\n","protected":false},"excerpt":{"rendered":"Au moins une personne a \u00e9t\u00e9 tu\u00e9e et 11 autres, dont un enfant, ont \u00e9t\u00e9 bless\u00e9es dans la&hellip;\n","protected":false},"author":2,"featured_media":568598,"comment_status":"","ping_status":"","sticky":false,"template":"","format":"standard","meta":{"footnotes":""},"categories":[1590],"tags":[259,11,260,1777,674,131,14,261,12,262,220],"class_list":{"0":"post-568597","1":"post","2":"type-post","3":"status-publish","4":"format-standard","5":"has-post-thumbnail","7":"category-ukraine","8":"tag-actualite-internationale","9":"tag-actualites","10":"tag-affaires-etrangeres","11":"tag-eu","12":"tag-europe","13":"tag-guerre-en-ukraine","14":"tag-international","15":"tag-ministere-des-affaires-etrangeres","16":"tag-news","17":"tag-politique-etrangere","18":"tag-ukraine"},"share_on_mastodon":{"url":"https:\/\/pubeurope.com\/@fr\/115638109749669668","error":""},"_links":{"self":[{"href":"https:\/\/www.europesays.com\/fr\/wp-json\/wp\/v2\/posts\/568597","targetHints":{"allow":["GET"]}}],"collection":[{"href":"https:\/\/www.europesays.com\/fr\/wp-json\/wp\/v2\/posts"}],"about":[{"href":"https:\/\/www.europesays.com\/fr\/wp-json\/wp\/v2\/types\/post"}],"author":[{"embeddable":true,"href":"https:\/\/www.europesays.com\/fr\/wp-json\/wp\/v2\/users\/2"}],"replies":[{"embeddable":true,"href":"https:\/\/www.europesays.com\/fr\/wp-json\/wp\/v2\/comments?post=568597"}],"version-history":[{"count":0,"href":"https:\/\/www.europesays.com\/fr\/wp-json\/wp\/v2\/posts\/568597\/revisions"}],"wp:featuredmedia":[{"embeddable":true,"href":"https:\/\/www.europesays.com\/fr\/wp-json\/wp\/v2\/media\/568598"}],"wp:attachment":[{"href":"https:\/\/www.europesays.com\/fr\/wp-json\/wp\/v2\/media?parent=568597"}],"wp:term":[{"taxonomy":"category","embeddable":true,"href":"https:\/\/www.europesays.com\/fr\/wp-json\/wp\/v2\/categories?post=568597"},{"taxonomy":"post_tag","embeddable":true,"href":"https:\/\/www.europesays.com\/fr\/wp-json\/wp\/v2\/tags?post=568597"}],"curies":[{"name":"wp","href":"https:\/\/api.w.org\/{rel}","templated":true}]}}