{"id":56860,"date":"2025-04-27T13:01:09","date_gmt":"2025-04-27T13:01:09","guid":{"rendered":"https:\/\/www.europesays.com\/fr\/56860\/"},"modified":"2025-04-27T13:01:09","modified_gmt":"2025-04-27T13:01:09","slug":"un-arbitre-bien-connu-des-deux-formations","status":"publish","type":"post","link":"https:\/\/www.europesays.com\/fr\/56860\/","title":{"rendered":"un arbitre bien connu des deux formations"},"content":{"rendered":"<p><img width=\"700\" height=\"350\" src=\"https:\/\/www.europesays.com\/fr\/wp-content\/uploads\/2025\/04\/Slavko-Vincic.jpg\" class=\"attachment-jannah-image-post size-jannah-image-post wp-post-image\" alt=\"Slavko Vin\u010di\u0107\" is_main_img=\"1\" decoding=\"async\" fetchpriority=\"high\"  \/><\/p>\n<p>Ce dimanche, l\u2019UEFA a d\u00e9voil\u00e9 le corps arbitral de la<br \/>\ndemi-finale aller de Ligue des champions entre Arsenal et le PSG.<br \/>\nEt ce sera le m\u00eame arbitre qui \u00e9tait au sifflet lors du match de<br \/>\nsaison r\u00e9guli\u00e8re.<\/p>\n<p>\u00c0 J-2 de la demi-finale aller de <strong>Ligue des<br \/>\nchampions<\/strong> entre <strong><a href=\"https:\/\/canal-supporters.com\/ldc-le-retour-dun-defenseur-pour-arsenal-avant-daffronter-le-psg\/\" title=\"\" target=\"_blank\" rel=\"noopener\">Arsenal<\/a><\/strong> et le <strong>PSG<\/strong>, les deux<br \/>\n\u00e9quipes peaufinent les derniers pr\u00e9paratifs. De son c\u00f4t\u00e9,<br \/>\n<strong><a href=\"https:\/\/fr.uefa.com\/uefachampionsleague\/match\/2044857--arsenal-vs-paris\/\" target=\"_blank\" rel=\"noopener\" title=\"\">l\u2019UEFA<\/a><\/strong> a<br \/>\nd\u00e9voil\u00e9 le corps arbitral de cette rencontre. Et ce sera un arbitre<br \/>\nbien connu des deux formations.<\/p>\n<p>Slavko Vin\u010di\u0107 au<br \/>\nsifflet<\/p>\n<p>En effet, l\u2019instance de football a d\u00e9cid\u00e9 de d\u00e9signer le m\u00eame<br \/>\narbitre que lors du match de saison r\u00e9guli\u00e8re du 2 octobre dernier<br \/>\navec une victoire 2-0 des Gunners. Le Slov\u00e8ne<br \/>\n<strong>Slavko Vin\u010di\u0107<\/strong> sera donc au sifflet de cette<br \/>\nrencontre. Il sera assist\u00e9 par <strong>Toma\u017e Klan\u010dnik<\/strong> et<br \/>\n<strong>Andra\u017e Kova\u010di\u010d<\/strong>. <strong>Matej Jug<\/strong> sera le<br \/>\nquatri\u00e8me arbitre. Enfin, <strong>Alen Boro\u0161ak<\/strong> et<br \/>\n<strong>Dennis Higler<\/strong> officieront \u00e0 la VAR. Lors de ce<br \/>\nmatch de phase de ligue, l\u2019arbitre de 45 ans avait distribu\u00e9 deux<br \/>\ncartons jaunes contre <strong>Riccardo Calafiori<\/strong> et<br \/>\n<strong><a href=\"https:\/\/canal-supporters.com\/le-psg-luis-enrique-dembele-fabian-ruiz-se-confie\/\" title=\"\" target=\"_blank\" rel=\"noopener\">Fabian Ruiz<\/a><\/strong>.<\/p>\n<p>Cette saison, <strong>Slavko Vin\u010di\u0107<\/strong> a dirig\u00e9 9<br \/>\nrencontres de <strong>Ligue des champions<\/strong> pour un total de<br \/>\n36 cartons jaunes et 1 penalty siffl\u00e9. Il \u00e9tait notamment aux<br \/>\ncommandes du quart de finale retour entre <strong>l\u2019Inter<br \/>\nMilan<\/strong> et le <strong>Bayern Munich<\/strong> (2-2) au tour<br \/>\npr\u00e9c\u00e9dent. Parmi les autres grosses affiches europ\u00e9ennes, il avait<br \/>\n\u00e9galement dirig\u00e9 <strong>Barcelone \/ Bayern Munich<\/strong> (4-1),<br \/>\n<strong>Real Madrid \/ AC Milan<\/strong> (1-3) et <strong>Bayer<br \/>\nLeverkusen \/ Bayern Munich<\/strong> (0-2). Il arbitrera pour la<br \/>\ntroisi\u00e8me fois de sa carri\u00e8re le <strong>PSG<\/strong> pour un bilan<br \/>\nd\u2019une victoire (3-0 face \u00e0 <strong>l\u2019AC Milan<\/strong> en<br \/>\n2023-2024) et une d\u00e9faite (2-0 contre <strong>Arsenal<\/strong> en<br \/>\n2024-2025). Pour rappel, les cartons sont remis \u00e0 z\u00e9ro pour ces<br \/>\ndemi-finales de <strong>C1<\/strong>.<\/p>\n<\/p>\n<p>Youtube : Canal Supporters<br \/>\nParis<\/p>\n","protected":false},"excerpt":{"rendered":"Ce dimanche, l\u2019UEFA a d\u00e9voil\u00e9 le corps arbitral de la demi-finale aller de Ligue des champions entre Arsenal&hellip;\n","protected":false},"author":2,"featured_media":56861,"comment_status":"","ping_status":"","sticky":false,"template":"","format":"standard","meta":{"footnotes":""},"categories":[1410],"tags":[7699,11168,81,787,15234,63,1011,27,447,91,92,93,15235,60,455,796,96],"class_list":{"0":"post-56860","1":"post","2":"type-post","3":"status-publish","4":"format-standard","5":"has-post-thumbnail","7":"category-football","8":"tag-arbitre","9":"tag-arsenal-psg","10":"tag-canal-supporters","11":"tag-cs","12":"tag-demi-finale-ldc","13":"tag-football","14":"tag-fr","15":"tag-france","16":"tag-ligue-des-champions","17":"tag-paris-saint-germain","18":"tag-paris-sg","19":"tag-psg","20":"tag-slavko-vincic","21":"tag-sports","22":"tag-uefa","23":"tag-uefa-champions-league","24":"tag-une"},"share_on_mastodon":{"url":"https:\/\/pubeurope.com\/@fr\/114410060832841000","error":""},"_links":{"self":[{"href":"https:\/\/www.europesays.com\/fr\/wp-json\/wp\/v2\/posts\/56860","targetHints":{"allow":["GET"]}}],"collection":[{"href":"https:\/\/www.europesays.com\/fr\/wp-json\/wp\/v2\/posts"}],"about":[{"href":"https:\/\/www.europesays.com\/fr\/wp-json\/wp\/v2\/types\/post"}],"author":[{"embeddable":true,"href":"https:\/\/www.europesays.com\/fr\/wp-json\/wp\/v2\/users\/2"}],"replies":[{"embeddable":true,"href":"https:\/\/www.europesays.com\/fr\/wp-json\/wp\/v2\/comments?post=56860"}],"version-history":[{"count":0,"href":"https:\/\/www.europesays.com\/fr\/wp-json\/wp\/v2\/posts\/56860\/revisions"}],"wp:featuredmedia":[{"embeddable":true,"href":"https:\/\/www.europesays.com\/fr\/wp-json\/wp\/v2\/media\/56861"}],"wp:attachment":[{"href":"https:\/\/www.europesays.com\/fr\/wp-json\/wp\/v2\/media?parent=56860"}],"wp:term":[{"taxonomy":"category","embeddable":true,"href":"https:\/\/www.europesays.com\/fr\/wp-json\/wp\/v2\/categories?post=56860"},{"taxonomy":"post_tag","embeddable":true,"href":"https:\/\/www.europesays.com\/fr\/wp-json\/wp\/v2\/tags?post=56860"}],"curies":[{"name":"wp","href":"https:\/\/api.w.org\/{rel}","templated":true}]}}