{"id":568607,"date":"2025-11-30T10:15:22","date_gmt":"2025-11-30T10:15:22","guid":{"rendered":"https:\/\/www.europesays.com\/fr\/568607\/"},"modified":"2025-11-30T10:15:22","modified_gmt":"2025-11-30T10:15:22","slug":"dublin-et-son-armee-sous-equipee-sont-le-talon-dachille-de-leurope-et-la-russie-la-compris","status":"publish","type":"post","link":"https:\/\/www.europesays.com\/fr\/568607\/","title":{"rendered":"Dublin et son arm\u00e9e sous-\u00e9quip\u00e9e sont le talon d&rsquo;Achille de l&rsquo;Europe (et la Russie l&rsquo;a compris)"},"content":{"rendered":"<p>Tr\u00e8s attach\u00e9e \u00e0 sa neutralit\u00e9, l&rsquo;Irlande consacre tr\u00e8s peu de moyens \u00e0 son arm\u00e9e. Le pays est pourtant un noeud essentiel aux communications europ\u00e9ennes. 75% des c\u00e2bles sous-marins transatlantiques passent dans ses eaux ou \u00e0 proximit\u00e9.<\/p>\n<p>L&rsquo;Irlande n&rsquo;a pas vraiment d&rsquo;arm\u00e9e et commence \u00e0 s&rsquo;en inqui\u00e9ter. Le gouvernement a d\u00e9cid\u00e9 d&rsquo;acc\u00e9l\u00e9rer la livraison d&rsquo;un syst\u00e8me anti-drones et r\u00e9fl\u00e9chit \u00e0 demander l&rsquo;assistance d&rsquo;un navire de guerre \u00e9tranger dans les prochaines semaines, selon <a href=\"https:\/\/www.irishtimes.com\/ireland\/2025\/11\/08\/ireland-considers-asking-eu-nations-for-security-help-during-presidency-including-warship\/\" target=\"_blank\" class=\"external_link\" rel=\"noopener\">The Irish Times<\/a>, qui cite comme possible candidate la fr\u00e9gate Bretagne, de la Marine fran\u00e7aise. \u00c0 partir du mois de janvier, le pays s&rsquo;appr\u00eate \u00e0 assurer la pr\u00e9sidence tournante de l&rsquo;Union europ\u00e9enne. Et Dublin craint que des drones inconnus et mena\u00e7ants fassent irruption dans le ciel, comme <a href=\"https:\/\/www.bfmtv.com\/international\/europe\/survol-de-drones-au-danemark-des-appareils-reperes-au-dessus-de-la-plus-grande-base-militaire-du-pays_AD-202509270169.html\" title=\"Survol de drones au Danemark: des appareils rep\u00e9r\u00e9s au-dessus de la plus grande base militaire du pays\" class=\"internal_link\" target=\"_blank\" rel=\"noopener\">cela a \u00e9t\u00e9 le cas au Danemark<\/a>, qui assure cet office jusqu&rsquo;\u00e0 la fin de l&rsquo;ann\u00e9e.<\/p>\n<p>Ces derni\u00e8res semaines, plusieurs navires russes ont aussi \u00e9t\u00e9 signal\u00e9s \u00e0 proximit\u00e9 de ses vastes eaux territoriales (880.000 km2, plus que la surface terrestre de la France). Le Yantar, un b\u00e2timent<a href=\"https:\/\/www.bfmtv.com\/international\/europe\/angleterre\/on-vous-voit-le-royaume-uni-met-en-garde-vladimir-poutine-apres-la-detection-d-un-navire-russe-dans-ses-eaux_AD-202511190634.html\" title=\"&quot;On vous voit&quot;: le Royaume-Uni met en garde Vladimir Poutine apr\u00e8s la d\u00e9tection d&#039;un navire russe dans ses eaux\" class=\"internal_link\" target=\"_blank\" rel=\"noopener\"> soup\u00e7onn\u00e9 par le voisin britannique de cartographier les fonds marins<\/a>, s&rsquo;est approch\u00e9. En novembre dernier, le navire \u00e9tait m\u00eame entr\u00e9 dans les eaux irlandaises et avait d\u00fb \u00eatre escort\u00e9 vers la sortie. Les marines fran\u00e7aises, britanniques et am\u00e9ricaines suivaient ces mouvements de pr\u00e8s, comme le notait <a href=\"https:\/\/www.theguardian.com\/world\/2024\/nov\/16\/russian-spy-ship-escorted-away-from-internet-cables-in-irish-sea\" target=\"_blank\" class=\"external_link\" rel=\"noopener\">The Guardian<\/a>.<\/p>\n<p>75% des c\u00e2bles transatlantiques<\/p>\n<p>L&rsquo;Irlande est en effet un n\u0153ud particuli\u00e8rement strat\u00e9gique pour les communications europ\u00e9ennes. 75% des <a href=\"https:\/\/www.bfmtv.com\/economie\/video-voici-comment-sont-poses-les-cables-sous-marins_VN-202511200246.html\" title=\"Voici comment sont pos\u00e9s les c\u00e2bles sous-marins\" class=\"internal_link\" target=\"_blank\" rel=\"noopener\">c\u00e2bles sous-marins<\/a> qui relient l&rsquo;Europe \u00e0 l&rsquo;Am\u00e9rique passent \u00e0 proximit\u00e9 ou dans les eaux irlandaises, selon un rapport d&rsquo;un centre de recherche de <a href=\"https:\/\/pure.coventry.ac.uk\/ws\/portalfiles\/portal\/94160200\/Rethinking_Maritime_Sovereignty_and_Security_CTPSR_MSP_Special_Report_Jan_2024_FINAL.pdf\" target=\"_blank\" class=\"external_link\" rel=\"noopener\">l&rsquo;universit\u00e9 de Coventry<\/a>. Au niveau mondial, \u00ab\u00a0les c\u00e2bles sous-marins sont indispensables non seulement \u00e0 l&rsquo;acc\u00e8s \u00e0 Internet et aux communications quotidiennes, mais aussi aux transactions financi\u00e8res, traitant environ 10.000 milliards de dollars par jour\u00a0\u00bb, rappelle <a href=\"https:\/\/www.csis.org\/analysis\/strategic-future-subsea-cables-ireland-case-study\" target=\"_blank\" class=\"external_link\" rel=\"noopener\">le CSIS<\/a> (Center for Strategic and International Studies), un cercle de r\u00e9flexion am\u00e9ricain.<\/p>\n<p><img decoding=\"async\" loading=\"lazy\" width=\"1015\" height=\"867\" src=\"https:\/\/www.europesays.com\/fr\/wp-content\/uploads\/2025\/11\/Cables-sous-marins-2190903.jpg\"  alt=\"Emplacement des c\u00e2bles sous-marins transatlantiques. \" title=\"Emplacement des c\u00e2bles sous-marins transatlantiques. \"\/>Emplacement des c\u00e2bles sous-marins transatlantiques. \u00a9 Telegeography<\/p>\n<p>Le probl\u00e8me, c&rsquo;est que l&rsquo;Irlande n&rsquo;a aucun moyen de prot\u00e9ger ces c\u00e2bles. Ses capacit\u00e9s en la mati\u00e8re sont \u00ab\u00a0essentiellement nulles\u00a0\u00bb, grince Caoimh\u00edn Mac Unfraidh, ancien officier de la marine irlandaise, dans le <a href=\"https:\/\/www.ft.com\/content\/4748d385-877b-40f3-a1ca-0b8ed5177658\" target=\"_blank\" class=\"external_link\" rel=\"noopener\">Financial Times<\/a>. \u00ab\u00a0Nous n\u2019avons pas de capacit\u00e9 d\u2019inspection sous-marine, \u00e0 part celle de notre section de plong\u00e9e navale, qui est principalement compos\u00e9e d\u2019hommes et donc limit\u00e9e en profondeur\u00a0\u00bb, ajoute-t-il.<\/p>\n<p>En fait, les moyens de l&rsquo;arm\u00e9e irlandaise sont extr\u00eamement limit\u00e9s. Quatre de ses huit navires sont hors service. Faute de personnel, elle n&rsquo;a parfois pu d\u00e9ployer qu&rsquo;un seul patrouilleur en mer, note le <a href=\"https:\/\/www.rusi.org\/explore-our-research\/publications\/commentary\/new-president-neutrality-and-eu-presidency-irelands-defence-dilemma\" target=\"_blank\" class=\"external_link\" rel=\"noopener\">Royal United Services Institute<\/a> (RUSI), le plus ancien think-tank britannique sur les questions strat\u00e9giques. En 2022, un <a href=\"https:\/\/www.rte.ie\/documents\/news\/2022\/02\/215358-a21b9438-45a6-4c26-a508-c0d1aeeeb336.pdf\" target=\"_blank\" class=\"external_link\" rel=\"noopener\">rapport officiel<\/a> concluait clairement que le pays n&rsquo;avait pas les capacit\u00e9s de se prot\u00e9ger s&rsquo;il \u00e9tait attaqu\u00e9.<\/p>\n<p>0,25% du PIB consacr\u00e9 \u00e0 la D\u00e9fense<\/p>\n<p>L&rsquo;Irlande est un \u00c9tat neutre. Il ne fait donc pas partie de l&rsquo;Otan. Mais, contrairement \u00e0 la Suisse, sa neutralit\u00e9 est pens\u00e9e comme \u00ab\u00a0non-arm\u00e9e\u00a0\u00bb. Son budget militaire est donc tr\u00e8s faible: 1,5 milliards d\u2019euros en 2026, soit 0,25% du PIB. En proportion, c&rsquo;est presque dix fois moins que la France. Dans l&rsquo;esprit de certains Irlandais, c&rsquo;est une garantie de paix. Mais cela peut aussi \u00eatre une vuln\u00e9rabilit\u00e9.<\/p>\n<p>\u00ab\u00a0On part du principe, avec une certaine complaisance, que l&rsquo;Irlande ne sera jamais attaqu\u00e9e et que, si cela devait arriver, d&rsquo;autres, notamment le Royaume-Uni, viendraient \u00e0 notre secours. Il est temps d&rsquo;aborder la question de la d\u00e9fense avec r\u00e9alisme\u00a0\u00bb, alerte un r\u00e9cent \u00e9ditorial du <a href=\"https:\/\/www.irishtimes.com\/opinion\/2025\/10\/31\/stephen-collins-irelands-neutrality-is-widely-regarded-as-a-joke-its-time-to-get-real\/\" target=\"_blank\" class=\"external_link\" rel=\"noopener\">Irish Times<\/a>.<\/p>\n<blockquote class=\"embed embed_quote\"><p>\u00ab\u00a0Nous sommes membres de l\u2019UE, mais pas de l\u2019Otan. Si vous vouliez \u00e9touffer l\u2019Union europ\u00e9enne, frapper l\u2019UE sans craindre de repr\u00e9sailles de l\u2019Otan, alors l\u2019Irlande est le point z\u00e9ro\u00a0\u00bb, pr\u00e9vient Cathal Berry, ancien officier des Rangers de l\u2019arm\u00e9e irlandaise, dans le Financial Times.<\/p><\/blockquote>\n<p>En d\u00e9truisant des c\u00e2bles sous-marins en mer d&rsquo;Irlande, une force ennemie pourrait consid\u00e9rablement perturber le trafic internet, les communications, et les \u00e9changes financiers dans l&rsquo;Union europ\u00e9enne. Ces derniers mois, plusieurs experts ont d&rsquo;ailleurs mis en garde les d\u00e9cideurs europ\u00e9ens contre les risques maritimes. \u00ab\u00a0En r\u00e9armant son flanc Est face \u00e0 la Russie, l\u2019Europe a n\u00e9glig\u00e9 un front strat\u00e9gique. Elle n\u2019est pas pr\u00eate \u00e0 se d\u00e9fendre \u00e0 l\u2019Ouest. Pourtant, c\u2019est par l\u2019Atlantique que Poutine pourrait attaquer et gagner\u00a0\u00bb, anticipe St\u00e9phane Audrand, dans un exercice de prospective pour <a href=\"https:\/\/legrandcontinent.eu\/fr\/2025\/10\/20\/poutine-et-la-guerre-a-leurope-le-scenario-du-front-atlantique\/\" target=\"_blank\" class=\"external_link\" rel=\"noopener\">Le Grand Continent<\/a>, en exposant notamment les dangers que font courir les drones sous-marins.<\/p>\n<p>Dogme de la neutralit\u00e9 \u00ab\u00a0non-arm\u00e9e\u00a0\u00bb<\/p>\n<p>Les capitales europ\u00e9ennes sont donc de plus en plus attentives aux choix op\u00e9r\u00e9s en Irlande. La pr\u00e9sidence, dont les pouvoirs sont limit\u00e9s mais qui commande les Forces de d\u00e9fense, penche nettement pour sanctuariser le dogme de la neutralit\u00e9 et ne pas engager davantage de moyens vers la d\u00e9fense.<\/p>\n<blockquote class=\"embed embed_quote\"><p>Catherine Connolly, en fonction depuis mi-novembre, avait lanc\u00e9 l&rsquo;an pass\u00e9: \u00ab\u00a0L&rsquo;Irlande ne pourra jamais avoir d&rsquo;arm\u00e9e. Nous n&rsquo;en avons pas besoin.\u00a0\u00bb<\/p><\/blockquote>\n<p>Ancr\u00e9e \u00e0 gauche, elle a r\u00e9it\u00e9r\u00e9 son attachement au \u00ab\u00a0triple verrou\u00a0\u00bb, qui conditionne le d\u00e9ploiement de l&rsquo;arm\u00e9e irlandaise \u00e0 l&rsquo;\u00e9tranger \u00e0 l&rsquo;accord du gouvernement, du Parlement mais aussi de l&rsquo;ONU. \u00ab\u00a0Ses propos ne passent pas inaper\u00e7us dans les autres capitales europ\u00e9ennes, o\u00f9 l&rsquo;on craint qu&rsquo;un futur gouvernement de gauche, dirig\u00e9 par le Sinn F\u00e9in (parti r\u00e9publicain, ndlr) ne complique les efforts visant \u00e0 approfondir l&rsquo;int\u00e9gration europ\u00e9enne en mati\u00e8re de d\u00e9fense\u00a0\u00bb, observe le chercheur Edward Burke dans une <a href=\"https:\/\/www.rusi.org\/explore-our-research\/publications\/commentary\/new-president-neutrality-and-eu-presidency-irelands-defence-dilemma\" target=\"_blank\" class=\"external_link\" rel=\"noopener\">note du RUSI<\/a>, un think-tank britannique.<\/p>\n<p><img decoding=\"async\" src=\"https:\/\/www.europesays.com\/fr\/wp-content\/uploads\/2025\/11\/principale-62_3.jpg\"  alt=\"Le d\u00e9chiffrage : D\u00e9fense europ\u00e9enne, le risque op\u00e9rationnel - 19\/11\" title=\"Le d\u00e9chiffrage : D\u00e9fense europ\u00e9enne, le risque op\u00e9rationnel - 19\/11\"\/>Le d\u00e9chiffrage : D\u00e9fense europ\u00e9enne, le risque op\u00e9rationnel &#8211; 19\/11<\/p>\n<p>Ce dernier estime que \u00ab\u00a0la gauche irlandaise et Catherine Connolly sont profond\u00e9ment d\u00e9connect\u00e9es de la r\u00e9alit\u00e9 europ\u00e9enne\u00a0\u00bb et s&rsquo;attend \u00e0 ce que \u00ab\u00a0les faiblesses et les contradictions de la d\u00e9fense irlandaise \u2013 notamment entre la cheffe de l&rsquo;\u00c9tat et le gouvernement \u2013 \u200b\u200bsoient mises en lumi\u00e8re lors de sa pr\u00e9sidence de l&rsquo;UE l&rsquo;ann\u00e9e prochaine\u00a0\u00bb.<\/p>\n<p>\u00ab\u00a0Aucune prise de conscience\u00a0\u00bb<\/p>\n<p>Sans revenir sur la neutralit\u00e9, le gouvernement actuel est plus enclin \u00e0 muscler les capacit\u00e9s de d\u00e9fense. \u00ab\u00a0Des navires patrouillent dans les parages. La Russie recueille en permanence des informations sur les infrastructures \u00e9conomiques critiques dont d\u00e9pendent tous les Europ\u00e9ens, dont d\u00e9pend le monde entier (&#8230;) Nous devons absolument am\u00e9liorer nos capacit\u00e9s\u00a0\u00bb, a jug\u00e9 le Premier ministre Miche\u00e1l Martin, lors d&rsquo;un d\u00e9bat parlementaire, regrettant qu&rsquo;il n&rsquo;y ait \u00ab\u00a0absolument aucune prise de conscience, dans cette assembl\u00e9e, de la gravit\u00e9 de la situation\u00a0\u00bb.<\/p>\n<p><img decoding=\"async\" loading=\"lazy\" width=\"1200\" height=\"790\" src=\"https:\/\/www.europesays.com\/fr\/wp-content\/uploads\/2025\/11\/Catherine-Connolly-et-Micheal-Martin-en-Irlande-en-octobre-2025-2190910.jpg\"  alt=\"La pr\u00e9sidente \u00e9lue Catherine Connolly (\u00e0 gauche) sourit aux m\u00e9dias aux c\u00f4t\u00e9s du Premier ministre irlandais Miche\u00e1l Martin (\u00e0 droite) apr\u00e8s avoir \u00e9t\u00e9 d\u00e9clar\u00e9e vainqueure de l'\u00e9lection pr\u00e9sidentielle irlandaise au ch\u00e2teau de Dublin, \u00e0 Dublin, le 25 octobre 2025.\" title=\"La pr\u00e9sidente \u00e9lue Catherine Connolly (\u00e0 gauche) sourit aux m\u00e9dias aux c\u00f4t\u00e9s du Premier ministre irlandais Miche\u00e1l Martin (\u00e0 droite) apr\u00e8s avoir \u00e9t\u00e9 d\u00e9clar\u00e9e vainqueure de l'\u00e9lection pr\u00e9sidentielle irlandaise au ch\u00e2teau de Dublin, \u00e0 Dublin, le 25 octobre 2025.\"\/>La pr\u00e9sidente \u00e9lue Catherine Connolly (\u00e0 gauche) sourit aux m\u00e9dias aux c\u00f4t\u00e9s du Premier ministre irlandais Miche\u00e1l Martin (\u00e0 droite) apr\u00e8s avoir \u00e9t\u00e9 d\u00e9clar\u00e9e vainqueure de l&rsquo;\u00e9lection pr\u00e9sidentielle irlandaise au ch\u00e2teau de Dublin, \u00e0 Dublin, le 25 octobre 2025. \u00a9 PAUL FAITH \/ AFP<\/p>\n<p>L&rsquo;effort financier reste minime. D&rsquo;ici 2028, le pays compte faire passer ses d\u00e9penses de 1,1 milliard d&rsquo;euros \u00e0 1,5 milliard d&rsquo;euros (aux prix de 2022). Dublin ne manque pourtant pas de fonds. Sa politique fiscale tr\u00e8s attractive en direction des g\u00e9ants de la tech lui permettra d\u2019encaisser un <a href=\"https:\/\/www.bfmtv.com\/economie\/replay-emissions\/le-monde-qui-bouge\/avec-son-excedent-budgetaire-de-5-milliards-l-irlande-presente-un-etonnant-budget-qu-elle-qualifie-d-antipopuliste-rien-pour-les-classes-moyennes-tout-pour-l-investissement_AV-202510080302.html\" title=\"Avec son exc\u00e9dent budg\u00e9taire de 5 milliards, l&#039;Irlande pr\u00e9sente un \u00e9tonnant budget qu&#039;elle qualifie d&#039;&quot;antipopuliste&quot;: rien pour les classes moyennes, tout pour l&#039;investissement\" class=\"internal_link\" target=\"_blank\" rel=\"noopener\">exc\u00e9dent budg\u00e9taire de 5,1 milliards d\u2019euros en 2026<\/a>. Des efforts ont malgr\u00e9 tout \u00e9t\u00e9 consentis pour commencer \u00e0 surveiller les c\u00e2bles sous-marins.<\/p>\n<blockquote class=\"embed embed_quote\"><p>Le Premier ministre Miche\u00e1l Martin a pr\u00e9cis\u00e9 que l&rsquo;Irlande avait \u00ab\u00a0un plan sur mesure avec l&rsquo;Otan en ce qui concerne la cybers\u00e9curit\u00e9, la s\u00e9curit\u00e9 sous-marine, les connaissances et l\u2019expertise en mati\u00e8re de mentorat et de formation\u2026 car c\u2019est n\u00e9cessaire\u00a0\u00bb.<\/p><\/blockquote>\n<p>Dublin a notamment pass\u00e9 un contrat \u00e0 60 millions d&rsquo;euros avec <a href=\"https:\/\/www.bfmtv.com\/economie\/entreprises\/defense\/un-systeme-unique-en-europe-la-france-commande-a-thales-un-radar-capable-de-detecter-les-menaces-venant-de-l-espace-jusqu-a-2-000-km-d-altitude_AV-202510280586.html\" title=\"Un syst\u00e8me &quot;unique en Europe&quot;: la France commande \u00e0 Thales un radar capable de d\u00e9tecter les menaces venant de l&#039;espace jusqu&#039;\u00e0 2.000 km d&#039;altitude\" class=\"internal_link\" target=\"_blank\" rel=\"noopener\">Thales<\/a>, une soci\u00e9t\u00e9 fran\u00e7aise, pour l&rsquo;achat d&rsquo;un sonar destin\u00e9 \u00e0 surveiller les c\u00e2bles et les gazoducs. Sa livraison est pr\u00e9vue en 2027, selon The Irish Times. Une possible vente de blind\u00e9s de nouvelle g\u00e9n\u00e9ration, de la <a href=\"https:\/\/www.bfmtv.com\/economie\/l-armee-de-terre-devoile-ses-nouveaux-blindes_VN-202503060654.html\" title=\"L&#039;Arm\u00e9e de terre d\u00e9voile ses nouveaux blind\u00e9s\" class=\"internal_link\" target=\"_blank\" rel=\"noopener\">gamme Scorpion<\/a> (Griffon, Jaguar&#8230;), a \u00e9t\u00e9 \u00e9voqu\u00e9e en f\u00e9vrier lors d&rsquo;une audition parlementaire par Alexandre Dupuy, directeur des activit\u00e9s syst\u00e8mes chez KNDS France.<\/p>\n<p>Partager <\/p>\n","protected":false},"excerpt":{"rendered":"Tr\u00e8s attach\u00e9e \u00e0 sa neutralit\u00e9, l&rsquo;Irlande consacre tr\u00e8s peu de moyens \u00e0 son arm\u00e9e. Le pays est pourtant&hellip;\n","protected":false},"author":2,"featured_media":568608,"comment_status":"","ping_status":"","sticky":false,"template":"","format":"standard","meta":{"footnotes":""},"categories":[1586],"tags":[11,1777,674,1779,1011,27,12,25,1778,364],"class_list":{"0":"post-568607","1":"post","2":"type-post","3":"status-publish","4":"format-standard","5":"has-post-thumbnail","7":"category-europe","8":"tag-actualites","9":"tag-eu","10":"tag-europe","11":"tag-european-union","12":"tag-fr","13":"tag-france","14":"tag-news","15":"tag-republique-francaise","16":"tag-ue","17":"tag-union-europeenne"},"share_on_mastodon":{"url":"https:\/\/pubeurope.com\/@fr\/115638129704110507","error":""},"_links":{"self":[{"href":"https:\/\/www.europesays.com\/fr\/wp-json\/wp\/v2\/posts\/568607","targetHints":{"allow":["GET"]}}],"collection":[{"href":"https:\/\/www.europesays.com\/fr\/wp-json\/wp\/v2\/posts"}],"about":[{"href":"https:\/\/www.europesays.com\/fr\/wp-json\/wp\/v2\/types\/post"}],"author":[{"embeddable":true,"href":"https:\/\/www.europesays.com\/fr\/wp-json\/wp\/v2\/users\/2"}],"replies":[{"embeddable":true,"href":"https:\/\/www.europesays.com\/fr\/wp-json\/wp\/v2\/comments?post=568607"}],"version-history":[{"count":0,"href":"https:\/\/www.europesays.com\/fr\/wp-json\/wp\/v2\/posts\/568607\/revisions"}],"wp:featuredmedia":[{"embeddable":true,"href":"https:\/\/www.europesays.com\/fr\/wp-json\/wp\/v2\/media\/568608"}],"wp:attachment":[{"href":"https:\/\/www.europesays.com\/fr\/wp-json\/wp\/v2\/media?parent=568607"}],"wp:term":[{"taxonomy":"category","embeddable":true,"href":"https:\/\/www.europesays.com\/fr\/wp-json\/wp\/v2\/categories?post=568607"},{"taxonomy":"post_tag","embeddable":true,"href":"https:\/\/www.europesays.com\/fr\/wp-json\/wp\/v2\/tags?post=568607"}],"curies":[{"name":"wp","href":"https:\/\/api.w.org\/{rel}","templated":true}]}}