{"id":568629,"date":"2025-11-30T10:29:13","date_gmt":"2025-11-30T10:29:13","guid":{"rendered":"https:\/\/www.europesays.com\/fr\/568629\/"},"modified":"2025-11-30T10:29:13","modified_gmt":"2025-11-30T10:29:13","slug":"portrait-notre-epoque-manque-daudace-architecte-et-bijoutier-marc-deloche-letonnant-equilibre-dun-pur-createur","status":"publish","type":"post","link":"https:\/\/www.europesays.com\/fr\/568629\/","title":{"rendered":"PORTRAIT. \u00ab\u00a0Notre \u00e9poque manque d\u2019audace\u2026\u00a0\u00bb Architecte et bijoutier, Marc Deloche, l\u2019\u00e9tonnant \u00e9quilibre d\u2019un pur cr\u00e9ateur"},"content":{"rendered":"<p>\n                                                                    l&rsquo;essentiel<br \/>\n                                                                Marc Deloche, architecte et bijoutier, jongle entre deux passions. Il continue d\u2019innover et parvient \u00e0\u00a0lier ces deux \u00e9chelles de la cr\u00e9ation, qui sont pour lui les deux facettes d\u2019une m\u00eame d\u00e9marche artistique. Portrait.\n                            <\/p>\n<p>Comme tout le monde, le cerveau de Marc Deloche contient deux h\u00e9misph\u00e8res. Sauf que chez lui, l\u2019un est d\u00e9di\u00e9 \u00e0 l\u2019architecture, sa vocation initiale, et l\u2019autre \u00e0 la bijouterie, sa passion improvis\u00e9e. Deux arts, deux amours, qui contribuent \u00e0 son \u00e9quilibre tels les deux plateaux d\u2019une balance interne. Il nous re\u00e7oit dans ses ateliers du quartier Jeanne-d\u2019Arc. Invisibles depuis la rue, ces beaux locaux accueillent ses bureaux, et c\u2019est aussi l\u00e0 que sont fabriqu\u00e9es la plupart de ses cr\u00e9ations. Avec d\u00e9contraction et style, il prend la pose photo, accoud\u00e9 sur un bureau USM Haller rose en s\u00e9rie limit\u00e9e, assis dans un fauteuil Little Tulip de Pierre Paulin, une de ses bagues au doigt.<\/p>\n<p>C\u2019est donc l\u00e0 qu\u2019il \u0153uvre \u00e0 ses deux destin\u00e9es, entour\u00e9 d\u2019une \u00e9quipe d\u2019une douzaine de personnes. Un vrai chef d\u2019entreprise, mais un v\u00e9ritable artiste dans l\u2019\u00e2me. \u00ab\u00a0Jeune, je faisais du dessin, je bricolais avec de la p\u00e2te \u00e0 modeler et du fil de fer\u00a0\u00bb, se souvient-il. Issu d\u2019une famille de m\u00e9decins, \u00e0 Montpellier, il entre \u00e0 l\u2019\u00e9cole d\u2019Architecture UP1 \u00e0 Paris par vocation\u00a0: \u00ab\u00a0Je r\u00eavais d\u2019une formation artistique qui d\u00e9bouche sur un vrai m\u00e9tier, qui puisse \u00e9voluer, confie-t-il. Je voulais avoir une d\u00e9marche globale, qui pouvait m\u2019amener au design, quel qu\u2019il soit.\u00a0\u00bb<\/p>\n<p>Dipl\u00f4m\u00e9 en 1994, il s\u2019installe \u00e0 Toulouse et r\u00e9alise ses premiers projets. Il marque de son empreinte les bo\u00eetes de nuit du centre-ville, Mr Carnaval et le Frigo. Plus tard, on lui confiera le restaurant Chelala, le Meeting Lab\u00a0et bien d\u2019autres enseignes. Tout r\u00e9cemment, il a enti\u00e8rement relook\u00e9 <a href=\"https:\/\/www.ladepeche.fr\/2025\/11\/07\/marc-deloche-relooke-le-restaurant-les-enfants-terribles-a-toulouse-un-cocon-cosy-inspire-par-cocteau-13035192.php\" target=\"_blank\" rel=\"noopener\">les Enfants Terribles, aux Carmes<\/a>. Mais le plus gros de son activit\u00e9, ce sont les projets priv\u00e9s. \u00ab\u00a0Actuellement, je suis sur le chantier d\u2019une grosse maison, \u00e0 Toulouse, dont je suis tr\u00e8s fier\u2026\u00a0\u00bb<\/p>\n<p class=\"std-elt__inline\">\n        <strong>\u00c0 lire aussi :<\/strong><br \/>\n        <a href=\"https:\/\/www.ladepeche.fr\/2025\/11\/07\/marc-deloche-relooke-le-restaurant-les-enfants-terribles-a-toulouse-un-cocon-cosy-inspire-par-cocteau-13035192.php\" target=\"_blank\" rel=\"noopener\">Marc Deloche relooke le restaurant Les Enfants Terribles \u00e0 Toulouse, un cocon cosy inspir\u00e9 par Cocteau<\/a>\n    <\/p>\n<p>La bague-m\u00e9daille, clef du succ\u00e8s<\/p>\n<p>En parall\u00e8le \u00e0 ses d\u00e9buts d\u2019architecte, il commence \u00e0 s\u2019int\u00e9resser aux bijoux. \u00ab\u00a0Je ne sais pas pourquoi, \u00e7a m\u2019a toujours tracass\u00e9. Une jeune femme, qui \u00e9tait en stage dans mon cabinet d\u2019architecte, m\u2019a pr\u00e9sent\u00e9 son p\u00e8re joaillier. C\u2019est lui qui m\u2019a appris les rudiments\u00a0\u00bb, se rappelle Marc Deloche. Il ouvre sa premi\u00e8re boutique rue Antonin-Merci\u00e9, au centre-ville, en 1999 et installe ses bureaux au-dessus. Le succ\u00e8s n\u2019est pas imm\u00e9diat. \u00ab\u00a0J\u2019ai mang\u00e9 mon pain noir\u00a0\u00bb, pr\u00e9cise-t-il m\u00eame. Il viendra avec sa cr\u00e9ation phare\u00a0: la bague-m\u00e9daille. Cet anneau, attach\u00e9 \u00e0 un petit disque en argent, \u00e9met en mouvement un bruit qui lui rappelle le \u00ab\u00a0cliquetis des bijoux de sa grand-m\u00e8re\u00a0\u00bb et fait fureur chez les adolescents. \u00ab\u00a0Certains sont devenus addicts\u00a0! \u00c7a fait un sacr\u00e9 boucan mais c\u2019est joyeux, sourit-il. C\u2019est comme porter un charms au doigt. Aujourd\u2019hui on en trouve partout, mais \u00e0 l\u2019\u00e9poque c\u2019\u00e9tait vraiment nouveau.\u00a0\u00bb<\/p>\n<p>Il imagine d\u2019autres pi\u00e8ces iconiques. Un vrai bestiaire, m\u00eame\u00a0: bague bouledogue, t\u00eate de taureau, de gazelle\u2026 Des pi\u00e8ces \u00ab\u00a0qui ont de la consistance\u00a0\u00bb. \u00ab\u00a0Les bijoux sont li\u00e9s \u00e0 notre personnalit\u00e9. Le matin, quand on d\u00e9cide d\u2019en mettre un, \u00e7a en dit long sur qui on est, et notre \u00e9tat d\u2019esprit\u00a0\u00bb. <a href=\"https:\/\/www.marc-deloche.com\/fr\/\" target=\"_blank\" rel=\"noopener\">Marc Deloche <\/a>aime aussi les bijoux mixtes\u00a0: \u00ab\u00a0Parce que je suis un gar\u00e7on et j\u2019avais envie d\u2019en faire aussi pour moi. Peu \u00e0 peu, les hommes s\u2019y sont mis\u00a0\u00bb. L\u00e0 aussi, on peut reconna\u00eetre au cr\u00e9ateur d\u2019avoir eu une longueur d\u2019avance sur son \u00e9poque.<\/p>\n<p>Une question d\u2019\u00e9chelle<\/p>\n<p>Pour lui, ses deux passions sont li\u00e9es. \u00ab\u00a0C\u2019est juste une question d\u2019\u00e9chelle\u00a0\u00bb, dit-il souvent. \u00ab\u00a0J\u2019ai la chance de faire deux m\u00e9tiers qui me plaisent et qui ont cr\u00e9\u00e9 du lien. Hier j\u2019ai pris le m\u00e9tro, j\u2019ai c\u00e9d\u00e9 ma place \u00e0 une dame, qui portait une bague \u00e0 moi.\u00a0\u00bb<\/p>\n<p>Amoureux des mati\u00e8res et des savoir-faire qu\u2019il se pla\u00eet \u00e0 d\u00e9tourner, il aime le \u00ab\u00a0cheminement\u00a0\u00bb de la cr\u00e9ation et l\u2019adaptabilit\u00e9 des choses. \u00ab\u00a0Je dessine beaucoup d\u2019\u00e9l\u00e9ments chez mes clients\u00a0: des bars, des t\u00eates de lit, des bureaux, des placards.\u00a0\u00bb Ainsi, il vient de collaborer sur des lunettes avec <a href=\"https:\/\/www.moniqueplusmarcel.com\/\" target=\"_blank\" rel=\"noopener\">les opticiens toulousains Monique +\u00a0Marcel<\/a>. Il a \u00e9galement dessin\u00e9 des vases en c\u00e9ramique pour la manufacture italienne Rometti, qui seront pr\u00e9sent\u00e9s au <a href=\"https:\/\/www.maison-objet.com\/paris\/les-exposants\/rometti-signature\" target=\"_blank\" rel=\"noopener\">prochain salon Maison\u00a0&amp; Objet<\/a>.<\/p>\n<p class=\"std-elt__inline\">\n        <strong>\u00c0 lire aussi :<\/strong><br \/>\n        <a href=\"https:\/\/www.ladepeche.fr\/2025\/01\/22\/il-faut-etre-bien-dans-ses-lunettes-avec-louverture-de-la-boutique-monique-marcel-loptique-se-fait-rock-a-toulouse-12460235.php\" target=\"_blank\" rel=\"noopener\">\u00ab\u00a0Il faut \u00eatre bien dans ses lunettes\u00a0!\u00a0\u00bb Avec l\u2019ouverture de la boutique \u00ab\u00a0Monique +\u00a0Marcel\u00a0\u00bb, l\u2019optique se fait rock \u00e0 Toulouse<\/a>\n    <\/p>\n<p>    Les dates clefs de sa vie<\/p>\n<p>1967\u00a0Naissance \u00e0 Montpellier<\/p>\n<p>1994 Arriv\u00e9e \u00e0 Toulouse, son dipl\u00f4me d\u2019architecte en poche<\/p>\n<p>1999 Ouvre sa premi\u00e8re boutique rue Antonin-Merci\u00e9<\/p>\n<p>2001 Ouvre un magasin \u00e0\u00a0Paris<\/p>\n<p>2014 Lancement des collections de joaillerie num\u00e9rot\u00e9es<\/p>\n<p>2019 Ouverture de ses ateliers dans le quartier Jeanne d\u2019Arc<\/p>\n<p>Comme le ma\u00eetre Le Corbusier, il pense global. \u00ab\u00a0J\u2019adore concevoir\u00a0une sorte de maison d\u2019artiste\u00a0chez mes clients, o\u00f9 chaque d\u00e9tail \u2013 poign\u00e9e de porte, applique \u2013 est une \u0153uvre en soi, ajoute-t-il. Le but d\u2019un architecte, c\u2019est d\u2019apporter des r\u00e9ponses \u00e0 certains probl\u00e8mes, de donner une valeur ajout\u00e9e, tout en restant dans une enveloppe budg\u00e9taire. Mais le plus important, c\u2019est qu\u2019ils aient une \u00e9motion, un effet wow\u00a0! Nous vivons dans une \u00e9poque o\u00f9 on manque d\u2019audace. La table Knoll, personne n\u2019en voulait au d\u00e9part\u00a0!\u00a0\u00bb Elle est d\u00e9sormais un classique du design, tout comme Marc Deloche est devenu une institution \u00e0 Toulouse.<\/p>\n","protected":false},"excerpt":{"rendered":"l&rsquo;essentiel Marc Deloche, architecte et bijoutier, jongle entre deux passions. Il continue d\u2019innover et parvient \u00e0\u00a0lier ces deux&hellip;\n","protected":false},"author":2,"featured_media":568630,"comment_status":"","ping_status":"","sticky":false,"template":"","format":"standard","meta":{"footnotes":""},"categories":[1358],"tags":[1348,1384,1385,1386,58,59,1011,27],"class_list":{"0":"post-568629","1":"post","2":"type-post","3":"status-publish","4":"format-standard","5":"has-post-thumbnail","7":"category-arts-et-design","8":"tag-arts","9":"tag-arts-and-design","10":"tag-arts-et-design","11":"tag-design","12":"tag-divertissement","13":"tag-entertainment","14":"tag-fr","15":"tag-france"},"share_on_mastodon":{"url":"https:\/\/pubeurope.com\/@fr\/115638184406758865","error":""},"_links":{"self":[{"href":"https:\/\/www.europesays.com\/fr\/wp-json\/wp\/v2\/posts\/568629","targetHints":{"allow":["GET"]}}],"collection":[{"href":"https:\/\/www.europesays.com\/fr\/wp-json\/wp\/v2\/posts"}],"about":[{"href":"https:\/\/www.europesays.com\/fr\/wp-json\/wp\/v2\/types\/post"}],"author":[{"embeddable":true,"href":"https:\/\/www.europesays.com\/fr\/wp-json\/wp\/v2\/users\/2"}],"replies":[{"embeddable":true,"href":"https:\/\/www.europesays.com\/fr\/wp-json\/wp\/v2\/comments?post=568629"}],"version-history":[{"count":0,"href":"https:\/\/www.europesays.com\/fr\/wp-json\/wp\/v2\/posts\/568629\/revisions"}],"wp:featuredmedia":[{"embeddable":true,"href":"https:\/\/www.europesays.com\/fr\/wp-json\/wp\/v2\/media\/568630"}],"wp:attachment":[{"href":"https:\/\/www.europesays.com\/fr\/wp-json\/wp\/v2\/media?parent=568629"}],"wp:term":[{"taxonomy":"category","embeddable":true,"href":"https:\/\/www.europesays.com\/fr\/wp-json\/wp\/v2\/categories?post=568629"},{"taxonomy":"post_tag","embeddable":true,"href":"https:\/\/www.europesays.com\/fr\/wp-json\/wp\/v2\/tags?post=568629"}],"curies":[{"name":"wp","href":"https:\/\/api.w.org\/{rel}","templated":true}]}}