{"id":568632,"date":"2025-11-30T10:32:12","date_gmt":"2025-11-30T10:32:12","guid":{"rendered":"https:\/\/www.europesays.com\/fr\/568632\/"},"modified":"2025-11-30T10:32:12","modified_gmt":"2025-11-30T10:32:12","slug":"ce-drole-dincident-qui-a-oblige-florent-pagny-a-retourner-en-coulisses-pendant-taratata-ca-commencait-a-devenir-genant","status":"publish","type":"post","link":"https:\/\/www.europesays.com\/fr\/568632\/","title":{"rendered":"Ce dr\u00f4le d&rsquo;incident qui a oblig\u00e9 Florent Pagny \u00e0 retourner en coulisses pendant \u00ab\u00a0Taratata\u00a0\u00bb : \u00ab\u00a0\u00c7a commen\u00e7ait \u00e0 devenir g\u00eanant\u00a0\u00bb"},"content":{"rendered":"<p class=\"ap-StoryElement ap-StoryElement--mb ap-StoryText\">Florent Pagny a convi\u00e9 ses amis artistes de Christophe Ma\u00e9 \u00e0 Jean-Louis Aubert en passant par David Hallyday, Ang\u00e9lique Kidjo ou encore Marc Lavoine pour chanter avec lui. Il a partag\u00e9 un duo avec Roberto Alagna sur \u00ab\u00a0Caruso\u00a0\u00bb, il a interpr\u00e9t\u00e9 \u00ab\u00a0Ch\u00e2telet les Halles\u00a0\u00bb avec Zaz, il a repris \u00ab\u00a0Ma libert\u00e9 de pens\u00e9e\u00a0\u00bb avec Claudio Cap\u00e9o et il a chant\u00e9 son nouveau titre \u00ab\u00a0En musique\u00a0\u00bb avec Benjamin Biolay, qui a \u00e9crit la chanson pour lui. Un concert exceptionnel marqu\u00e9 par un petit incident. En plein tournage de l&rsquo;\u00e9mission musicale, le chanteur a en effet d\u00fb s&rsquo;absenter quelques minutes en coulisses.<\/p>\n<p><a href=\"https:\/\/www.parismatch.be\/actualites\/people\/2025\/11\/24\/florent-pagny-va-faire-son-retour-dans-taratata-apres-un-break-de-vingt-ans-avec-nagui-rien-de-grave-43SNJOJHXBFXZLFQEFS74JPWLA\/\" target=\"_self\" class=\"ap-StoryInterstitialLink ap-StoryElement ap-StoryElement--mb\" rel=\"noopener\">Florent Pagny va faire son retour dans \u00ab\u00a0Taratata\u00a0\u00bb, apr\u00e8s \u00ab\u00a0un break de vingt ans\u00a0\u00bb avec Nagui: \u00ab\u00a0Rien de grave\u00a0\u00bb<\/a>\u00ab\u00a0\u00c7a commen\u00e7ait \u00e0 devenir g\u00eanant\u00a0\u00bb<\/p>\n<p class=\"ap-StoryElement ap-StoryElement--mb ap-StoryText\">Depuis qu&rsquo;il va mieux, <a href=\"https:\/\/www.parismatch.be\/actualites\/people\/2025\/10\/13\/florent-pagny-voici-combien-ont-coute-ses-trois-greffes-capillaires-DRYOLMXTOBF2HL2XGCHZIEESI4\/\" target=\"_self\" rel=\"noopener\">Florent Pagny<\/a> a repris le sport. \u00ab\u00a0Quand je suis en France, j&rsquo;essaie de m&rsquo;entretenir en faisant des pompes. En Argentine (d&rsquo;o\u00f9 est originaire son \u00e9pouse Azucena Caamano, ndlr), je m&rsquo;occupe de mes fermes. Je suis toujours en mouvement. Je porte, je soul\u00e8ve, je charge, j&rsquo;attache\u00a0\u00bb, a-t-il confi\u00e9 dans une interview accord\u00e9e \u00e0 T\u00e9l\u00e9-Loisirs. R\u00e9sultat : il a perdu du poids. Et, sur la sc\u00e8ne de la Seine musicale, il a failli perdre son pantalon : \u00ab\u00a0J&rsquo;ai d\u00fb repasser en coulisses pour le fixer car \u00e7a commen\u00e7ait \u00e0 devenir g\u00eanant.\u00a0\u00bb<\/p>\n<p><a href=\"https:\/\/www.parismatch.be\/actualites\/people\/2025\/10\/15\/florent-pagny-revient-sur-la-raison-qui-la-pousse-a-refuser-de-porter-le-cercueil-de-johnny-hallyday-on-etait-amis-depuis-notre-premiere-rencontre-FYVBJVZSIZHCTEO476JKT7AROY\/\" target=\"_self\" class=\"ap-StoryInterstitialLink ap-StoryElement ap-StoryElement--mb\" rel=\"noopener\">Florent Pagny revient sur la raison qui l&rsquo;a pouss\u00e9 \u00e0 refuser de porter le cercueil de Johnny Hallyday : \u00ab\u00a0On \u00e9tait amis depuis notre premi\u00e8re rencontre\u00a0\u00bb<\/a><\/p>\n<p class=\"ap-StoryElement ap-StoryElement--mb ap-StoryText\">Un petit incident qui n&rsquo;a pas perturb\u00e9 le concert caritatif : les 4000 places, vendues en trois minutes, ont permis de r\u00e9colter 160 000 euros revers\u00e9s int\u00e9gralement \u00e0 la Fondation pour la recherche m\u00e9dicale (FRM). Pendant la soir\u00e9e, Nagui, <a href=\"https:\/\/www.parismatch.be\/culture\/musique\/2025\/09\/19\/florent-pagny-fait-une-grande-revelation-sur-la-suite-de-sa-carriere-je-ne-sais-pas-mentir-RMBTAHQJUFD3ZPOXRWJIK5HDR4\/\" target=\"_self\" rel=\"noopener\">Florent Pagny<\/a> et ses invit\u00e9s inviteront les t\u00e9l\u00e9spectateurs \u00e0 faire des dons \u00e0 la fondation afin de soutenir la lutte contre le cancer.<\/p>\n","protected":false},"excerpt":{"rendered":"Florent Pagny a convi\u00e9 ses amis artistes de Christophe Ma\u00e9 \u00e0 Jean-Louis Aubert en passant par David Hallyday,&hellip;\n","protected":false},"author":2,"featured_media":568633,"comment_status":"","ping_status":"","sticky":false,"template":"","format":"standard","meta":{"footnotes":""},"categories":[1355],"tags":[58,2889,59,3109,1011,27,35535,1361,873,10477,68367],"class_list":{"0":"post-568632","1":"post","2":"type-post","3":"status-publish","4":"format-standard","5":"has-post-thumbnail","7":"category-musique","8":"tag-divertissement","9":"tag-emission","10":"tag-entertainment","11":"tag-florent-pagny","12":"tag-fr","13":"tag-france","14":"tag-incident","15":"tag-music","16":"tag-musique","17":"tag-nagui","18":"tag-taratata"},"share_on_mastodon":{"url":"https:\/\/pubeurope.com\/@fr\/115638196304649657","error":""},"_links":{"self":[{"href":"https:\/\/www.europesays.com\/fr\/wp-json\/wp\/v2\/posts\/568632","targetHints":{"allow":["GET"]}}],"collection":[{"href":"https:\/\/www.europesays.com\/fr\/wp-json\/wp\/v2\/posts"}],"about":[{"href":"https:\/\/www.europesays.com\/fr\/wp-json\/wp\/v2\/types\/post"}],"author":[{"embeddable":true,"href":"https:\/\/www.europesays.com\/fr\/wp-json\/wp\/v2\/users\/2"}],"replies":[{"embeddable":true,"href":"https:\/\/www.europesays.com\/fr\/wp-json\/wp\/v2\/comments?post=568632"}],"version-history":[{"count":0,"href":"https:\/\/www.europesays.com\/fr\/wp-json\/wp\/v2\/posts\/568632\/revisions"}],"wp:featuredmedia":[{"embeddable":true,"href":"https:\/\/www.europesays.com\/fr\/wp-json\/wp\/v2\/media\/568633"}],"wp:attachment":[{"href":"https:\/\/www.europesays.com\/fr\/wp-json\/wp\/v2\/media?parent=568632"}],"wp:term":[{"taxonomy":"category","embeddable":true,"href":"https:\/\/www.europesays.com\/fr\/wp-json\/wp\/v2\/categories?post=568632"},{"taxonomy":"post_tag","embeddable":true,"href":"https:\/\/www.europesays.com\/fr\/wp-json\/wp\/v2\/tags?post=568632"}],"curies":[{"name":"wp","href":"https:\/\/api.w.org\/{rel}","templated":true}]}}