{"id":568644,"date":"2025-11-30T10:38:12","date_gmt":"2025-11-30T10:38:12","guid":{"rendered":"https:\/\/www.europesays.com\/fr\/568644\/"},"modified":"2025-11-30T10:38:12","modified_gmt":"2025-11-30T10:38:12","slug":"le-senat-vote-une-baisse-des-factures-delectricite-compensee-par-une-hausse-du-gaz","status":"publish","type":"post","link":"https:\/\/www.europesays.com\/fr\/568644\/","title":{"rendered":"le S\u00e9nat vote une baisse des factures d\u2019\u00e9lectricit\u00e9, compens\u00e9e par une hausse du gaz"},"content":{"rendered":"<p>\n    La droite s\u00e9natoriale a fait adopter un all\u00e9gement des factures \u00e9lectriques compens\u00e9 par une hausse pour les m\u00e9nages chauff\u00e9s au gaz. Une proposition accueillie favorablement par le gouvernement mais qui reste provisoire car le projet de budget doit encore \u00eatre d\u00e9battu jusqu\u2019\u00e0 mi-d\u00e9cembre.<\/p>\n<p class=\"fig-paragraph\">Le\u00a0<a href=\"http:\/\/www.lefigaro.fr\/conjoncture\/le-senat-fait-peser-le-gel-de-l-impot-sur-le-revenu-sur-les-18-des-menages-les-plus-aises-20251128\" data-fig-type=\"Article\" data-gtm-custom-categorie=\"navigation\" data-gtm-custom-action=\"crossclick\" data-gtm-custom-label=\"Contextuel\" data-gtm-event=\"customEventSPE\" data-fig-domain=\"LEFIGARO\" target=\"_blank\" rel=\"noopener\">S\u00e9nat<\/a>\u00a0a vot\u00e9 samedi pour diminuer les factures des m\u00e9nages chauff\u00e9s \u00e0 l&rsquo;\u00e9lectricit\u00e9, compens\u00e9es par une hausse sur les factures des chauffages au gaz, une proposition accueillie avec bienveillance par le gouvernement dans le cadre de l&rsquo;examen du budget pour 2026. La droite s\u00e9natoriale, majoritaire \u00e0 la chambre haute, a voulu lancer un message en vue de l&rsquo;\u00e9lectrification des usages avec cette mesure.<\/p>\n<p class=\"fig-paragraph\">Partant du principe que le prix du gaz est \u00abtr\u00e8s bas\u00bb, le rapporteur g\u00e9n\u00e9ral du budget, Jean-Fran\u00e7ois Husson (Les R\u00e9publicains), a propos\u00e9 cette mesure dans le but \u00abd&rsquo;accompagner \u00e0 la transition \u00e9nerg\u00e9tique\u00bb. Le dispositif, qui agit sur les \u00abaccises\u00bb, c&rsquo;est-\u00e0-dire les taxes sur l&rsquo;\u00e9nergie, permettrait de r\u00e9duire les factures d&rsquo;\u00e9lectricit\u00e9 de m\u00e9nages chauff\u00e9s \u00e0 l&rsquo;\u00e9lectricit\u00e9 \u00e0 hauteur de 11 \u00e0 45 euros par an selon les consommations.<\/p>\n<p>                                            <a class=\"fig-a11y-skip\" href=\"#fig-a11y-skip-main-inarticle\" data-module=\"a11y-skip\" data-context=\"was @visible\"><br \/>\n    Passer la publicit\u00e9<br \/>\n<\/a>            <\/p>\n<p>                                            \u00abBeaucoup de sens\u00bb<\/p>\n<p class=\"fig-paragraph\">En contrepartie, la facture annuelle des m\u00e9nages qui se chauffent au gaz pourrait augmenter de 12 \u00e0 80 euros par an (de 1 \u00e0 7 euros par mois), selon la commission des Finances du S\u00e9nat. La mesure serait sans impact sur les finances publiques, selon la m\u00eame source. Le ministre de l&rsquo;\u00c9conomie, Roland Lescure, a reconnu que la proposition des s\u00e9nateurs avait \u00abbeaucoup de sens\u00bb: il y a \u00abune volont\u00e9 de favoriser la consommation d&rsquo;\u00e9lectricit\u00e9 qui est \u00e0 la fois d\u00e9carbon\u00e9e et souveraine, au d\u00e9triment de la consommation de gaz qui est carbon\u00e9e et non souveraine\u00bb, a-t-il r\u00e9sum\u00e9.<\/p>\n<p class=\"fig-paragraph\">Le ministre a rendu un avis de \u00absagesse\u00bb, ni pour ni contre, sur cette proposition. La gauche a vivement protest\u00e9. Cette mesure \u00abne doit en aucun cas se faire au d\u00e9triment de ceux qui se chauffent au gaz, bien plus souvent par contrainte que par choix r\u00e9el\u00bb, s&rsquo;est inqui\u00e9t\u00e9 le socialiste Thierry Cozic. Ce vote est loin d&rsquo;\u00eatre d\u00e9finitif, car l&rsquo;examen du projet de budget va se poursuivre jusqu&rsquo;\u00e0 la moiti\u00e9 du mois de d\u00e9cembre, au plus t\u00f4t.<\/p>\n","protected":false},"excerpt":{"rendered":"La droite s\u00e9natoriale a fait adopter un all\u00e9gement des factures \u00e9lectriques compens\u00e9 par une hausse pour les m\u00e9nages&hellip;\n","protected":false},"author":2,"featured_media":568645,"comment_status":"","ping_status":"","sticky":false,"template":"","format":"standard","meta":{"footnotes":""},"categories":[6],"tags":[1003,35,33,34,579,1011,27,1004],"class_list":{"0":"post-568644","1":"post","2":"type-post","3":"status-publish","4":"format-standard","5":"has-post-thumbnail","7":"category-economie","8":"tag-budget","9":"tag-business","10":"tag-economie","11":"tag-economy","12":"tag-electricite","13":"tag-fr","14":"tag-france","15":"tag-senat"},"share_on_mastodon":{"url":"https:\/\/pubeurope.com\/@fr\/115638219901531151","error":""},"_links":{"self":[{"href":"https:\/\/www.europesays.com\/fr\/wp-json\/wp\/v2\/posts\/568644","targetHints":{"allow":["GET"]}}],"collection":[{"href":"https:\/\/www.europesays.com\/fr\/wp-json\/wp\/v2\/posts"}],"about":[{"href":"https:\/\/www.europesays.com\/fr\/wp-json\/wp\/v2\/types\/post"}],"author":[{"embeddable":true,"href":"https:\/\/www.europesays.com\/fr\/wp-json\/wp\/v2\/users\/2"}],"replies":[{"embeddable":true,"href":"https:\/\/www.europesays.com\/fr\/wp-json\/wp\/v2\/comments?post=568644"}],"version-history":[{"count":0,"href":"https:\/\/www.europesays.com\/fr\/wp-json\/wp\/v2\/posts\/568644\/revisions"}],"wp:featuredmedia":[{"embeddable":true,"href":"https:\/\/www.europesays.com\/fr\/wp-json\/wp\/v2\/media\/568645"}],"wp:attachment":[{"href":"https:\/\/www.europesays.com\/fr\/wp-json\/wp\/v2\/media?parent=568644"}],"wp:term":[{"taxonomy":"category","embeddable":true,"href":"https:\/\/www.europesays.com\/fr\/wp-json\/wp\/v2\/categories?post=568644"},{"taxonomy":"post_tag","embeddable":true,"href":"https:\/\/www.europesays.com\/fr\/wp-json\/wp\/v2\/tags?post=568644"}],"curies":[{"name":"wp","href":"https:\/\/api.w.org\/{rel}","templated":true}]}}