{"id":568646,"date":"2025-11-30T10:39:10","date_gmt":"2025-11-30T10:39:10","guid":{"rendered":"https:\/\/www.europesays.com\/fr\/568646\/"},"modified":"2025-11-30T10:39:10","modified_gmt":"2025-11-30T10:39:10","slug":"larmee-israelienne-affirme-avoir-tue-quatre-hommes-qualifies-de-terroristes-a-rafah","status":"publish","type":"post","link":"https:\/\/www.europesays.com\/fr\/568646\/","title":{"rendered":"l\u2019arm\u00e9e isra\u00e9lienne affirme avoir tu\u00e9 quatre hommes qualifi\u00e9s de \u00ab\u00a0terroristes\u00a0\u00bb \u00e0 Rafah"},"content":{"rendered":"\n<p class=\"article__paragraph  \">L\u2019arm\u00e9e isra\u00e9lienne a affirm\u00e9, dimanche 30\u00a0novembre sur X, avoir tu\u00e9 quatre hommes qualifi\u00e9s de \u00ab\u00a0terroristes\u00a0\u00bb \u00e0 Rafah, dans le sud de la bande de Gaza. \u00ab\u00a0Au cours de la nuit, quatre terroristes ont \u00e9t\u00e9 rep\u00e9r\u00e9s alors qu\u2019ils sortaient d\u2019un tunnel souterrain dans la r\u00e9gion, a-t-elle \u00e9crit. Les forces, guid\u00e9es par l\u2019arm\u00e9e de l\u2019air, les ont \u00e9limin\u00e9s.\u00a0\u00bb<\/p>\n<p class=\"article__paragraph  \">L\u2019envoy\u00e9 sp\u00e9cial am\u00e9ricain Steve Witkoff avait affirm\u00e9, au d\u00e9but de novembre, que jusqu\u2019\u00e0 200\u00a0combattants du Hamas seraient bloqu\u00e9s dans des tunnels \u00e0 Gaza, dans le secteur du territoire palestinien o\u00f9 s\u2019est red\u00e9ploy\u00e9e l\u2019arm\u00e9e isra\u00e9lienne dans le cadre de l\u2019accord de cessez-le-feu en vigueur depuis le 10\u00a0octobre.<\/p>\n<p class=\"author__detail\">  Le Monde avec AFP  <\/p>\n<p>L\u2019espace des contributions est r\u00e9serv\u00e9 aux abonn\u00e9s.<\/p>\n<p>Abonnez-vous pour acc\u00e9der \u00e0 cet espace d\u2019\u00e9change et contribuer \u00e0 la discussion.<\/p>\n<p>    <a href=\"https:\/\/abo.lemonde.fr\/?edi_medium=BOUTONS_LMFR&amp;edi_campaign=CONTRIBUTION_ARTICLE\" class=\"btn btn--premium js-btn-premium\" target=\"_blank\" rel=\"noopener\">S\u2019abonner<\/a>              <a href=\"https:\/\/www.lemonde.fr\/syndication\/\" class=\"reuse__content\" title=\"R\u00e9utiliser ce contenu\" target=\"_blank\" rel=\"noopener\">R\u00e9utiliser ce contenu<\/a>      <\/p>\n","protected":false},"excerpt":{"rendered":"L\u2019arm\u00e9e isra\u00e9lienne a affirm\u00e9, dimanche 30\u00a0novembre sur X, avoir tu\u00e9 quatre hommes qualifi\u00e9s de \u00ab\u00a0terroristes\u00a0\u00bb \u00e0 Rafah, dans&hellip;\n","protected":false},"author":2,"featured_media":568647,"comment_status":"","ping_status":"","sticky":false,"template":"","format":"standard","meta":{"footnotes":""},"categories":[5],"tags":[11,1011,27,14,12,28],"class_list":{"0":"post-568646","1":"post","2":"type-post","3":"status-publish","4":"format-standard","5":"has-post-thumbnail","7":"category-international","8":"tag-actualites","9":"tag-fr","10":"tag-france","11":"tag-international","12":"tag-news","13":"tag-world"},"share_on_mastodon":{"url":"https:\/\/pubeurope.com\/@fr\/115638223745497322","error":""},"_links":{"self":[{"href":"https:\/\/www.europesays.com\/fr\/wp-json\/wp\/v2\/posts\/568646","targetHints":{"allow":["GET"]}}],"collection":[{"href":"https:\/\/www.europesays.com\/fr\/wp-json\/wp\/v2\/posts"}],"about":[{"href":"https:\/\/www.europesays.com\/fr\/wp-json\/wp\/v2\/types\/post"}],"author":[{"embeddable":true,"href":"https:\/\/www.europesays.com\/fr\/wp-json\/wp\/v2\/users\/2"}],"replies":[{"embeddable":true,"href":"https:\/\/www.europesays.com\/fr\/wp-json\/wp\/v2\/comments?post=568646"}],"version-history":[{"count":0,"href":"https:\/\/www.europesays.com\/fr\/wp-json\/wp\/v2\/posts\/568646\/revisions"}],"wp:featuredmedia":[{"embeddable":true,"href":"https:\/\/www.europesays.com\/fr\/wp-json\/wp\/v2\/media\/568647"}],"wp:attachment":[{"href":"https:\/\/www.europesays.com\/fr\/wp-json\/wp\/v2\/media?parent=568646"}],"wp:term":[{"taxonomy":"category","embeddable":true,"href":"https:\/\/www.europesays.com\/fr\/wp-json\/wp\/v2\/categories?post=568646"},{"taxonomy":"post_tag","embeddable":true,"href":"https:\/\/www.europesays.com\/fr\/wp-json\/wp\/v2\/tags?post=568646"}],"curies":[{"name":"wp","href":"https:\/\/api.w.org\/{rel}","templated":true}]}}