{"id":568654,"date":"2025-11-30T10:44:13","date_gmt":"2025-11-30T10:44:13","guid":{"rendered":"https:\/\/www.europesays.com\/fr\/568654\/"},"modified":"2025-11-30T10:44:13","modified_gmt":"2025-11-30T10:44:13","slug":"meurthe-et-moselle-cinq-morts-et-un-blesse-leger-dans-un-violent-incendie-pres-de-nancy-2","status":"publish","type":"post","link":"https:\/\/www.europesays.com\/fr\/568654\/","title":{"rendered":"Meurthe-et-Moselle. Cinq morts et un bless\u00e9 l\u00e9ger dans un violent incendie pr\u00e8s de Nancy"},"content":{"rendered":"<p>Dramatique incendie, dans la nuit de samedi 29 novembre \u00e0 dimanche 30 novembre, rue du Capitaine-Caillon \u00e0 Neuves-Maisons, dans la banlieue sud de Nancy.<\/p>\n<p>Cinq personnes ont perdu la vie dans une maison prise dans les flammes.<\/p>\n<p>Il est 10h. Les sapeurs-pompiers sont toujours \u00e0 pied d\u2019\u0153uvre au 22 rue du Capitaine-Caillon, \u00e0 Neuves-Maisons.<\/p>\n<p>Ce contenu est bloqu\u00e9 car vous n&rsquo;avez pas accept\u00e9 les cookies et autres traceurs.<\/p>\n<p>En cliquant sur \u00ab J\u2019accepte \u00bb, les cookies et autres traceurs seront d\u00e9pos\u00e9s et vous pourrez visualiser les contenus  (<a href=\"\" class=\"consentModule_policy\" target=\"_blank\" title=\"Consulter la politique de protection des donn\u00e9es du fournisseur\">plus d&rsquo;informations<\/a>).<\/p>\n<p>En cliquant sur \u00ab J\u2019accepte tous les cookies \u00bb, vous autorisez des d\u00e9p\u00f4ts de cookies et autres traceurs pour le stockage de vos donn\u00e9es sur nos sites et applications \u00e0 des fins de personnalisation et de ciblage publicitaire.<\/p>\n<p class=\"consentModule_secondaryText\">Vous gardez la possibilit\u00e9 de retirer votre consentement \u00e0 tout moment en consultant notre <a href=\"https:\/\/www.estrepublicain.fr\/protection-des-donnees\" target=\"_blank\" title=\"Consulter notre politique de protection des donn\u00e9es\" rel=\"noopener\">politique de protection des donn\u00e9es<\/a>. <br \/>&#13;<br \/>\n            <a href=\"https:\/\/www.estrepublicain.fr\/faits-divers-justice\/2025\/11\/30\/javascript:Didomi.notice.show()\" class=\"consentModule_cmp\" target=\"_blank\" rel=\"noopener\">G\u00e9rer mes choix<\/a>&#13;\n        <\/p>\n<p>&#13;<br \/>\n                        J&rsquo;accepte&#13;<br \/>\n            J&rsquo;accepte tous les cookies&#13;\n        <\/p>\n<p>La grand \u00e9chelle est d\u00e9ploy\u00e9e, les reconnaissances se poursuivent sur la toitures. \u00c0 l\u2019int\u00e9rieur, des soldats du feu poursuivent le d\u00e9blaiement.<\/p>\n<p>Sur place \u00e9galement, le pr\u00e9fet de Meurthe-et-Moselle et son directeur de cabinet sont venus faire un point sur la situation suite au dramatique incendie de la nuit derni\u00e8re.<\/p>\n<p>Un incendie qui s\u2019est d\u00e9clar\u00e9 peu avant 3h30 dans la maison abritant, notamment, le Royal Sativa.<\/p>\n<p>Ce contenu est bloqu\u00e9 car vous n&rsquo;avez pas accept\u00e9 les cookies et autres traceurs.<\/p>\n<p>En cliquant sur \u00ab J\u2019accepte \u00bb, les cookies et autres traceurs seront d\u00e9pos\u00e9s et vous pourrez visualiser les contenus  (<a href=\"\" class=\"consentModule_policy\" target=\"_blank\" title=\"Consulter la politique de protection des donn\u00e9es du fournisseur\">plus d&rsquo;informations<\/a>).<\/p>\n<p>En cliquant sur \u00ab J\u2019accepte tous les cookies \u00bb, vous autorisez des d\u00e9p\u00f4ts de cookies et autres traceurs pour le stockage de vos donn\u00e9es sur nos sites et applications \u00e0 des fins de personnalisation et de ciblage publicitaire.<\/p>\n<p class=\"consentModule_secondaryText\">Vous gardez la possibilit\u00e9 de retirer votre consentement \u00e0 tout moment en consultant notre <a href=\"https:\/\/www.estrepublicain.fr\/protection-des-donnees\" target=\"_blank\" title=\"Consulter notre politique de protection des donn\u00e9es\" rel=\"noopener\">politique de protection des donn\u00e9es<\/a>. <br \/>&#13;<br \/>\n            <a href=\"https:\/\/www.estrepublicain.fr\/faits-divers-justice\/2025\/11\/30\/javascript:Didomi.notice.show()\" class=\"consentModule_cmp\" target=\"_blank\" rel=\"noopener\">G\u00e9rer mes choix<\/a>&#13;\n        <\/p>\n<p>&#13;<br \/>\n                        J&rsquo;accepte&#13;<br \/>\n            J&rsquo;accepte tous les cookies&#13;\n        <\/p>\n<p>L\u2019intervention des secours a permis d\u2019\u00e9viter la diffusion des flammes aux habitations voisines.<\/p>\n<p>Un sinistre violent qui aura mobilis\u00e9 70 sapeurs-pompiers et une quarantaine de v\u00e9hicules.<\/p>\n<p>Ouverture d&rsquo;une cellule psychologique<\/p>\n<p>Malgr\u00e9 l\u2019importance des moyens engag\u00e9s, le bilan est lourd. Cinq personnes sont mortes et une sixi\u00e8me est bless\u00e9e, victimes d\u2019une intoxication. Ses jours ne sont pas en danger.\u00a0<\/p>\n<p>Cet apr\u00e8s-midi, deux salles seront ouvertes sur la commune. L\u2019une pour accueillir les proches et les familles. Une seconde pour une cellule psychologique, de nombreuses personnes \u00e9tant choqu\u00e9es.<\/p>\n<p>Pour l\u2019heure, une enqu\u00eate est ouverte pour d\u00e9terminer les causes de ce drame ayant co\u00fbt\u00e9 la vie \u00e0 cinq personnes. Elle a \u00e9t\u00e9 confi\u00e9e aux gendarmes de la Brigade de recherche et du PSIG qui sont sur place.<\/p>\n<p>La r\u00e9action du ministre de l&rsquo;Int\u00e9rieur<\/p>\n<p>Dans un message publi\u00e9 sur X ce dimanche, le ministre de l&rsquo;Int\u00e9rieur Laurent\u00a0Nu\u00f1ez\u00a0a exprim\u00e9 \u00ab\u00a0ses\u00a0sinc\u00e8res pens\u00e9es aux victimes et \u00e0 leurs proches.\u00a0\u00bb<\/p>\n<p>Ce contenu est bloqu\u00e9 car vous n&rsquo;avez pas accept\u00e9 les cookies et autres traceurs.<\/p>\n<p>En cliquant sur \u00ab J\u2019accepte \u00bb, les cookies et autres traceurs seront d\u00e9pos\u00e9s et vous pourrez visualiser les contenus  (<a href=\"\" class=\"consentModule_policy\" target=\"_blank\" title=\"Consulter la politique de protection des donn\u00e9es du fournisseur\">plus d&rsquo;informations<\/a>).<\/p>\n<p>En cliquant sur \u00ab J\u2019accepte tous les cookies \u00bb, vous autorisez des d\u00e9p\u00f4ts de cookies et autres traceurs pour le stockage de vos donn\u00e9es sur nos sites et applications \u00e0 des fins de personnalisation et de ciblage publicitaire.<\/p>\n<p class=\"consentModule_secondaryText\">Vous gardez la possibilit\u00e9 de retirer votre consentement \u00e0 tout moment en consultant notre <a href=\"https:\/\/www.estrepublicain.fr\/protection-des-donnees\" target=\"_blank\" title=\"Consulter notre politique de protection des donn\u00e9es\" rel=\"noopener\">politique de protection des donn\u00e9es<\/a>. <br \/>&#13;<br \/>\n            <a href=\"https:\/\/www.estrepublicain.fr\/faits-divers-justice\/2025\/11\/30\/javascript:Didomi.notice.show()\" class=\"consentModule_cmp\" target=\"_blank\" rel=\"noopener\">G\u00e9rer mes choix<\/a>&#13;\n        <\/p>\n<p>&#13;<br \/>\n                        J&rsquo;accepte&#13;<br \/>\n            J&rsquo;accepte tous les cookies&#13;\n        <\/p>\n","protected":false},"excerpt":{"rendered":"Dramatique incendie, dans la nuit de samedi 29 novembre \u00e0 dimanche 30 novembre, rue du Capitaine-Caillon \u00e0 Neuves-Maisons,&hellip;\n","protected":false},"author":2,"featured_media":568655,"comment_status":"","ping_status":"","sticky":false,"template":"","format":"standard","meta":{"footnotes":""},"categories":[9635],"tags":[1111,11,1707,1704,1706,1705,1777,674,274,107,1011,27,329,775,1310,1702,9847,12,25],"class_list":{"0":"post-568654","1":"post","2":"type-post","3":"status-publish","4":"format-standard","5":"has-post-thumbnail","7":"category-nancy","8":"tag-actu","9":"tag-actualites","10":"tag-edition-luneville","11":"tag-edition-nancy-et-agglomeration","12":"tag-edition-pont-a-mousson","13":"tag-edition-toul","14":"tag-eu","15":"tag-europe","16":"tag-faits-divers-justice","17":"tag-fil-info","18":"tag-fr","19":"tag-france","20":"tag-france-monde","21":"tag-grand-est","22":"tag-incendie","23":"tag-nancy","24":"tag-neuves-maisons","25":"tag-news","26":"tag-republique-francaise"},"share_on_mastodon":{"url":"https:\/\/pubeurope.com\/@fr\/115638243375478231","error":""},"_links":{"self":[{"href":"https:\/\/www.europesays.com\/fr\/wp-json\/wp\/v2\/posts\/568654","targetHints":{"allow":["GET"]}}],"collection":[{"href":"https:\/\/www.europesays.com\/fr\/wp-json\/wp\/v2\/posts"}],"about":[{"href":"https:\/\/www.europesays.com\/fr\/wp-json\/wp\/v2\/types\/post"}],"author":[{"embeddable":true,"href":"https:\/\/www.europesays.com\/fr\/wp-json\/wp\/v2\/users\/2"}],"replies":[{"embeddable":true,"href":"https:\/\/www.europesays.com\/fr\/wp-json\/wp\/v2\/comments?post=568654"}],"version-history":[{"count":0,"href":"https:\/\/www.europesays.com\/fr\/wp-json\/wp\/v2\/posts\/568654\/revisions"}],"wp:featuredmedia":[{"embeddable":true,"href":"https:\/\/www.europesays.com\/fr\/wp-json\/wp\/v2\/media\/568655"}],"wp:attachment":[{"href":"https:\/\/www.europesays.com\/fr\/wp-json\/wp\/v2\/media?parent=568654"}],"wp:term":[{"taxonomy":"category","embeddable":true,"href":"https:\/\/www.europesays.com\/fr\/wp-json\/wp\/v2\/categories?post=568654"},{"taxonomy":"post_tag","embeddable":true,"href":"https:\/\/www.europesays.com\/fr\/wp-json\/wp\/v2\/tags?post=568654"}],"curies":[{"name":"wp","href":"https:\/\/api.w.org\/{rel}","templated":true}]}}