{"id":568658,"date":"2025-11-30T10:48:17","date_gmt":"2025-11-30T10:48:17","guid":{"rendered":"https:\/\/www.europesays.com\/fr\/568658\/"},"modified":"2025-11-30T10:48:17","modified_gmt":"2025-11-30T10:48:17","slug":"toulon-corrige-montauban-et-recupere-provisoirement-la-2e-place","status":"publish","type":"post","link":"https:\/\/www.europesays.com\/fr\/568658\/","title":{"rendered":"Toulon corrige Montauban et r\u00e9cup\u00e8re provisoirement la 2e place"},"content":{"rendered":"\n<p>Ils ont inflig\u00e9 une s\u00e9v\u00e8re correction aux promus. Les pensionnaires du RC Toulon ont largement triomph\u00e9 de Montauban (54-28), samedi 29 novembre au stade Mayol, pour le compte de la 11e journ\u00e9e de Top 14.<\/p>\n<p>Cette 7e victoire de la saison permet aux prot\u00e9g\u00e9s de Pierre Mignoni de remonter provisoirement \u00e0 la 2e place du championnat, avant le r\u00e9sultat de la Section Paloise et du Stade Rochelais, ce dimanche (\u00e0 21h05).<\/p>\n","protected":false},"excerpt":{"rendered":"Ils ont inflig\u00e9 une s\u00e9v\u00e8re correction aux promus. Les pensionnaires du RC Toulon ont largement triomph\u00e9 de Montauban&hellip;\n","protected":false},"author":2,"featured_media":568659,"comment_status":"","ping_status":"","sticky":false,"template":"","format":"standard","meta":{"footnotes":""},"categories":[9619],"tags":[1111,11,13151,1777,674,1011,27,12,882,25,2310],"class_list":{"0":"post-568658","1":"post","2":"type-post","3":"status-publish","4":"format-standard","5":"has-post-thumbnail","7":"category-toulon","8":"tag-actu","9":"tag-actualites","10":"tag-camille-kadoum","11":"tag-eu","12":"tag-europe","13":"tag-fr","14":"tag-france","15":"tag-news","16":"tag-provence-alpes-cote-dazur","17":"tag-republique-francaise","18":"tag-toulon"},"share_on_mastodon":{"url":"https:\/\/pubeurope.com\/@fr\/115638259267042629","error":""},"_links":{"self":[{"href":"https:\/\/www.europesays.com\/fr\/wp-json\/wp\/v2\/posts\/568658","targetHints":{"allow":["GET"]}}],"collection":[{"href":"https:\/\/www.europesays.com\/fr\/wp-json\/wp\/v2\/posts"}],"about":[{"href":"https:\/\/www.europesays.com\/fr\/wp-json\/wp\/v2\/types\/post"}],"author":[{"embeddable":true,"href":"https:\/\/www.europesays.com\/fr\/wp-json\/wp\/v2\/users\/2"}],"replies":[{"embeddable":true,"href":"https:\/\/www.europesays.com\/fr\/wp-json\/wp\/v2\/comments?post=568658"}],"version-history":[{"count":0,"href":"https:\/\/www.europesays.com\/fr\/wp-json\/wp\/v2\/posts\/568658\/revisions"}],"wp:featuredmedia":[{"embeddable":true,"href":"https:\/\/www.europesays.com\/fr\/wp-json\/wp\/v2\/media\/568659"}],"wp:attachment":[{"href":"https:\/\/www.europesays.com\/fr\/wp-json\/wp\/v2\/media?parent=568658"}],"wp:term":[{"taxonomy":"category","embeddable":true,"href":"https:\/\/www.europesays.com\/fr\/wp-json\/wp\/v2\/categories?post=568658"},{"taxonomy":"post_tag","embeddable":true,"href":"https:\/\/www.europesays.com\/fr\/wp-json\/wp\/v2\/tags?post=568658"}],"curies":[{"name":"wp","href":"https:\/\/api.w.org\/{rel}","templated":true}]}}