{"id":568668,"date":"2025-11-30T10:53:10","date_gmt":"2025-11-30T10:53:10","guid":{"rendered":"https:\/\/www.europesays.com\/fr\/568668\/"},"modified":"2025-11-30T10:53:10","modified_gmt":"2025-11-30T10:53:10","slug":"herouville-encore-bon-pour-les-regrets-a-rouen","status":"publish","type":"post","link":"https:\/\/www.europesays.com\/fr\/568668\/","title":{"rendered":"H\u00e9rouville encore bon pour les regrets \u00e0 Rouen"},"content":{"rendered":"<p>                    Par<br \/>\n        <strong><br \/>\n            <a href=\"https:\/\/actu.fr\/auteur\/aline-chatel\" title=\"Consulter tous les articles de Aline Chatel\" target=\"_blank\" rel=\"noopener\">Aline Chatel<\/a><br \/>\n                    <\/strong><\/p>\n<p>        Publi\u00e9 le<\/p>\n<p>            30 nov. 2025 \u00e0 11h46        <\/p>\n<p>\u00c0 ce niveau-l\u00e0, \u00e7a ne pardonne pas. H\u00e9rouville a pay\u00e9 cher ses erreurs, l\u2019une en particulier, samedi 29 novembre 2025 chez l\u2019\u00e9quipe r\u00e9serve du FC Rouen. \u00ab\u00a0On <b>se tire une balle dans le pied encore une fois<\/b>, peste Benjamin Morel. On rentre mal dans le match, on manque de concentration, on fait une passe en retrait sans voir que l\u2019attaquant \u00e9tait l\u00e0. Il se retrouve seul et il marque.\u00a0\u00bb Apr\u00e8s deux minutes de jeu, <b>H\u00e9rouville \u00e9tait men\u00e9 par le deuxi\u00e8me de R\u00e9gional 1<\/b> en raison d\u2019une grossi\u00e8re erreur individuelle.\u00a0<\/p>\n<blockquote class=\"ac-article-quote wall-content\">\n<p>\u00c7a fait mal parce qu\u2019on avait pr\u00e9vu des choses et tout est remis en cause. On est un peu sonn\u00e9.<\/p>\n<p>Benjamin Morel, entra\u00eeneur du SC H\u00e9rouville<\/p><\/blockquote>\n<p class=\" wall-content\">Les H\u00e9rouvillais ont mis un peu de temps avant de r\u00e9agir. Rouen s\u2019est engouffr\u00e9 dans la faille. \u00ab\u00a0Sur le deuxi\u00e8me but, <b>on manque d\u2019agressivit\u00e9 dans notre surface<\/b>, on ne priorise pas les bonnes choses, l\u2019attaquant se retrouve seul \u00e0 sept, huit m\u00e8tres.\u00a0\u00bb <b>Dix-huit minutes de jeu, 2-0.<\/b> \u00ab\u00a0On se dit que \u00e7a peut \u00eatre long. En plus, on avait des absents, notamment sur la partie d\u00e9fensive. On a d\u00fb composer sans Dramane Sangar\u00e9, sans Arnold Kiniffo, sans Junior Kouassi et sans Florian Esnault.\u00a0\u00bb<\/p>\n<p>Une tr\u00e8s belle r\u00e9action<\/p>\n<p class=\" wall-content\">Il pouvait y avoir de l\u2019inqui\u00e9tude dans les rangs calvadosiens <b>face \u00e0 une formation au gros potentiel offensif<\/b>. Pourtant, \u00ab\u00a0les gar\u00e7ons ont bien r\u00e9agi\u00a0\u00bb, observe Benjamin Morel. Petit \u00e0 petit, H\u00e9rouville est rentr\u00e9 dans son match.<\/p>\n<blockquote class=\"ac-article-quote wall-content\">\n<p>On a commenc\u00e9 \u00e0 gagner des duels et on finit bien la premi\u00e8re mi-temps. On a une occasion sauv\u00e9e sur la ligne par le d\u00e9fenseur, une ou deux situations o\u00f9 on manque de justesse dans le dernier geste.\u00a0<\/p>\n<p>Benjamin Morel, entra\u00eeneur du SC H\u00e9rouville<\/p><\/blockquote>\n<p class=\" wall-content\">Leur <b>forme ascendante<\/b> laissait croire aux H\u00e9rouvillais qu\u2019ils auraient leur chance en deuxi\u00e8me mi-temps. \u00ab\u00a0On a r\u00e9gl\u00e9 certaines choses et on est reparti avec de tr\u00e8s bonnes intentions. <b>On est dominants dans les duels<\/b> et on arrive \u00e0 faire mal \u00e0 Rouen, qui n\u2019a presque plus le ballon.\u00a0\u00bb La r\u00e9compense intervient d\u00e8s la 52\u00e8me minute par Jo\u00ebl Tsogo (2-1).<\/p>\n<p>Mehmet Soytoprak a laiss\u00e9 H\u00e9rouville en vie<\/p>\n<p class=\" wall-content\">\u00ab\u00a0On marque un beau but, <b>on pousse<\/b>, poursuit Benjamin Morel. On a une grosse avec Jo\u00ebl Tsogo, \u00e0 peu pr\u00e8s la m\u00eame que sur le but, mais il ne cadre pas. On aurait pu b\u00e9n\u00e9ficier d\u2019un penalty, eux aussi. Il ne faut pas non plus oublier que <a href=\"https:\/\/actu.fr\/normandie\/herouville-saint-clair_14327\/football-gardien-et-restaurateur-mehmet-soytoprak-jongle-entre-les-grillades-et-les-plongeons_63442274.html\" target=\"_blank\" rel=\"noopener\">Mehmet (Soytoprak)<\/a> a <b>sorti deux, trois parades <\/b>pour rester \u00e0 2-1, parce qu\u2019on a pris quelques transitions en se d\u00e9couvrant.\u00a0\u00bb Le SCH n\u2019est pas parvenu \u00e0 revenir dans la partie.<\/p>\n<p>Votre r\u00e9gion, votre actu !<\/p>\n<p>Recevez chaque jour les infos qui comptent pour vous.<\/p>\n<p>\t<a href=\"https:\/\/actu.fr\/newsletter\" class=\"ac-btn ac-btn--corner ac-btn--medium ac-btn--blue800\" target=\"_blank\" rel=\"noopener\">S&rsquo;incrire<\/a><\/p>\n<blockquote class=\"ac-article-quote wall-content\">\n<p>C\u2019est tr\u00e8s frustrant pour les gars. On a jou\u00e9 les deux premiers \u00e0 la suite. On propose des choses int\u00e9ressantes mais, de par nos erreurs individuelles, on se met une balle dans le pied. On a des trous d\u2019air qui nous p\u00e9nalisent \u00e9norm\u00e9ment.<\/p>\n<p>Benjamin Morel, entra\u00eeneur du SC H\u00e9rouville<\/p><\/blockquote>\n<p class=\" wall-content\">H\u00e9rouville sait pr\u00e9cis\u00e9ment ce qu\u2019il lui faut corriger. \u00ab\u00a0Il faut qu\u2019on <b>fasse moins d\u2019offrandes<\/b>, parce qu\u2019on est sur le bon chemin. Dans l\u2019\u00e9tat d\u2019esprit et les contenus, <b>c\u2019est bon<\/b>. Le fait de dire \u00e7a ne nous fait pas gagner de points.\u00a0\u00bb H\u00e9rouville en a m\u00eame perdu quatre sur tapis vert en d\u00e9but de saison, ce qui le laisse sous la menace de la zone rouge, au huiti\u00e8me rang. \u00ab\u00a0Il nous reste <b>un match important contre Pacy<\/b>.\u00a0\u00bb Il faudra gagner, dimanche 7 d\u00e9cembre 2025 (14h30) pour repartir de l\u2019avant.\u00a0<\/p>\n<p>Laisser la g\u00e9n\u00e9rosit\u00e9 \u00e0 la bonne place<\/p>\n<p class=\" wall-content\">\u00ab\u00a0On va travailler pour \u00eatre <b>moins g\u00e9n\u00e9reux envers\u00a0l\u2019adversaire et \u00eatre plus r\u00e9compens\u00e9s de nos efforts<\/b>, souligne Benjamin Morel. Hormis les vingt premi\u00e8res minutes \u00e0 Rouen, <b>j\u2019ai vu une tr\u00e8s belle \u00e9quipe avec une d\u00e9fense tr\u00e8s remani\u00e9e<\/b>, ce qui prouve aussi qu\u2019on a des ressources. On nous avait promis l\u2019enfer face \u00e0 une belle \u00e9quipe, mais si on ram\u00e8ne un point hier, c\u2019est tout sauf imm\u00e9rit\u00e9.\u00a0\u00bb\u00a0<\/p>\n<p class=\" wall-content\">Personnalisez votre actualit\u00e9 en ajoutant vos villes et m\u00e9dias en favori avec <a href=\"https:\/\/moncompte.actu.fr\" title=\"D\u00e9couvez Mon Actu\" rel=\"nofollow noopener\" data-trk=\"{&quot;cta&quot;:{&quot;action&quot;:&quot;https:\\\/\\\/moncompte.actu.fr&quot;,&quot;category&quot;:&quot;mon compte&quot;,&quot;from&quot;:&quot;article footer&quot;,&quot;name&quot;:&quot;Mon actu&quot;,&quot;type&quot;:&quot;cta&quot;}}\" target=\"_blank\">Mon Actu<\/a>.<\/p>\n","protected":false},"excerpt":{"rendered":"Par Aline Chatel Publi\u00e9 le 30 nov. 2025 \u00e0 11h46 \u00c0 ce niveau-l\u00e0, \u00e7a ne pardonne pas. H\u00e9rouville&hellip;\n","protected":false},"author":2,"featured_media":568669,"comment_status":"","ping_status":"","sticky":false,"template":"","format":"standard","meta":{"footnotes":""},"categories":[9587],"tags":[1111,11,1777,674,25068,63,1011,27,12,5161,50773,25,9590,60],"class_list":{"0":"post-568668","1":"post","2":"type-post","3":"status-publish","4":"format-standard","5":"has-post-thumbnail","7":"category-rouen","8":"tag-actu","9":"tag-actualites","10":"tag-eu","11":"tag-europe","12":"tag-foot-normandie","13":"tag-football","14":"tag-fr","15":"tag-france","16":"tag-news","17":"tag-normandie","18":"tag-regional-1","19":"tag-republique-francaise","20":"tag-rouen","21":"tag-sports"},"share_on_mastodon":{"url":"https:\/\/pubeurope.com\/@fr\/115638278825492908","error":""},"_links":{"self":[{"href":"https:\/\/www.europesays.com\/fr\/wp-json\/wp\/v2\/posts\/568668","targetHints":{"allow":["GET"]}}],"collection":[{"href":"https:\/\/www.europesays.com\/fr\/wp-json\/wp\/v2\/posts"}],"about":[{"href":"https:\/\/www.europesays.com\/fr\/wp-json\/wp\/v2\/types\/post"}],"author":[{"embeddable":true,"href":"https:\/\/www.europesays.com\/fr\/wp-json\/wp\/v2\/users\/2"}],"replies":[{"embeddable":true,"href":"https:\/\/www.europesays.com\/fr\/wp-json\/wp\/v2\/comments?post=568668"}],"version-history":[{"count":0,"href":"https:\/\/www.europesays.com\/fr\/wp-json\/wp\/v2\/posts\/568668\/revisions"}],"wp:featuredmedia":[{"embeddable":true,"href":"https:\/\/www.europesays.com\/fr\/wp-json\/wp\/v2\/media\/568669"}],"wp:attachment":[{"href":"https:\/\/www.europesays.com\/fr\/wp-json\/wp\/v2\/media?parent=568668"}],"wp:term":[{"taxonomy":"category","embeddable":true,"href":"https:\/\/www.europesays.com\/fr\/wp-json\/wp\/v2\/categories?post=568668"},{"taxonomy":"post_tag","embeddable":true,"href":"https:\/\/www.europesays.com\/fr\/wp-json\/wp\/v2\/tags?post=568668"}],"curies":[{"name":"wp","href":"https:\/\/api.w.org\/{rel}","templated":true}]}}