{"id":568676,"date":"2025-11-30T10:57:14","date_gmt":"2025-11-30T10:57:14","guid":{"rendered":"https:\/\/www.europesays.com\/fr\/568676\/"},"modified":"2025-11-30T10:57:14","modified_gmt":"2025-11-30T10:57:14","slug":"trois-fetards-et-un-gendarme-blesses-lors-dune-free-party","status":"publish","type":"post","link":"https:\/\/www.europesays.com\/fr\/568676\/","title":{"rendered":"trois f\u00eatards et un gendarme bless\u00e9s lors d&rsquo;une free party"},"content":{"rendered":"<p>\n    Plus de 500 personnes s\u2019\u00e9taient rassembl\u00e9es dans un hangar vide d\u2019une soci\u00e9t\u00e9 de transport et ont repouss\u00e9 les gendarmes et les CRS d\u00e9ploy\u00e9s sur place avec des mortiers et des barres de fer.<\/p>\n<p class=\"fig-paragraph\">Trois f\u00eatards et un gendarme ont \u00e9t\u00e9 bless\u00e9s lors d&rsquo;une intervention visant \u00e0 d\u00e9loger une free party install\u00e9e t\u00f4t dimanche dans un hangar \u00e0 Corps-Nuds, pr\u00e8s de\u00a0<a href=\"https:\/\/video.lefigaro.fr\/figaro\/faits-divers\/le-detenu-qui-s-etait-evade-lors-d-une-sortie-avec-la-prison-de-rennes-a-ete-retrouve-a-nantes-20251127\" target=\"_blank\" data-fig-type=\"Video\" rel=\"noopener\" data-gtm-custom-categorie=\"navigation\" data-gtm-custom-action=\"crossclick\" data-gtm-custom-label=\"Contextuel\" data-gtm-event=\"customEventSPE\" data-fig-domain=\"LEFIGARO\">Rennes<\/a>, a-t-on appris de la pr\u00e9fecture d&rsquo;Ille-et-Vilaine.<\/p>\n<p class=\"fig-paragraph\">Plus de 500 personnes sont rassembl\u00e9es dans le hangar vide d&rsquo;une soci\u00e9t\u00e9 de transport depuis 2 heures du matin selon cette m\u00eame source, confirmant une information Ouest-France.<\/p>\n<p>                                            <a class=\"fig-a11y-skip\" href=\"#fig-a11y-skip-main-inarticle\" data-module=\"a11y-skip\" data-context=\"was @visible\"><br \/>\n    Passer la publicit\u00e9<br \/>\n<\/a>            <\/p>\n<p>                                            \u00abTrouble de la vision\u00bb<\/p>\n<p class=\"fig-paragraph\">Elles sont parvenues \u00e0 repousser une tentative des gendarmes et CRS d\u00e9ploy\u00e9s durant la nuit de mettre fin \u00e0 l&rsquo;\u00e9v\u00e8nement en utilisant des mortiers et des barres de fer d&rsquo;apr\u00e8s la pr\u00e9fecture.<\/p>\n<p class=\"fig-paragraph\">L&rsquo;un des gendarmes souffre d&rsquo;un \u00abtrouble de la vision\u00bb suite \u00e0 un tir de mortier a indiqu\u00e9 cette source.<\/p>\n<p class=\"fig-paragraph\">Trois f\u00eatards ont \u00e9galement subi des blessures dont on ne connaissait pas la gravit\u00e9 en fin de matin\u00e9e, et ont \u00e9t\u00e9 transport\u00e9s par les pompiers au CHU de Rennes.<\/p>\n","protected":false},"excerpt":{"rendered":"Plus de 500 personnes s\u2019\u00e9taient rassembl\u00e9es dans un hangar vide d\u2019une soci\u00e9t\u00e9 de transport et ont repouss\u00e9 les&hellip;\n","protected":false},"author":2,"featured_media":568677,"comment_status":"","ping_status":"","sticky":false,"template":"","format":"standard","meta":{"footnotes":""},"categories":[2821],"tags":[1111,11,829,1777,674,1011,27,12,7746,584,25],"class_list":{"0":"post-568676","1":"post","2":"type-post","3":"status-publish","4":"format-standard","5":"has-post-thumbnail","7":"category-rennes","8":"tag-actu","9":"tag-actualites","10":"tag-bretagne","11":"tag-eu","12":"tag-europe","13":"tag-fr","14":"tag-france","15":"tag-news","16":"tag-rave-party","17":"tag-rennes","18":"tag-republique-francaise"},"share_on_mastodon":{"url":"","error":""},"_links":{"self":[{"href":"https:\/\/www.europesays.com\/fr\/wp-json\/wp\/v2\/posts\/568676","targetHints":{"allow":["GET"]}}],"collection":[{"href":"https:\/\/www.europesays.com\/fr\/wp-json\/wp\/v2\/posts"}],"about":[{"href":"https:\/\/www.europesays.com\/fr\/wp-json\/wp\/v2\/types\/post"}],"author":[{"embeddable":true,"href":"https:\/\/www.europesays.com\/fr\/wp-json\/wp\/v2\/users\/2"}],"replies":[{"embeddable":true,"href":"https:\/\/www.europesays.com\/fr\/wp-json\/wp\/v2\/comments?post=568676"}],"version-history":[{"count":0,"href":"https:\/\/www.europesays.com\/fr\/wp-json\/wp\/v2\/posts\/568676\/revisions"}],"wp:featuredmedia":[{"embeddable":true,"href":"https:\/\/www.europesays.com\/fr\/wp-json\/wp\/v2\/media\/568677"}],"wp:attachment":[{"href":"https:\/\/www.europesays.com\/fr\/wp-json\/wp\/v2\/media?parent=568676"}],"wp:term":[{"taxonomy":"category","embeddable":true,"href":"https:\/\/www.europesays.com\/fr\/wp-json\/wp\/v2\/categories?post=568676"},{"taxonomy":"post_tag","embeddable":true,"href":"https:\/\/www.europesays.com\/fr\/wp-json\/wp\/v2\/tags?post=568676"}],"curies":[{"name":"wp","href":"https:\/\/api.w.org\/{rel}","templated":true}]}}