{"id":568688,"date":"2025-11-30T11:03:36","date_gmt":"2025-11-30T11:03:36","guid":{"rendered":"https:\/\/www.europesays.com\/fr\/568688\/"},"modified":"2025-11-30T11:03:36","modified_gmt":"2025-11-30T11:03:36","slug":"nantes-et-metz-visent-un-international-malien","status":"publish","type":"post","link":"https:\/\/www.europesays.com\/fr\/568688\/","title":{"rendered":"Nantes et Metz visent un international malien"},"content":{"rendered":"<p><strong>Un duel se dessine entre le FC Nantes et le FC Metz concernant le recrutement d\u2019un international malien.<\/strong><\/p>\n<p>Lors du prochain mercato d\u2019hiver, on pourrait assister \u00e0 un duel entre le <strong><a href=\"https:\/\/www.les-transferts.com\/club\/nantes\/actualite\/\" target=\"_blank\" rel=\"noopener\">FC Nantes<\/a><\/strong> et le<strong><a href=\"https:\/\/www.les-transferts.com\/club\/metz\/actualite\/\" target=\"_blank\" rel=\"noopener\"> FC Metz<\/a><\/strong> concernant la venue d\u2019un joueur. Selon les informations r\u00e9v\u00e9l\u00e9es par le m\u00e9dia Africa Foot, les deux pensionnaires de Ligue 1 se disputeraient <strong>Ibrahima Ciss\u00e9.<\/strong><\/p>\n<p>D\u00e9fenseur central de 24 ans, ce dernier appartient actuellement \u00e0 <strong>Schalke 04<\/strong>. Li\u00e9 jusqu\u2019en juin prochain, l\u2019international malien (2 s\u00e9lections) vient de refuser une prolongation. Ainsi, les dirigeants allemands auraient d\u00e9cid\u00e9 de vendre le natif de dreux lors du mercato hivernal.<\/p>\n<p>Valoris\u00e9 \u00e0 350.000 euros, il n\u2019a pas encore \u00e9t\u00e9 utilis\u00e9 cette saison par son entra\u00eeneur. Le <strong>Stade Reims, Zulte Waregem, Standard Li\u00e8ge, Cercle Bruges<\/strong> et <strong>Bristol City<\/strong> suivraient \u00e9galement ce dossier de pr\u00e8s.<\/p>\n<p>Diego Maradona, Pablo Aimar, Javier Pastore, Lionel Messi, Juan Roman Riquelme, que des num\u00e9ros 10 dans ma team.<\/p>\n","protected":false},"excerpt":{"rendered":"Un duel se dessine entre le FC Nantes et le FC Metz concernant le recrutement d\u2019un international malien.&hellip;\n","protected":false},"author":2,"featured_media":568689,"comment_status":"","ping_status":"","sticky":false,"template":"","format":"standard","meta":{"footnotes":""},"categories":[2818],"tags":[1111,11,1777,674,1011,27,766,12,2636,25],"class_list":{"0":"post-568688","1":"post","2":"type-post","3":"status-publish","4":"format-standard","5":"has-post-thumbnail","7":"category-nantes","8":"tag-actu","9":"tag-actualites","10":"tag-eu","11":"tag-europe","12":"tag-fr","13":"tag-france","14":"tag-nantes","15":"tag-news","16":"tag-pays-de-la-loire","17":"tag-republique-francaise"},"share_on_mastodon":{"url":"https:\/\/pubeurope.com\/@fr\/115638318143722828","error":""},"_links":{"self":[{"href":"https:\/\/www.europesays.com\/fr\/wp-json\/wp\/v2\/posts\/568688","targetHints":{"allow":["GET"]}}],"collection":[{"href":"https:\/\/www.europesays.com\/fr\/wp-json\/wp\/v2\/posts"}],"about":[{"href":"https:\/\/www.europesays.com\/fr\/wp-json\/wp\/v2\/types\/post"}],"author":[{"embeddable":true,"href":"https:\/\/www.europesays.com\/fr\/wp-json\/wp\/v2\/users\/2"}],"replies":[{"embeddable":true,"href":"https:\/\/www.europesays.com\/fr\/wp-json\/wp\/v2\/comments?post=568688"}],"version-history":[{"count":0,"href":"https:\/\/www.europesays.com\/fr\/wp-json\/wp\/v2\/posts\/568688\/revisions"}],"wp:featuredmedia":[{"embeddable":true,"href":"https:\/\/www.europesays.com\/fr\/wp-json\/wp\/v2\/media\/568689"}],"wp:attachment":[{"href":"https:\/\/www.europesays.com\/fr\/wp-json\/wp\/v2\/media?parent=568688"}],"wp:term":[{"taxonomy":"category","embeddable":true,"href":"https:\/\/www.europesays.com\/fr\/wp-json\/wp\/v2\/categories?post=568688"},{"taxonomy":"post_tag","embeddable":true,"href":"https:\/\/www.europesays.com\/fr\/wp-json\/wp\/v2\/tags?post=568688"}],"curies":[{"name":"wp","href":"https:\/\/api.w.org\/{rel}","templated":true}]}}