{"id":568690,"date":"2025-11-30T11:04:11","date_gmt":"2025-11-30T11:04:11","guid":{"rendered":"https:\/\/www.europesays.com\/fr\/568690\/"},"modified":"2025-11-30T11:04:11","modified_gmt":"2025-11-30T11:04:11","slug":"a-villenave-dornon-et-gradignan-trois-jours-pour-se-preparer-a-lentretien-dembauche","status":"publish","type":"post","link":"https:\/\/www.europesays.com\/fr\/568690\/","title":{"rendered":"\u00e0 Villenave-d\u2019Ornon et Gradignan, trois jours pour se pr\u00e9parer \u00e0 l\u2019entretien d\u2019embauche"},"content":{"rendered":"<p>La premi\u00e8re journ\u00e9e, organis\u00e9e dans la salle Guy-Dussumier-Latour-de-Villenave, sera consacr\u00e9e \u00e0 la posture, au langage non verbal et \u00e0 la tenue \u00e0 adopter lors d\u2019un entretien, avec des mises en situation. Le 3\u00a0d\u00e9cembre, \u00e0 la salle de l\u2019Ermitage \u00e0 Gradignan, les participants se pr\u00e9pareront aux questions sensibles. Le matin du 5\u00a0d\u00e9cembre, \u00e0 la salle Jacques-Brel de Villenave-d\u2019Ornon, ils r\u00e9aliseront des simulations d\u2019entretien, en lien avec leur parcours, pour recevoir le retour de sp\u00e9cialistes.<\/p>\n","protected":false},"excerpt":{"rendered":"La premi\u00e8re journ\u00e9e, organis\u00e9e dans la salle Guy-Dussumier-Latour-de-Villenave, sera consacr\u00e9e \u00e0 la posture, au langage non verbal et&hellip;\n","protected":false},"author":2,"featured_media":568691,"comment_status":"","ping_status":"","sticky":false,"template":"","format":"standard","meta":{"footnotes":""},"categories":[2817],"tags":[1111,11,1997,1777,674,1011,27,12,2219,25],"class_list":{"0":"post-568690","1":"post","2":"type-post","3":"status-publish","4":"format-standard","5":"has-post-thumbnail","7":"category-bordeaux","8":"tag-actu","9":"tag-actualites","10":"tag-bordeaux","11":"tag-eu","12":"tag-europe","13":"tag-fr","14":"tag-france","15":"tag-news","16":"tag-nouvelle-aquitaine","17":"tag-republique-francaise"},"share_on_mastodon":{"url":"https:\/\/pubeurope.com\/@fr\/115638322183386439","error":""},"_links":{"self":[{"href":"https:\/\/www.europesays.com\/fr\/wp-json\/wp\/v2\/posts\/568690","targetHints":{"allow":["GET"]}}],"collection":[{"href":"https:\/\/www.europesays.com\/fr\/wp-json\/wp\/v2\/posts"}],"about":[{"href":"https:\/\/www.europesays.com\/fr\/wp-json\/wp\/v2\/types\/post"}],"author":[{"embeddable":true,"href":"https:\/\/www.europesays.com\/fr\/wp-json\/wp\/v2\/users\/2"}],"replies":[{"embeddable":true,"href":"https:\/\/www.europesays.com\/fr\/wp-json\/wp\/v2\/comments?post=568690"}],"version-history":[{"count":0,"href":"https:\/\/www.europesays.com\/fr\/wp-json\/wp\/v2\/posts\/568690\/revisions"}],"wp:featuredmedia":[{"embeddable":true,"href":"https:\/\/www.europesays.com\/fr\/wp-json\/wp\/v2\/media\/568691"}],"wp:attachment":[{"href":"https:\/\/www.europesays.com\/fr\/wp-json\/wp\/v2\/media?parent=568690"}],"wp:term":[{"taxonomy":"category","embeddable":true,"href":"https:\/\/www.europesays.com\/fr\/wp-json\/wp\/v2\/categories?post=568690"},{"taxonomy":"post_tag","embeddable":true,"href":"https:\/\/www.europesays.com\/fr\/wp-json\/wp\/v2\/tags?post=568690"}],"curies":[{"name":"wp","href":"https:\/\/api.w.org\/{rel}","templated":true}]}}