{"id":568696,"date":"2025-11-30T11:07:13","date_gmt":"2025-11-30T11:07:13","guid":{"rendered":"https:\/\/www.europesays.com\/fr\/568696\/"},"modified":"2025-11-30T11:07:13","modified_gmt":"2025-11-30T11:07:13","slug":"le-message-enigmatique-de-benatia-apres-le-match-nul-contre-toulouse","status":"publish","type":"post","link":"https:\/\/www.europesays.com\/fr\/568696\/","title":{"rendered":"Le message \u00e9nigmatique de Benatia apr\u00e8s le match nul contre Toulouse"},"content":{"rendered":"<p>\n    Le directeur du football de l\u2019OM, m\u00e9content d\u2019une d\u00e9cision arbitrale samedi soir contre Toulouse (2-2), a post\u00e9 un message sur les r\u00e9seaux sociaux.<\/p>\n<p class=\"fig-paragraph\">L\u2019OM se plaint de l\u2019arbitrage cette saison, en Ligue 1 comme en championnat, et cela ne devrait pas changer tout de suite. Samedi soir, Mehdi Benatia s\u2019est fendu d\u2019un message qui remet en cause l\u2019arbitrage apr\u00e8s le match nul\u00a0<a href=\"http:\/\/www.lefigaro.fr\/sports\/football\/ligue-1\/ligue-1-accroche-par-toulouse-l-om-loupe-l-occasion-de-retrouver-le-fauteuil-de-leader-20251129\" data-fig-type=\"NewsFlash\" data-gtm-custom-categorie=\"navigation\" data-gtm-custom-action=\"crossclick\" data-gtm-custom-label=\"Contextuel\" data-gtm-event=\"customEventSPE\" data-fig-domain=\"LEFIGARO\" target=\"_blank\" rel=\"noopener\">contre Toulouse (2-2)<\/a>, lors de la 14e journ\u00e9e de Ligue 1. Le directeur du football du club phoc\u00e9en a post\u00e9 un clich\u00e9, sans aucun commentaire ou message, o\u00f9 l\u2019on voit Igor Paixao \u00eatre pouss\u00e9 par le Toulousain Aron D\u00f6nnum dans la surface de r\u00e9paration \u00e0 la 88e minute de jeu.<\/p>\n<p class=\"fig-paragraph\">Le Br\u00e9silien avait r\u00e9clam\u00e9 un penalty, en vain, alors que le score \u00e9tait de 2-1 en faveur des Marseillais. Quelques minutes plus tard, le TFC a \u00e9galis\u00e9 et emp\u00each\u00e9<a href=\"https:\/\/www.lefigaro.fr\/sports\/football\/ligue-1\/classement\" target=\"_blank\" rel=\"nofollow noopener\" data-gtm-custom-categorie=\"navigation\" data-gtm-custom-action=\"crossclick\" data-gtm-custom-label=\"Contextuel\" data-gtm-event=\"customEventSPE\">\u00a0l\u2019OM de reprendre la t\u00eate du championnat<\/a>.<\/p>\n<p class=\"fig-body-link\">\n            \u00c0 lire aussi<br \/>\n        <a class=\"fig-body-link__link fig-premium-mark\" href=\"http:\/\/www.lefigaro.fr\/sports\/football\/ligue-1\/jean-claude-darmon-avant-que-j-existe-la-france-n-avait-rien-gagne-dans-le-football-20251128\" data-fig-type=\"NewsFlash\" data-gtm-custom-categorie=\"navigation\" data-gtm-custom-action=\"crossclick\" data-gtm-custom-label=\"Contextuel\" data-gtm-event=\"customEventSPE\" data-fig-domain=\"LEFIGARO\" target=\"_blank\" rel=\"noopener\"><\/p>\n<p>        Crise des droits TV, Tapie et la corruption \u00e0 l\u2019OM, haine de Platini\u00a0: Jean-Claude Darmon, ex-argentier du foot fran\u00e7ais, se livre au Figaro<br \/>\n    <\/a>\n<\/p>\n<p>                                            <a class=\"fig-a11y-skip\" href=\"#fig-a11y-skip-main-inarticle\" data-module=\"a11y-skip\" data-context=\"was @visible\"><br \/>\n    Passer la publicit\u00e9<br \/>\n<\/a>            <\/p>\n<p class=\"fig-paragraph\">L\u2019arbitre de la rencontre, Monsieur Wattellier, a estim\u00e9 qu\u2019il n\u2019y avait pas faute et a laiss\u00e9 l\u2019action se d\u00e9rouler. Ce qui n\u2019est pas l\u2019avis de Benatia, suspendu il y a un an pour six rencontres, dont trois ferme, apr\u00e8s ses critiques envers le corps arbitral lors de OL-OM.<\/p>\n","protected":false},"excerpt":{"rendered":"Le directeur du football de l\u2019OM, m\u00e9content d\u2019une d\u00e9cision arbitrale samedi soir contre Toulouse (2-2), a post\u00e9 un&hellip;\n","protected":false},"author":2,"featured_media":568697,"comment_status":"","ping_status":"","sticky":false,"template":"","format":"standard","meta":{"footnotes":""},"categories":[2816],"tags":[1111,11,1777,674,1011,27,66,12,2680,149,25,2312],"class_list":{"0":"post-568696","1":"post","2":"type-post","3":"status-publish","4":"format-standard","5":"has-post-thumbnail","7":"category-toulouse","8":"tag-actu","9":"tag-actualites","10":"tag-eu","11":"tag-europe","12":"tag-fr","13":"tag-france","14":"tag-ligue-1","15":"tag-news","16":"tag-occitanie","17":"tag-om","18":"tag-republique-francaise","19":"tag-toulouse"},"share_on_mastodon":{"url":"https:\/\/pubeurope.com\/@fr\/115638333772185098","error":""},"_links":{"self":[{"href":"https:\/\/www.europesays.com\/fr\/wp-json\/wp\/v2\/posts\/568696","targetHints":{"allow":["GET"]}}],"collection":[{"href":"https:\/\/www.europesays.com\/fr\/wp-json\/wp\/v2\/posts"}],"about":[{"href":"https:\/\/www.europesays.com\/fr\/wp-json\/wp\/v2\/types\/post"}],"author":[{"embeddable":true,"href":"https:\/\/www.europesays.com\/fr\/wp-json\/wp\/v2\/users\/2"}],"replies":[{"embeddable":true,"href":"https:\/\/www.europesays.com\/fr\/wp-json\/wp\/v2\/comments?post=568696"}],"version-history":[{"count":0,"href":"https:\/\/www.europesays.com\/fr\/wp-json\/wp\/v2\/posts\/568696\/revisions"}],"wp:featuredmedia":[{"embeddable":true,"href":"https:\/\/www.europesays.com\/fr\/wp-json\/wp\/v2\/media\/568697"}],"wp:attachment":[{"href":"https:\/\/www.europesays.com\/fr\/wp-json\/wp\/v2\/media?parent=568696"}],"wp:term":[{"taxonomy":"category","embeddable":true,"href":"https:\/\/www.europesays.com\/fr\/wp-json\/wp\/v2\/categories?post=568696"},{"taxonomy":"post_tag","embeddable":true,"href":"https:\/\/www.europesays.com\/fr\/wp-json\/wp\/v2\/tags?post=568696"}],"curies":[{"name":"wp","href":"https:\/\/api.w.org\/{rel}","templated":true}]}}