{"id":568700,"date":"2025-11-30T11:10:21","date_gmt":"2025-11-30T11:10:21","guid":{"rendered":"https:\/\/www.europesays.com\/fr\/568700\/"},"modified":"2025-11-30T11:10:21","modified_gmt":"2025-11-30T11:10:21","slug":"des-eleves-et-des-seniors-creent-une-bande-dessinee-a-partir-de-leurs-histoires-denfance","status":"publish","type":"post","link":"https:\/\/www.europesays.com\/fr\/568700\/","title":{"rendered":"des \u00e9l\u00e8ves et des seniors cr\u00e9ent une bande dessin\u00e9e \u00e0 partir de leurs histoires d&rsquo;enfance"},"content":{"rendered":"<p>Alain, 72\u00a0ans, n\u2019a jamais entendu parler du manga One Piece, mais il \u00e9tait lui aussi \u00e9l\u00e8ve \u00e0 l\u2019\u00e9cole primaire Arenc Bachas (15e) en\u00a01963, \u00ab\u00a0sous la pr\u00e9sidence de De Gaulle\u00a0\u00bb. Membre de la chorale en son temps comme Malak, 8\u00a0ans, m\u00eame s\u2019il ne conna\u00eet pas par c\u0153ur les chansons de Pierre Garnier \u00e0 l\u2019image de la petite fille, \u00ab\u00a0revenir dans cette \u00e9cole lui rappelle des souvenirs\u00a0\u00bb.<\/p>\n<p>En ce 27\u00a0novembre\u00a02025, l\u2019objectif est simple\u00a0: <a href=\"https:\/\/www.laprovence.com\/article\/papier\/4198337\/le-centre-aere-sinvite-a-la-maison-de-retraite.html\" target=\"_blank\" rel=\"noopener\">faire se rencontrer des seniors et de jeunes enfants<\/a>, du CE2 au CM2. Tisser du lien pour ensuite cr\u00e9er une bande dessin\u00e9e \u00e0 partir des anecdotes d\u2019enfance des a\u00een\u00e9s. Autour d\u2019un d\u00e9jeuner et d\u2019un atelier o\u00f9 les plus jeunes interrogent les anciens sur leurs souvenirs de Marseille \u00e0 10\u00a0ans, les carapaces tombent et chacun se raconte.<\/p>\n<p>Anecdotes d\u2019enfance<\/p>\n<p>\u00ab\u00a0Notre plage pr\u00e9f\u00e9r\u00e9e\u00a0? Les Catalans, r\u00e9pondent en ch\u0153ur Alain et Aline, 74\u00a0ans, ancienne de la Marine Nationale. On y descendait en cachette \u00e0 la corde, car l\u2019acc\u00e8s \u00e9tait payant \u00e0 l\u2019\u00e9poque\u00a0\u00bb, se marre le septuag\u00e9naire, engonc\u00e9 dans sa polaire rouge.<\/p>\n<p><img alt=\"Riad, Aline et un autre \u00e9l\u00e8ve de l\u2019\u00e9cole Arenc Bachas (15e) durant le d\u00e9jeuner partag\u00e9.\" loading=\"lazy\" decoding=\"async\" data-nimg=\"fill\" class=\" TwicCore_img__i9TC1 undefined  undefined\" style=\"position:absolute;height:100%;width:100%;left:0;top:0;right:0;bottom:0;color:transparent;background-size:cover;background-position:50% 50%;background-repeat:no-repeat;background-image:url(&quot;data:image\/svg+xml;charset=utf-8,%3Csvg xmlns='http:\/\/www.w3.org\/2000\/svg' %3E%3Cfilter id='b' color-interpolation-filters='sRGB'%3E%3CfeGaussianBlur stdDeviation='20'\/%3E%3CfeColorMatrix values='1 0 0 0 0 0 1 0 0 0 0 0 1 0 0 0 0 0 100 -1' result='s'\/%3E%3CfeFlood x='0' y='0' width='100%25' height='100%25'\/%3E%3CfeComposite operator='out' in='s'\/%3E%3CfeComposite in2='SourceGraphic'\/%3E%3CfeGaussianBlur stdDeviation='20'\/%3E%3C\/filter%3E%3Cimage width='100%25' height='100%25' x='0' y='0' preserveAspectRatio='none' style='filter: url(%23b);' href='https:\/\/pictures.laprovence.com\/cdn-cgi\/image\/blur=250\/media\/melody\/2025\/11\/30\/riad-aline-et-un-autre-eleve-de-l-ecole-arenc-bachas-15e-durant-le-dejeuner-partage-1764493437_687816e778296cc7816e77829f0881v_.jpg'\/%3E%3C\/svg%3E&quot;)\"   src=\"https:\/\/www.europesays.com\/fr\/wp-content\/uploads\/2025\/11\/riad-aline-et-un-autre-eleve-de-l-ecole-arenc-bachas-15e-durant-le-dejeuner-partage-1764493437_68781.jpeg\"\/>Riad, Aline et un autre \u00e9l\u00e8ve de l\u2019\u00e9cole Arenc Bachas (15e) durant le d\u00e9jeuner partag\u00e9. \/ Photo Anouk Besnier<\/p>\n<p>Sous le regard \u00e9bahi des plus jeunes, assis en bout de table, Henri, sous ses airs de gros dur, revient sur ses regrets de vie\u00a0: \u00ab\u00a0Pour faire plaisir \u00e0 mes parents, j\u2019ai suivi un cursus de proth\u00e9siste dentaire, avec succ\u00e8s. Mais \u00e0 la fin, j\u2019ai tout arr\u00eat\u00e9 pour me lancer dans la maroquinerie, ma vraie passion.\u00a0\u00bb\u00a0Friands des histoires du quartier de Bougainville, les petits cherchent en eux des exemples et des conseils de grands.<\/p>\n<p>L\u2019OM, facteur commun<\/p>\n<p>Malgr\u00e9 les disparit\u00e9s li\u00e9es \u00e0 l\u2019\u00e2ge, c\u2019est l\u2019OM qui rassemble. Aline, parisienne d\u2019origine, est tomb\u00e9e amoureuse de Marseille gr\u00e2ce \u00e0 un match en\u00a01992 et \u00ab\u00a0n\u2019est jamais repartie\u00a0\u00bb. Une ferveur qu\u2019elle partage avec Riad, 9\u00a0ans, passionn\u00e9 de dessin et de foot, et qui leur permet de se comprendre. Timide au premier abord, le fan de One Piece s\u2019est attach\u00e9 \u00e0 l\u2019ex conductrice de navire militaire et grand-m\u00e8re de substitution, comme en t\u00e9moignent les trois dessins qu\u2019il lui a offerts.<\/p>\n<p><img alt=\"Dessin de Riad, 9 ans.\" loading=\"lazy\" decoding=\"async\" data-nimg=\"fill\" class=\" TwicCore_img__i9TC1 undefined  undefined\" style=\"position:absolute;height:100%;width:100%;left:0;top:0;right:0;bottom:0;color:transparent;background-size:cover;background-position:50% 50%;background-repeat:no-repeat;background-image:url(&quot;data:image\/svg+xml;charset=utf-8,%3Csvg xmlns='http:\/\/www.w3.org\/2000\/svg' %3E%3Cfilter id='b' color-interpolation-filters='sRGB'%3E%3CfeGaussianBlur stdDeviation='20'\/%3E%3CfeColorMatrix values='1 0 0 0 0 0 1 0 0 0 0 0 1 0 0 0 0 0 100 -1' result='s'\/%3E%3CfeFlood x='0' y='0' width='100%25' height='100%25'\/%3E%3CfeComposite operator='out' in='s'\/%3E%3CfeComposite in2='SourceGraphic'\/%3E%3CfeGaussianBlur stdDeviation='20'\/%3E%3C\/filter%3E%3Cimage width='100%25' height='100%25' x='0' y='0' preserveAspectRatio='none' style='filter: url(%23b);' href='https:\/\/pictures.laprovence.com\/cdn-cgi\/image\/blur=250\/media\/melody\/2025\/11\/30\/dessin-de-riad-9-ans-1764493437_355eacb778296795eacb778296d5eav_.jpg'\/%3E%3C\/svg%3E&quot;)\"   src=\"https:\/\/www.europesays.com\/fr\/wp-content\/uploads\/2025\/11\/dessin-de-riad-9-ans-1764493437_355eacb778296795eacb778296d5eav_.jpg\"\/>Dessin de Riad, 9 ans. \/ Photo Anouk Besnier<\/p>\n<p>Durant ce temps d\u2019\u00e9change, organis\u00e9 par l\u2019association La fabrique du Nous, le Centre communal d\u2019action sociale (CCAS) et les animatrices p\u00e9riscolaires Ambrine et Samire, les histoires des anciens m\u00e9dusent les plus jeunes, laissant pr\u00e9sager une bande dessin\u00e9e haute en couleur. La jeunesse d\u2019hier et d\u2019aujourd\u2019hui partage encore plusieurs centres d\u00a0\u00bbint\u00e9r\u00eats bien marseillais.<\/p>\n","protected":false},"excerpt":{"rendered":"Alain, 72\u00a0ans, n\u2019a jamais entendu parler du manga One Piece, mais il \u00e9tait lui aussi \u00e9l\u00e8ve \u00e0 l\u2019\u00e9cole&hellip;\n","protected":false},"author":2,"featured_media":568701,"comment_status":"","ping_status":"","sticky":false,"template":"","format":"standard","meta":{"footnotes":""},"categories":[2814],"tags":[17,1111,11,48966,154,1121,1777,674,1011,27,884,12,882,16,25,3552,96],"class_list":{"0":"post-568700","1":"post","2":"type-post","3":"status-publish","4":"format-standard","5":"has-post-thumbnail","7":"category-marseille","8":"tag-17","9":"tag-actu","10":"tag-actualites","11":"tag-creent","12":"tag-des","13":"tag-eleves","14":"tag-eu","15":"tag-europe","16":"tag-fr","17":"tag-france","18":"tag-marseille","19":"tag-news","20":"tag-provence-alpes-cote-dazur","21":"tag-region","22":"tag-republique-francaise","23":"tag-seniors","24":"tag-une"},"share_on_mastodon":{"url":"https:\/\/pubeurope.com\/@fr\/115638347259447838","error":""},"_links":{"self":[{"href":"https:\/\/www.europesays.com\/fr\/wp-json\/wp\/v2\/posts\/568700","targetHints":{"allow":["GET"]}}],"collection":[{"href":"https:\/\/www.europesays.com\/fr\/wp-json\/wp\/v2\/posts"}],"about":[{"href":"https:\/\/www.europesays.com\/fr\/wp-json\/wp\/v2\/types\/post"}],"author":[{"embeddable":true,"href":"https:\/\/www.europesays.com\/fr\/wp-json\/wp\/v2\/users\/2"}],"replies":[{"embeddable":true,"href":"https:\/\/www.europesays.com\/fr\/wp-json\/wp\/v2\/comments?post=568700"}],"version-history":[{"count":0,"href":"https:\/\/www.europesays.com\/fr\/wp-json\/wp\/v2\/posts\/568700\/revisions"}],"wp:featuredmedia":[{"embeddable":true,"href":"https:\/\/www.europesays.com\/fr\/wp-json\/wp\/v2\/media\/568701"}],"wp:attachment":[{"href":"https:\/\/www.europesays.com\/fr\/wp-json\/wp\/v2\/media?parent=568700"}],"wp:term":[{"taxonomy":"category","embeddable":true,"href":"https:\/\/www.europesays.com\/fr\/wp-json\/wp\/v2\/categories?post=568700"},{"taxonomy":"post_tag","embeddable":true,"href":"https:\/\/www.europesays.com\/fr\/wp-json\/wp\/v2\/tags?post=568700"}],"curies":[{"name":"wp","href":"https:\/\/api.w.org\/{rel}","templated":true}]}}