{"id":568704,"date":"2025-11-30T11:12:18","date_gmt":"2025-11-30T11:12:18","guid":{"rendered":"https:\/\/www.europesays.com\/fr\/568704\/"},"modified":"2025-11-30T11:12:18","modified_gmt":"2025-11-30T11:12:18","slug":"qui-est-laurent-moussiere-accuse-de-faits-pedocriminels-en-serie","status":"publish","type":"post","link":"https:\/\/www.europesays.com\/fr\/568704\/","title":{"rendered":"qui est Laurent Moussi\u00e8re, accus\u00e9 de faits p\u00e9docriminels en s\u00e9rie"},"content":{"rendered":"<p>\u00ab\u00a0Vous me traitez de p\u00e9dophile\u00a0!\u00a0\u00bb Laurent Moussi\u00e8re s\u2019\u00e9tait agac\u00e9 contre un avocat des parties civiles, lors d\u2019un pr\u00e9c\u00e9dent proc\u00e8s. C\u2019\u00e9tait au tribunal correctionnel de Lyon, d\u00e9but 2023, o\u00f9 il avait \u00e9cop\u00e9 <a href=\"https:\/\/www.leprogres.fr\/faits-divers-justice\/2023\/04\/03\/il-trouvait-ses-victimes-sur-les-reseaux-sociaux-un-an-de-prison-ferme-pour-corruption-de-mineur\" target=\"_blank\" rel=\"noopener\">d\u2019un an de prison<\/a> , pour corruption de mineurs. \u00ab\u00a0L\u2019avocat me range dans une case\u00a0\u00bb, avait-il d\u00e9plor\u00e9, niant la \u00ab\u00a0p\u00e9dophilie structur\u00e9e\u00a0\u00bb d\u00e9crite par un expert psychiatre.<\/p>\n<p>Ce jour-l\u00e0, cet homme d\u00e9garni et enrob\u00e9 avait reconnu des \u00ab\u00a0d\u00e9viances\u00a0\u00bb, \u00ab\u00a0une attitude compl\u00e8tement d\u00e9plac\u00e9e\u00a0\u00bb, alors que les enqu\u00eateurs avaient identifi\u00e9 sept gar\u00e7ons, avec qui il s\u2019\u00e9tait masturb\u00e9 par cam\u00e9ras interpos\u00e9es entre\u00a02005 et\u00a02013. Les victimes \u00e9taient \u00e2g\u00e9es de 12 \u00e0 15 ans. Les faits \u00e9taient prescrits pour six plaignants.<\/p>\n<p>Cette affaire dans l\u2019affaire, mise au jour au cours de la tentaculaire information judiciaire conduite \u00e0 Lyon <a href=\"https:\/\/www.leprogres.fr\/faits-divers-justice\/2024\/08\/12\/un-lyonnais-bientot-juge-pour-des-actes-pedocriminels-en-serie-commis-sur-trois-decennies\" target=\"_blank\" rel=\"noopener\">entre les \u00e9t\u00e9s\u00a02019 et\u00a02024<\/a> , \u00e9tait un pr\u00e9lude au proc\u00e8s devant la cour criminelle du Rh\u00f4ne (Lyon 5e ), audienc\u00e9 du 1er \u00a0au 12\u00a0d\u00e9cembre 2025&#8230;.<\/p>\n","protected":false},"excerpt":{"rendered":"\u00ab\u00a0Vous me traitez de p\u00e9dophile\u00a0!\u00a0\u00bb Laurent Moussi\u00e8re s\u2019\u00e9tait agac\u00e9 contre un avocat des parties civiles, lors d\u2019un pr\u00e9c\u00e9dent&hellip;\n","protected":false},"author":2,"featured_media":568705,"comment_status":"","ping_status":"","sticky":false,"template":"","format":"standard","meta":{"footnotes":""},"categories":[1889],"tags":[1111,11,2430,271,272,2757,1777,674,274,1011,27,2428,2756,12,25,2429,3151],"class_list":{"0":"post-568704","1":"post","2":"type-post","3":"status-publish","4":"format-standard","5":"has-post-thumbnail","7":"category-lyon","8":"tag-actu","9":"tag-actualites","10":"tag-auvergne-rhone-alpes","11":"tag-crime","12":"tag-delit-et-contravention","13":"tag-edition-lyon-villeurbanne","14":"tag-eu","15":"tag-europe","16":"tag-faits-divers-justice","17":"tag-fr","18":"tag-france","19":"tag-lyon","20":"tag-lyon-bassin","21":"tag-news","22":"tag-republique-francaise","23":"tag-rhone","24":"tag-selection-de-la-redaction-69"},"share_on_mastodon":{"url":"https:\/\/pubeurope.com\/@fr\/115638353642314557","error":""},"_links":{"self":[{"href":"https:\/\/www.europesays.com\/fr\/wp-json\/wp\/v2\/posts\/568704","targetHints":{"allow":["GET"]}}],"collection":[{"href":"https:\/\/www.europesays.com\/fr\/wp-json\/wp\/v2\/posts"}],"about":[{"href":"https:\/\/www.europesays.com\/fr\/wp-json\/wp\/v2\/types\/post"}],"author":[{"embeddable":true,"href":"https:\/\/www.europesays.com\/fr\/wp-json\/wp\/v2\/users\/2"}],"replies":[{"embeddable":true,"href":"https:\/\/www.europesays.com\/fr\/wp-json\/wp\/v2\/comments?post=568704"}],"version-history":[{"count":0,"href":"https:\/\/www.europesays.com\/fr\/wp-json\/wp\/v2\/posts\/568704\/revisions"}],"wp:featuredmedia":[{"embeddable":true,"href":"https:\/\/www.europesays.com\/fr\/wp-json\/wp\/v2\/media\/568705"}],"wp:attachment":[{"href":"https:\/\/www.europesays.com\/fr\/wp-json\/wp\/v2\/media?parent=568704"}],"wp:term":[{"taxonomy":"category","embeddable":true,"href":"https:\/\/www.europesays.com\/fr\/wp-json\/wp\/v2\/categories?post=568704"},{"taxonomy":"post_tag","embeddable":true,"href":"https:\/\/www.europesays.com\/fr\/wp-json\/wp\/v2\/tags?post=568704"}],"curies":[{"name":"wp","href":"https:\/\/api.w.org\/{rel}","templated":true}]}}