{"id":568706,"date":"2025-11-30T11:13:18","date_gmt":"2025-11-30T11:13:18","guid":{"rendered":"https:\/\/www.europesays.com\/fr\/568706\/"},"modified":"2025-11-30T11:13:18","modified_gmt":"2025-11-30T11:13:18","slug":"alexandre-dupalais-udr-rn-choisit-le-8e-arrondissement-et-veut-en-faire-un-poumon-economique","status":"publish","type":"post","link":"https:\/\/www.europesays.com\/fr\/568706\/","title":{"rendered":"Alexandre Dupalais (UDR-RN) choisit le 8e arrondissement et veut en faire un \u00ab\u00a0poumon \u00e9conomique\u00a0\u00bb"},"content":{"rendered":"<p itemprop=\"description\"><strong>Le 8e arrondissement de Lyon, historiquement celui choisi par les candidats FN puis RN comme <a href=\"https:\/\/www.lyonmag.com\/profil-personnalite-lyonnaise\/28\/christophe-boudot\" target=\"_blank\" rel=\"noopener\">Christophe Boudot<\/a> ou encore <a href=\"https:\/\/www.lyonmag.com\/profil-personnalite-lyonnaise\/57\/agnes-marion\" target=\"_blank\" rel=\"noopener\">Agn\u00e8s Marion<\/a> en 2020, ne d\u00e9rogera pas \u00e0 la r\u00e8gle en 2026.<\/strong><\/p>\n<p>Puisqu&rsquo;<a href=\"https:\/\/www.lyonmag.com\/profil-personnalite-lyonnaise\/753\/alexandre-humbert-dupalais\" target=\"_blank\" rel=\"noopener\">Alexandre Dupalais<\/a>, candidat UDR soutenu par le RN, se pr\u00e9sentera \u00e9galement dans le 8e, en plus de la mairie centrale avec sa liste \u00ab\u00a0Retrouver Lyon\u00a0\u00bb. C&rsquo;est le premier &#8211; et peut-\u00eatre le seul &#8211; candidat d\u00e9clar\u00e9 \u00e0 la Ville de Lyon qui choisit, malgr\u00e9 la r\u00e9forme de la loi PLM, d&rsquo;\u00e9galement conduire une liste dans un arrondissement.<\/p>\n<p>Dans une vid\u00e9o publi\u00e9e sur ses r\u00e9seaux sociaux, l&rsquo;avocat promet de \u00ab\u00a0mettre un terme\u00a0\u00bb \u00e0 l&rsquo;ins\u00e9curit\u00e9 li\u00e9e au narcotrafic et aux fusillades en d\u00e9ployant \u00ab\u00a05 postes de police municipale d&rsquo;ultra-proximit\u00e9\u00a0\u00bb.<\/p>\n<p>Le 8e arrondissement \u00ab\u00a0doit devenir l&rsquo;un des poumons \u00e9conomiques de Lyon\u00a0\u00bb poursuit Alexandre Dupalais, qui veut y \u00ab\u00a0d\u00e9velopper une industrie cin\u00e9matographique \u00e0 taille europ\u00e9enne\u00a0\u00bb.<\/p>\n<p>Le candidat du parti d&rsquo;Eric Ciotti annonce aussi sa volont\u00e9 de rouvrir \u00e0 la circulation dans les deux sens l&rsquo;avenue Rockefeller, le d\u00e9blocage de l&rsquo;avenue des Fr\u00e8res Lumi\u00e8re et la cr\u00e9ation d&rsquo;une brigade antitag.<\/p>\n<blockquote class=\"twitter-tweet\"><p>&#13;<\/p>\n<p dir=\"ltr\" lang=\"fr\">Le 8e concentre les d\u00e9fis que nous rel\u00e8verons pour <a href=\"https:\/\/twitter.com\/hashtag\/RetrouverLyon?src=hash&amp;ref_src=twsrc%5Etfw\" target=\"_blank\" rel=\"noopener\">#RetrouverLyon<\/a> : r\u00e9tablissement de la s\u00e9curit\u00e9, d\u00e9fense de notre \u00e9conomie locale, de notre cadre de vie et de nos services publics. <br \/>Face \u00e0 l\u2019abandon des verts et au danger LFI, nous ferons du 8e le moteur du renouveau de Lyon ! <a href=\"https:\/\/t.co\/6kdvOHnuOL\">pic.twitter.com\/6kdvOHnuOL<\/a><\/p>\n<p>&#13;<br \/>\n\u2014 Alexandre Dupalais (@a_dupalais) <a href=\"https:\/\/twitter.com\/a_dupalais\/status\/1994822610925097448?ref_src=twsrc%5Etfw\" target=\"_blank\" rel=\"noopener\">November 29, 2025<\/a><\/p><\/blockquote>\n<p>\t\t  <script async src=\"https:\/\/platform.twitter.com\/widgets.js\" charset=\"utf-8\"><\/script><\/p>\n","protected":false},"excerpt":{"rendered":"Le 8e arrondissement de Lyon, historiquement celui choisi par les candidats FN puis RN comme Christophe Boudot ou&hellip;\n","protected":false},"author":2,"featured_media":568707,"comment_status":"","ping_status":"","sticky":false,"template":"","format":"standard","meta":{"footnotes":""},"categories":[1889],"tags":[1111,11,2813,2190,2430,1109,251,1112,2811,1777,674,118,1011,27,1922,1110,1114,2428,2810,12,241,316,25,2812,517,800],"class_list":{"0":"post-568706","1":"post","2":"type-post","3":"status-publish","4":"format-standard","5":"has-post-thumbnail","7":"category-lyon","8":"tag-actu","9":"tag-actualites","10":"tag-article","11":"tag-asvel","12":"tag-auvergne-rhone-alpes","13":"tag-breves","14":"tag-culture","15":"tag-depeches","16":"tag-economique","17":"tag-eu","18":"tag-europe","19":"tag-faits-divers","20":"tag-fr","21":"tag-france","22":"tag-info","23":"tag-informations","24":"tag-infos","25":"tag-lyon","26":"tag-lyonmag","27":"tag-news","28":"tag-ol","29":"tag-politique","30":"tag-republique-francaise","31":"tag-sociale","32":"tag-sport","33":"tag-transports"},"share_on_mastodon":{"url":"https:\/\/pubeurope.com\/@fr\/115638357439499088","error":""},"_links":{"self":[{"href":"https:\/\/www.europesays.com\/fr\/wp-json\/wp\/v2\/posts\/568706","targetHints":{"allow":["GET"]}}],"collection":[{"href":"https:\/\/www.europesays.com\/fr\/wp-json\/wp\/v2\/posts"}],"about":[{"href":"https:\/\/www.europesays.com\/fr\/wp-json\/wp\/v2\/types\/post"}],"author":[{"embeddable":true,"href":"https:\/\/www.europesays.com\/fr\/wp-json\/wp\/v2\/users\/2"}],"replies":[{"embeddable":true,"href":"https:\/\/www.europesays.com\/fr\/wp-json\/wp\/v2\/comments?post=568706"}],"version-history":[{"count":0,"href":"https:\/\/www.europesays.com\/fr\/wp-json\/wp\/v2\/posts\/568706\/revisions"}],"wp:featuredmedia":[{"embeddable":true,"href":"https:\/\/www.europesays.com\/fr\/wp-json\/wp\/v2\/media\/568707"}],"wp:attachment":[{"href":"https:\/\/www.europesays.com\/fr\/wp-json\/wp\/v2\/media?parent=568706"}],"wp:term":[{"taxonomy":"category","embeddable":true,"href":"https:\/\/www.europesays.com\/fr\/wp-json\/wp\/v2\/categories?post=568706"},{"taxonomy":"post_tag","embeddable":true,"href":"https:\/\/www.europesays.com\/fr\/wp-json\/wp\/v2\/tags?post=568706"}],"curies":[{"name":"wp","href":"https:\/\/api.w.org\/{rel}","templated":true}]}}