{"id":568708,"date":"2025-11-30T11:17:27","date_gmt":"2025-11-30T11:17:27","guid":{"rendered":"https:\/\/www.europesays.com\/fr\/568708\/"},"modified":"2025-11-30T11:17:27","modified_gmt":"2025-11-30T11:17:27","slug":"ile-de-france-metropole-mondiale-et-mosaique-de-territoires","status":"publish","type":"post","link":"https:\/\/www.europesays.com\/fr\/568708\/","title":{"rendered":"\u00cele-de-France : m\u00e9tropole mondiale et mosa\u00efque de territoires"},"content":{"rendered":"<p>Au-del\u00e0 de l\u2019image de \u201cr\u00e9gion capitale\u201d, l\u2019\u00cele-de-France est une mosa\u00efque de territoires urbains, p\u00e9riurbains, ruraux et forestiers. Elle concentre des fonctions de commandement (finance, culture, recherche, si\u00e8ges sociaux) tout en abritant des zones agricoles majeures et des villes moyennes en pleine mutation.<\/p>\n<p>Un moteur \u00e9conomique d\u2019envergure europ\u00e9enne<\/p>\n<p><img fetchpriority=\"high\" decoding=\"async\" width=\"1024\" height=\"573\" src=\"https:\/\/www.europesays.com\/fr\/wp-content\/uploads\/2025\/11\/cathedrale-gothique-Notre-Dame-region-ile-de-France-1024x573.jpg\" alt=\"\" class=\"wp-image-88440\"  \/><\/p>\n<p>Premi\u00e8re r\u00e9gion \u00e9conomique fran\u00e7aise et l\u2019une des premi\u00e8res d\u2019Europe, l\u2019\u00cele-de-France accueille une concentration exceptionnelle de si\u00e8ges d\u2019entreprises, de p\u00f4les de recherche, de clusters technologiques et de salons internationaux. Autour de Paris, La D\u00e9fense, Saint-Denis\u2013Plaine Commune, Saclay, Marne-la-Vall\u00e9e, Roissy ou encore Orly s\u2019affirment comme des polarit\u00e9s \u00e9conomiques sp\u00e9cialis\u00e9es : num\u00e9rique, a\u00e9ronautique, sant\u00e9, finance, audiovisuel, logistique a\u00e9roportuaire\u2026<\/p>\n<p>Les collectivit\u00e9s, de la R\u00e9gion aux intercommunalit\u00e9s, agissent pour diversifier cette base \u00e9conomique et mieux r\u00e9partir les emplois sur l\u2019ensemble du territoire. Les projets de renouvellement urbain, les op\u00e9rations d\u2019am\u00e9nagement autour du Grand Paris Express, la cr\u00e9ation de quartiers mixtes associant logement, bureaux, commerces et \u00e9quipements publics visent \u00e0 rapprocher lieux de vie et lieux de travail.<\/p>\n<p>Un territoire d\u2019innovations en mati\u00e8re de mobilit\u00e9s<\/p>\n<p>La g\u00e9ographie francilienne, marqu\u00e9e par une densit\u00e9 forte au centre et un \u00e9talement p\u00e9riurbain, fait des mobilit\u00e9s un enjeu central. D\u00e9veloppement du Grand Paris Express, prolongement des lignes de m\u00e9tro, modernisation du r\u00e9seau RER, renforcement des bus express et des mobilit\u00e9s douces constituent autant de chantiers structurants. Les collectivit\u00e9s exp\u00e9rimentent \u00e9galement de nouvelles solutions : covoiturage organis\u00e9, lignes de bus \u00e0 haut niveau de service, pistes cyclables m\u00e9tropolitaines.<\/p>\n<p>Ces projets ont un impact direct sur le d\u00e9veloppement \u00e9conomique, la r\u00e9duction des in\u00e9galit\u00e9s territoriales et la transition \u00e9cologique, en offrant des alternatives cr\u00e9dibles \u00e0 la voiture individuelle pour les trajets domicile\u2013travail.<\/p>\n<p>Agriculture, nature et patrimoine aux portes de la m\u00e9tropole<\/p>\n<p>Souvent m\u00e9connue, l\u2019\u00cele-de-France est aussi une grande r\u00e9gion agricole, avec de vastes plaines c\u00e9r\u00e9ali\u00e8res, des zones mara\u00eech\u00e8res et des fili\u00e8res horticoles. Les parcs naturels r\u00e9gionaux (G\u00e2tinais, Vexin, Haute Vall\u00e9e de Chevreuse, Oise\u2013Pays de France) et les for\u00eats domaniales (Fontainebleau, Rambouillet, S\u00e9nart, Montmorency\u2026) constituent des poumons verts fr\u00e9quent\u00e9s par des millions de visiteurs.<\/p>\n<p>Les collectivit\u00e9s travaillent \u00e0 prot\u00e9ger ces espaces naturels et agricoles face \u00e0 la pression urbaine : ma\u00eetrise de l\u2019\u00e9talement, politiques de ceinture verte, soutien aux circuits courts et \u00e0 l\u2019agriculture de proximit\u00e9, valorisation du patrimoine b\u00e2ti (villages, ch\u00e2teaux, sites historiques). Cette dimension \u201cnature \u00e0 proximit\u00e9\u201d est un atout majeur pour la qualit\u00e9 de vie des habitants comme pour l\u2019attractivit\u00e9 touristique.<\/p>\n<p>Tourisme et rayonnement international<\/p>\n<p>Paris et l\u2019\u00cele-de-France repr\u00e9sentent la premi\u00e8re destination touristique mondiale, avec un \u00e9ventail unique de sites : patrimoine historique, mus\u00e9es, monuments, parcs d\u2019attractions, \u00e9v\u00e9nements culturels et sportifs. Les collectivit\u00e9s \u0153uvrent \u00e0 r\u00e9partir les flux vers d\u2019autres territoires franciliens : promotion de visites dans les villes d\u2019art (Versailles, Provins, Saint-Denis, Rambouillet\u2026), valorisation de lieux m\u00e9connus, d\u00e9veloppement du tourisme fluvial sur la Seine et la Marne, circuits cyclables entre ch\u00e2teaux et villages.<\/p>\n<p>Les grands \u00e9v\u00e9nements \u2013 Jeux Olympiques et Paralympiques, expositions universelles, salons internationaux \u2013 renforcent le rayonnement mondial de la r\u00e9gion tout en constituant des leviers pour l\u2019am\u00e9nagement, la mobilit\u00e9 et l\u2019emploi local.<\/p>\n<p><a data-no-instant=\"1\" href=\"https:\/\/bdmp.fr\/candidature-fournisseur-marches-publics?refer=bdc\" rel=\"noopener\" class=\"a2t-link\" aria-label=\"Vignette Youtube Miniature Masterclass Business Moderne Bleu Noir Dor\u00e9\" target=\"_blank\"><img loading=\"lazy\" decoding=\"async\" src=\"data:image\/svg+xml,%3Csvg%20xmlns=\" http:=\"\" alt=\"\" width=\"960\" height=\"540\" data-lazy-src=\"https:\/\/www.europesays.com\/fr\/wp-content\/uploads\/2025\/11\/Vignette-Youtube-Miniature-Masterclass-Business-Moderne-Bleu-Noir-Dore.png.webp.webp\"\/><\/a><\/p>\n<p>Environnement et r\u00e9silience m\u00e9tropolitaine<\/p>\n<p>Pollution de l\u2019air, \u00eelots de chaleur urbains, risques d\u2019inondation li\u00e9s aux crues de la Seine et de la Marne : l\u2019\u00cele-de-France doit faire face \u00e0 des d\u00e9fis environnementaux consid\u00e9rables. Plans climat, programmes de v\u00e9g\u00e9talisation, d\u00e9simperm\u00e9abilisation des sols, restauration des berges, r\u00e9novation \u00e9nerg\u00e9tique des b\u00e2timents, d\u00e9veloppement des r\u00e9seaux de chaleur urbains et des \u00e9nergies renouvelables structurent l\u2019action des collectivit\u00e9s.<\/p>\n<p>La notion de \u201cville r\u00e9siliente\u201d prend tout son sens : anticiper les crises climatiques, sanitaires ou sociales, organiser la solidarit\u00e9 entre territoires, adapter les infrastructures. \u00c0 cette \u00e9chelle, la coop\u00e9ration entre R\u00e9gion, M\u00e9tropole du Grand Paris, d\u00e9partements et intercommunalit\u00e9s est d\u00e9terminante.<\/p>\n","protected":false},"excerpt":{"rendered":"Au-del\u00e0 de l\u2019image de \u201cr\u00e9gion capitale\u201d, l\u2019\u00cele-de-France est une mosa\u00efque de territoires urbains, p\u00e9riurbains, ruraux et forestiers. Elle&hellip;\n","protected":false},"author":2,"featured_media":568709,"comment_status":"","ping_status":"","sticky":false,"template":"","format":"standard","meta":{"footnotes":""},"categories":[1592],"tags":[1111,11,68371,68372,1777,674,1011,27,6306,662,68373,12,626,25,68374,68375,68376],"class_list":{"0":"post-568708","1":"post","2":"type-post","3":"status-publish","4":"format-standard","5":"has-post-thumbnail","7":"category-ile-de-france","8":"tag-actu","9":"tag-actualites","10":"tag-agriculture-francilienne","11":"tag-developpement-economique-francilien","12":"tag-eu","13":"tag-europe","14":"tag-fr","15":"tag-france","16":"tag-grand-paris","17":"tag-ile-de-france","18":"tag-mobilites-ile-de-france","19":"tag-news","20":"tag-paris","21":"tag-republique-francaise","22":"tag-territoire-ile-de-france","23":"tag-tourisme-paris-region","24":"tag-transition-ecologique-metropolitaine"},"share_on_mastodon":{"url":"https:\/\/pubeurope.com\/@fr\/115638373945868300","error":""},"_links":{"self":[{"href":"https:\/\/www.europesays.com\/fr\/wp-json\/wp\/v2\/posts\/568708","targetHints":{"allow":["GET"]}}],"collection":[{"href":"https:\/\/www.europesays.com\/fr\/wp-json\/wp\/v2\/posts"}],"about":[{"href":"https:\/\/www.europesays.com\/fr\/wp-json\/wp\/v2\/types\/post"}],"author":[{"embeddable":true,"href":"https:\/\/www.europesays.com\/fr\/wp-json\/wp\/v2\/users\/2"}],"replies":[{"embeddable":true,"href":"https:\/\/www.europesays.com\/fr\/wp-json\/wp\/v2\/comments?post=568708"}],"version-history":[{"count":0,"href":"https:\/\/www.europesays.com\/fr\/wp-json\/wp\/v2\/posts\/568708\/revisions"}],"wp:featuredmedia":[{"embeddable":true,"href":"https:\/\/www.europesays.com\/fr\/wp-json\/wp\/v2\/media\/568709"}],"wp:attachment":[{"href":"https:\/\/www.europesays.com\/fr\/wp-json\/wp\/v2\/media?parent=568708"}],"wp:term":[{"taxonomy":"category","embeddable":true,"href":"https:\/\/www.europesays.com\/fr\/wp-json\/wp\/v2\/categories?post=568708"},{"taxonomy":"post_tag","embeddable":true,"href":"https:\/\/www.europesays.com\/fr\/wp-json\/wp\/v2\/tags?post=568708"}],"curies":[{"name":"wp","href":"https:\/\/api.w.org\/{rel}","templated":true}]}}