{"id":568710,"date":"2025-11-30T11:18:17","date_gmt":"2025-11-30T11:18:17","guid":{"rendered":"https:\/\/www.europesays.com\/fr\/568710\/"},"modified":"2025-11-30T11:18:17","modified_gmt":"2025-11-30T11:18:17","slug":"on-sait-quant-sera-installee-loeuvre-monumentale-de-lartiste-jr-sur-le-pont-neuf","status":"publish","type":"post","link":"https:\/\/www.europesays.com\/fr\/568710\/","title":{"rendered":"on sait quant sera install\u00e9e l&rsquo;\u0153uvre monumentale de l&rsquo;artiste JR sur le Pont-Neuf"},"content":{"rendered":"<p>                    Par<br \/>\n        <strong><br \/>\n            <a href=\"https:\/\/actu.fr\/auteur\/glenn-gillet\" title=\"Consulter tous les articles de Glenn Gillet\" target=\"_blank\" rel=\"noopener\">Glenn Gillet<\/a><br \/>\n                    <\/strong><\/p>\n<p>        Publi\u00e9 le<\/p>\n<p>            30 nov. 2025 \u00e0 11h26        <\/p>\n<p>Le plus ancien pont de Paris va changer de visage, du moins pour quelques semaines. L\u2019artiste <strong>JR<\/strong> va installer une <a href=\"https:\/\/actu.fr\/ile-de-france\/paris_75056\/paris-celebre-pour-ses-trompe-l-oeil-monumentaux-le-street-artiste-jr-s-attaque-au-pont-neuf_61999524.html\" target=\"_blank\" rel=\"noopener\">\u0153uvre monumentale sur le Pont-Neuf<\/a> du <strong>6 au 28\u00a0juin 2026<\/strong>, en hommage \u00e0 l\u2019empaquetage \u00e9ph\u00e9m\u00e8re dans un tissu argent\u00e9, en 1985, de l\u2019\u00e9difice par <strong>Christo et Jeanne-Claude<\/strong>, a annonc\u00e9 ce dimanche 30\u00a0novembre 2025 la fondation qui porte les noms des deux artistes d\u00e9c\u00e9d\u00e9s.<\/p>\n<p>\u00ab\u2009Accessible gratuitement au public qui pourra la traverser ou passer en dessous\u2009\u00bb<\/p>\n<p class=\" wall-content\">\u00ab\u2009La Caverne du Pont Neuf, une \u0153uvre d\u2019art temporaire con\u00e7ue par JR, sera pr\u00e9sent\u00e9e du 6 au 28 juin 2026. [\u2026] Elle offrira aux Parisiens et aux visiteurs une opportunit\u00e9 limit\u00e9e dans le temps d\u2019exp\u00e9rimenter une r\u00e9imagination \u00e9ph\u00e9m\u00e8re du plus vieux pont de Paris\u2009\u00bb, d\u00e9taille la Fondation Christo et Jeanne-Claude dans un communiqu\u00e9.<\/p>\n<p class=\" wall-content\">Cette \u0153uvre, qui prendra l\u2019aspect de \u00ab\u2009<strong>grandes formations rocheuses<\/strong> reliant temporairement les rives droite et gauche de la Seine\u2009\u00bb, sera \u00ab\u2009accessible gratuitement au public qui pourra la traverser ou passer en dessous, soit en bateau-mouche, soit par les berges de la Seine\u2009\u00bb. Ce projet insolite prometteur, financ\u00e9 par du m\u00e9c\u00e9nat priv\u00e9 sans recours \u00e0 des fonds publics, devrait attirer de nombreux curieux.<\/p>\n<p>    <img   decoding=\"async\" loading=\"lazy\" src=\"https:\/\/www.europesays.com\/fr\/wp-content\/uploads\/2025\/11\/791-1-960x640.jpg\" alt=\"The Pont Neuf Wrapped, l'\u0153uvre \u00e9ph\u00e9m\u00e8re de Christo et Jeanne-CLaude install\u00e9e \u00e0 Paris de septembre \u00e0 octobre 1985.\" width=\"960\" height=\"640\"\/><br \/>\n    The Pont Neuf Wrapped, l\u2019\u0153uvre \u00e9ph\u00e9m\u00e8re de Christo et Jeanne-CLaude install\u00e9e \u00e0 Paris de septembre \u00e0 octobre 1985. (\u00a9Wolfgang Volz \u00a9 1985 Christo and Jeanne-Claude Foundation)<\/p>\n<p class=\" wall-content\">Le projet devait voir le jour d\u00e8s cet automne, mais il a \u00e9t\u00e9 <strong>repouss\u00e9<\/strong> en raison de la \u00ab\u2009logistique complexe\u2009\u00bb qu\u2019implique sa r\u00e9alisation sur le pont de 238\u00a0m\u00e8tres, qui relie le quartier des Halles \u00e0 celui de Saint-Germain-des-Pr\u00e9s, en passant par l\u2019extr\u00e9mit\u00e9 ouest de l\u2019\u00cele de la Cit\u00e9.<\/p>\n<p class=\" wall-content\">Cette \u0153uvre rappelle \u00e9videmment le travail de Christo et Jeanne-Claude sur ce pont il y a quarante ans, mais aussi leur <a href=\"https:\/\/actu.fr\/ile-de-france\/paris_75056\/emmanuel-macron-inaugure-l-oeuvre-de-christo-sur-l-arc-de-triomphe-a-paris_44949885.html\" target=\"_blank\" rel=\"noopener\">empaquetage de l\u2019Arc de Triomphe en 2021<\/a>, qui avait attir\u00e9 <strong>six millions de personnes<\/strong> en seulement deux semaines. L\u2019\u0153uvre \u00e9ph\u00e9m\u00e8re avait \u00e9t\u00e9 r\u00e9alis\u00e9e \u00e0 titre posthume apr\u00e8s la mort de Christo Vladimiroff Javacheff en 2020 \u00e0 84 ans. Jeanne-Claude Denat de Guillebon est quant \u00e0 elle d\u00e9c\u00e9d\u00e9e en 2009 \u00e0 74 ans.<\/p>\n<p class=\" wall-content\">Personnalisez votre actualit\u00e9 en ajoutant vos villes et m\u00e9dias en favori avec <a href=\"https:\/\/moncompte.actu.fr\" title=\"D\u00e9couvez Mon Actu\" rel=\"nofollow noopener\" data-trk=\"{&quot;cta&quot;:{&quot;action&quot;:&quot;https:\\\/\\\/moncompte.actu.fr&quot;,&quot;category&quot;:&quot;mon compte&quot;,&quot;from&quot;:&quot;article footer&quot;,&quot;name&quot;:&quot;Mon actu&quot;,&quot;type&quot;:&quot;cta&quot;}}\" target=\"_blank\">Mon Actu<\/a>.<\/p>\n","protected":false},"excerpt":{"rendered":"Par Glenn Gillet Publi\u00e9 le 30 nov. 2025 \u00e0 11h26 Le plus ancien pont de Paris va changer&hellip;\n","protected":false},"author":2,"featured_media":568711,"comment_status":"","ping_status":"","sticky":false,"template":"","format":"standard","meta":{"footnotes":""},"categories":[1888],"tags":[1111,1928,11,1927,1777,674,1011,27,1652,12,1926,626,1925,2551,25],"class_list":{"0":"post-568710","1":"post","2":"type-post","3":"status-publish","4":"format-standard","5":"has-post-thumbnail","7":"category-paris","8":"tag-actu","9":"tag-actu-paris","10":"tag-actualites","11":"tag-actualites-paris","12":"tag-eu","13":"tag-europe","14":"tag-fr","15":"tag-france","16":"tag-loisirs-culture","17":"tag-news","18":"tag-news-paris","19":"tag-paris","20":"tag-paris-news","21":"tag-patrimoine","22":"tag-republique-francaise"},"share_on_mastodon":{"url":"https:\/\/pubeurope.com\/@fr\/115638377794474297","error":""},"_links":{"self":[{"href":"https:\/\/www.europesays.com\/fr\/wp-json\/wp\/v2\/posts\/568710","targetHints":{"allow":["GET"]}}],"collection":[{"href":"https:\/\/www.europesays.com\/fr\/wp-json\/wp\/v2\/posts"}],"about":[{"href":"https:\/\/www.europesays.com\/fr\/wp-json\/wp\/v2\/types\/post"}],"author":[{"embeddable":true,"href":"https:\/\/www.europesays.com\/fr\/wp-json\/wp\/v2\/users\/2"}],"replies":[{"embeddable":true,"href":"https:\/\/www.europesays.com\/fr\/wp-json\/wp\/v2\/comments?post=568710"}],"version-history":[{"count":0,"href":"https:\/\/www.europesays.com\/fr\/wp-json\/wp\/v2\/posts\/568710\/revisions"}],"wp:featuredmedia":[{"embeddable":true,"href":"https:\/\/www.europesays.com\/fr\/wp-json\/wp\/v2\/media\/568711"}],"wp:attachment":[{"href":"https:\/\/www.europesays.com\/fr\/wp-json\/wp\/v2\/media?parent=568710"}],"wp:term":[{"taxonomy":"category","embeddable":true,"href":"https:\/\/www.europesays.com\/fr\/wp-json\/wp\/v2\/categories?post=568710"},{"taxonomy":"post_tag","embeddable":true,"href":"https:\/\/www.europesays.com\/fr\/wp-json\/wp\/v2\/tags?post=568710"}],"curies":[{"name":"wp","href":"https:\/\/api.w.org\/{rel}","templated":true}]}}