{"id":568712,"date":"2025-11-30T11:19:11","date_gmt":"2025-11-30T11:19:11","guid":{"rendered":"https:\/\/www.europesays.com\/fr\/568712\/"},"modified":"2025-11-30T11:19:11","modified_gmt":"2025-11-30T11:19:11","slug":"il-ne-lui-restait-que-trois-ans-a-vivre-un-americain-de-7-ans-miracule-apres-avoir-gueri-dune-maladie-rare","status":"publish","type":"post","link":"https:\/\/www.europesays.com\/fr\/568712\/","title":{"rendered":"Il ne lui restait que trois ans \u00e0 vivre\u00a0: un Am\u00e9ricain de 7\u00a0ans miracul\u00e9 apr\u00e8s avoir gu\u00e9ri d\u2019une maladie rare"},"content":{"rendered":"<p class=\"lp-f-subtitle-01\">Malachi est en r\u00e9mission d\u2019une leuc\u00e9mie lymphoblastique aigu\u00eb alors qu\u2019il avait \u00e9t\u00e9 diagnostiqu\u00e9 tardivement en mars\u00a02021.<\/p>\n<p class=\"paragraph text_align_left lp-f-body-02\">\u00ab \u00c0 le voir, on ne devinerait jamais qu\u2019il a eu une leuc\u00e9mie \u00bb, selon l\u2019un de ses m\u00e9decins. Aux \u00c9tats-Unis, un enfant de 7 ans a presque fini <a href=\"https:\/\/www.leparisien.fr\/aube-10\/le-cancer-a-gagne-aidez-moi-a-realiser-mes-reves-lappel-poignant-de-jules-atteint-de-leucemie-08-10-2025-VVTEGSITTRETZHS5IB3QTIAT5M.php\" target=\"_self\" rel=\"noopener\">sa phase de gu\u00e9rison d\u2019une maladie rare<\/a> alors qu\u2019il n\u2019avait plus que trois ans \u00e0 vivre, selon un article de <a href=\"https:\/\/www.cbsnews.com\/news\/pediatric-cancer-acute-lymphoblastic-leukemia-miami-florida\/\" target=\"_self\" rel=\"noopener\">CBS News<\/a> publi\u00e9 ce samedi.<\/p>\n<p class=\"paragraph text_align_left lp-f-body-02\">Malachi, originaire de Miami, \u00e9tait atteint d\u2019<a href=\"https:\/\/www.leparisien.fr\/vienne-86\/deux-parents-lancent-une-cagnotte-pour-aider-leurs-deux-enfants-atteints-dune-leucemie-un-fait-rarissime-17-02-2024-NCDP3SWL3JAXXM2TUOHR6YRE3A.php\" target=\"_self\" rel=\"noopener\">une leuc\u00e9mie lymphoblastique aigu\u00eb<\/a> (LLA), un cancer rare qui se d\u00e9veloppe dans la moelle osseuse, selon le site web de la <a href=\"https:\/\/www.cancer.org\/\" target=\"_self\" rel=\"noopener\">Soci\u00e9t\u00e9 am\u00e9ricaine du cancer<\/a>.<\/p>\n<p class=\"paragraph text_align_left lp-f-body-02\">Il avait \u00e9t\u00e9 diagnostiqu\u00e9 en mars 2021 apr\u00e8s que sa m\u00e8re l\u2019a emmen\u00e9 \u00e0 l\u2019h\u00f4pital apr\u00e8s avoir observ\u00e9 une s\u00e9rie de comportements \u00e9tranges : fatigue, toux persistante, vomissements et <a href=\"https:\/\/www.leparisien.fr\/societe\/sante\/microbiote-au-coeur-de-la-biobanque-francaise-des-excrements-17-12-2023-FBMIMXDBVFCF3HNTRBCXE423V4.php\" target=\"_self\" rel=\"noopener\">selles de couleur noire<\/a>.<\/p>\n<p class=\"paragraph text_align_left lp-f-body-02\">\u00ab Sous surveillance constante \u00bb des autorit\u00e9s de sant\u00e9, le petit gar\u00e7on a rapidement \u00e9t\u00e9 admis en <a href=\"https:\/\/www.leparisien.fr\/societe\/sante\/nous-sommes-tres-inquiets-lits-en-reanimation-plan-sommeil-ce-que-proposent-les-medecins-de-lenfance-29-04-2024-VTRME3SF4FDOPKD7GVFL7DV4FA.php\" target=\"_self\" rel=\"noopener\">soins intensifs p\u00e9diatriques<\/a>, o\u00f9 les m\u00e9decins ont pratiqu\u00e9 une biopsie de moelle osseuse pour comprendre ce qu\u2019il se passait.<\/p>\n<p>\u00ab Il pourra faire tout ce qu\u2019il voudra \u00bb<\/p>\n<p class=\"paragraph text_align_left lp-f-body-02\">Malachi diagnostiqu\u00e9 d\u2019une LLA, les m\u00e9decins ont confi\u00e9 \u00e0 sa famille qu\u2019il n\u2019avait que deux ans et demi ou trois ans \u00e0 vivre. Ce cancer \u00e0 progression entra\u00eene la production de globules blancs immatures, envahissant les cellules saines, ce qui <a href=\"https:\/\/www.leparisien.fr\/societe\/sante\/les-car-t-cells-le-traitement-revolutionnaire-contre-des-cancers-du-sang-09-08-2018-7848357.php\" target=\"_self\" rel=\"noopener\">affaiblit consid\u00e9rablement le syst\u00e8me immunitaire<\/a>. \u00ab Pourquoi est-ce arriv\u00e9 \u00e0 nous ?, se questionne encore sa m\u00e8re Meghan Jenkins. J\u2019\u00e9tais compl\u00e8tement perdue. C\u2019\u00e9tait mon seul enfant\u2026 \u00bb<\/p>\n<p class=\"title-embed-dailymotion lp-color-text lp-f-subtitle-04\">Vid\u00e9oCl\u00e9ment, miracul\u00e9 du cancer gr\u00e2ce au \u00abCAR-T cells\u00bb<\/p>\n<p class=\"paragraph text_align_left lp-f-body-02\">Le combat contre la maladie a alors commenc\u00e9 m\u00eame s\u2019il \u00e9tait quasiment perdu d\u2019avance \u00e0 cause du diagnostic tardif, d\u2019apr\u00e8s le Dr Julio Barredo, directeur des programmes de canc\u00e9rologie p\u00e9diatrique au Sylvester Comprehensive Cancer Center.<\/p>\n<p class=\"paragraph text_align_left lp-f-body-02\">Tout en multipliant les allers-retours \u00e0 l\u2019h\u00f4pital, Malachi a continu\u00e9 \u00e0 prendre huit m\u00e9dicaments par jour. Puis finalement, en ao\u00fbt 2023, plus de deux ans apr\u00e8s les premiers sympt\u00f4mes, <a href=\"https:\/\/www.leparisien.fr\/societe\/sante\/magaly-10-ans-sauve-sa-petite-soeur-atteinte-de-leucemie-grace-a-un-don-de-moelle-osseuse-12-09-2021-DRX76ZPQMVEUVPGTRHBDGRPMFM.php\" target=\"_self\" rel=\"noopener\">\u00ab la temp\u00eate s\u2019est calm\u00e9e \u00bb, se rappelle sa m\u00e8re<\/a>.<\/p>\n<p class=\"paragraph text_align_left lp-f-body-02\">Le petit gar\u00e7on a fini par arr\u00eater son traitement, et vient de conclure en ao\u00fbt dernier, une deuxi\u00e8me ann\u00e9e sans rechute, un cap ultrad\u00e9cisif dans la lutte contre la LLA. \u00ab Pratiquement gu\u00e9ri \u00e0 ce jour\u2026 Il pourra faire tout ce qu\u2019il voudra, s\u2019enthousiasme Dr Julio Barredo. \u00c0 le voir, on ne devinerait jamais qu\u2019il a eu une leuc\u00e9mie. \u00bb<\/p>\n<p class=\"paragraph text_align_left lp-f-body-02\">Malachi a pu retourner \u00e0 l\u2019\u00e9cole o\u00f9 il suit m\u00eame des cours pour \u00e9l\u00e8ves surdou\u00e9s, selon sa m\u00e8re. \u00ab Il y a eu des jours o\u00f9 je pensais m\u00eame ne pas pouvoir continuer. Et pourtant\u2026 Il y a d\u00e9sormais des jours plus heureux. \u00bb<\/p>\n","protected":false},"excerpt":{"rendered":"Malachi est en r\u00e9mission d\u2019une leuc\u00e9mie lymphoblastique aigu\u00eb alors qu\u2019il avait \u00e9t\u00e9 diagnostiqu\u00e9 tardivement en mars\u00a02021. \u00ab \u00c0&hellip;\n","protected":false},"author":2,"featured_media":568713,"comment_status":"","ping_status":"","sticky":false,"template":"","format":"standard","meta":{"footnotes":""},"categories":[1888],"tags":[1111,1928,11,1927,1777,674,1011,27,14,12,1926,626,1925,25,71,104],"class_list":{"0":"post-568712","1":"post","2":"type-post","3":"status-publish","4":"format-standard","5":"has-post-thumbnail","7":"category-paris","8":"tag-actu","9":"tag-actu-paris","10":"tag-actualites","11":"tag-actualites-paris","12":"tag-eu","13":"tag-europe","14":"tag-fr","15":"tag-france","16":"tag-international","17":"tag-news","18":"tag-news-paris","19":"tag-paris","20":"tag-paris-news","21":"tag-republique-francaise","22":"tag-sante","23":"tag-societe"},"share_on_mastodon":{"url":"https:\/\/pubeurope.com\/@fr\/115638381025242803","error":""},"_links":{"self":[{"href":"https:\/\/www.europesays.com\/fr\/wp-json\/wp\/v2\/posts\/568712","targetHints":{"allow":["GET"]}}],"collection":[{"href":"https:\/\/www.europesays.com\/fr\/wp-json\/wp\/v2\/posts"}],"about":[{"href":"https:\/\/www.europesays.com\/fr\/wp-json\/wp\/v2\/types\/post"}],"author":[{"embeddable":true,"href":"https:\/\/www.europesays.com\/fr\/wp-json\/wp\/v2\/users\/2"}],"replies":[{"embeddable":true,"href":"https:\/\/www.europesays.com\/fr\/wp-json\/wp\/v2\/comments?post=568712"}],"version-history":[{"count":0,"href":"https:\/\/www.europesays.com\/fr\/wp-json\/wp\/v2\/posts\/568712\/revisions"}],"wp:featuredmedia":[{"embeddable":true,"href":"https:\/\/www.europesays.com\/fr\/wp-json\/wp\/v2\/media\/568713"}],"wp:attachment":[{"href":"https:\/\/www.europesays.com\/fr\/wp-json\/wp\/v2\/media?parent=568712"}],"wp:term":[{"taxonomy":"category","embeddable":true,"href":"https:\/\/www.europesays.com\/fr\/wp-json\/wp\/v2\/categories?post=568712"},{"taxonomy":"post_tag","embeddable":true,"href":"https:\/\/www.europesays.com\/fr\/wp-json\/wp\/v2\/tags?post=568712"}],"curies":[{"name":"wp","href":"https:\/\/api.w.org\/{rel}","templated":true}]}}