{"id":568718,"date":"2025-11-30T11:22:12","date_gmt":"2025-11-30T11:22:12","guid":{"rendered":"https:\/\/www.europesays.com\/fr\/568718\/"},"modified":"2025-11-30T11:22:12","modified_gmt":"2025-11-30T11:22:12","slug":"lukraine-encore-ciblee-par-des-attaques-nocturnes-russes-au-moins-un-mort-et-11-blesses-pres-de-kyiv-liberation","status":"publish","type":"post","link":"https:\/\/www.europesays.com\/fr\/568718\/","title":{"rendered":"L\u2019Ukraine encore cibl\u00e9e par des attaques nocturnes russes, au moins un mort et 11 bless\u00e9s pr\u00e8s de Kyiv \u2013 Lib\u00e9ration"},"content":{"rendered":"<p class=\"sc-cPiKLX AiZTS text-element\">Apr\u00e8s de lourdes frappes d\u00e9j\u00e0 <a href=\"https:\/\/www.liberation.fr\/international\/europe\/terroriser-purement-et-simplement-la-population-civile-kyiv-a-nouveau-lourdement-frappe-1-mort-et-11-blesses-20251129_RZINVLE3CFGYFAULNPLRQTOVNU\/\" target=\"_blank\" rel=\"noreferrer noopener\" title=\"https:\/\/www.liberation.fr\/international\/europe\/terroriser-purement-et-simplement-la-population-civile-kyiv-a-nouveau-lourdement-frappe-1-mort-et-11-blesses-20251129_RZINVLE3CFGYFAULNPLRQTOVNU\/\">la nuit pr\u00e9c\u00e9dente<\/a>, au moins une personne a \u00e9t\u00e9 tu\u00e9e et 11 autres, dont un enfant, ont \u00e9t\u00e9 bless\u00e9es dans la nuit du samedi 29 \u00e0 ce dimanche 30 novembre en Ukraine, dans une nouvelle attaque de drones attribu\u00e9e \u00e0 la Russie pr\u00e8s de Kyiv.<\/p>\n<p class=\"sc-cPiKLX AiZTS text-element\">Mykola Kalachnyk, le chef de l\u2019administration militaire de la r\u00e9gion de Kyiv, a d\u00e9plor\u00e9 sur Telegram qu\u2019une \u00abattaque de l\u2019ennemi sur Vychhorod ait tu\u00e9 une personne et en ait bless\u00e9 11, dont six ont \u00e9t\u00e9 hospitalis\u00e9es\u00bb, \u00e9voquant une nouvelle offensive de \u00abdrones\u00bb russes, comme tout au long de la nuit de vendredi \u00e0 samedi sur plusieurs quartiers de la capitale ukrainienne.<\/p>\n<p class=\"sc-cPiKLX AiZTS text-element\">Ce responsable a pr\u00e9cis\u00e9 que les secouristes \u00e9taient en train d\u2019\u00e9vacuer les habitants d\u2019une tour touch\u00e9e par les frappes et dans laquelle les pompiers \u00e9taient \u00e0 pied d\u2019\u0153uvre. \u00abLe nombre de bless\u00e9s risque de grimper\u00bb, a pr\u00e9venu Mykola Kalachnyk.<\/p>\n<p class=\"sc-cPiKLX AiZTS text-element\">Cette attaque attribu\u00e9e \u00e0 Moscou fait suite \u00e0 <a href=\"https:\/\/www.liberation.fr\/international\/europe\/russie-deux-navires-de-la-flotte-fantome-et-un-terminal-petrolier-attaques-par-des-drones-navals-20251129_6P5TUDYEKZB3NHXC7LVEJD64DM\/\" target=\"_blank\" rel=\"noreferrer noopener\" title=\"https:\/\/www.liberation.fr\/international\/europe\/russie-deux-navires-de-la-flotte-fantome-et-un-terminal-petrolier-attaques-par-des-drones-navals-20251129_6P5TUDYEKZB3NHXC7LVEJD64DM\/\">celles revendiqu\u00e9es par Kyiv de drones navals<\/a> contre deux p\u00e9troliers de la \u00abflotte fant\u00f4me\u00bb russe. Une infrastructure p\u00e9troli\u00e8re majeure dans un port russe en mer Noire a \u00e9galement \u00e9t\u00e9 frapp\u00e9e samedi.<\/p>\n<p class=\"sc-cPiKLX AiZTS text-element\"><a href=\"https:\/\/www.liberation.fr\/international\/europe\/guerre-en-ukraine-emmanuel-macron-recevra-volodymyr-zelensky-lundi-a-paris-20251129_SNCEQB3PFJHIPJH4K7MA3ORTBE\/\" target=\"_blank\" rel=\"noreferrer noopener\" title=\"https:\/\/www.liberation.fr\/international\/europe\/guerre-en-ukraine-emmanuel-macron-recevra-volodymyr-zelensky-lundi-a-paris-20251129_SNCEQB3PFJHIPJH4K7MA3ORTBE\/\">Sur le plan diplomatique<\/a>, l\u2019Ukraine a envoy\u00e9 une d\u00e9l\u00e9gation aux Etats-Unis pour de nouvelles n\u00e9gociations ce dimanche, visant \u00e0 trouver une issue \u00e0 la guerre, au moment o\u00f9 le pays fait face \u00e0 une forte pression sur le front militaire et politique.<\/p>\n<p class=\"sc-cPiKLX AiZTS text-element\">Lundi, le pr\u00e9sident fran\u00e7ais Emmanuel Macron recevra son homologue ukrainien Volodymyr Zelensky, lequel a limog\u00e9 son chef de cabinet, Andri Iermak, bras droit extr\u00eamement influent, \u00e0 la suite d\u2019une enqu\u00eate anticorruption.<\/p>\n","protected":false},"excerpt":{"rendered":"Apr\u00e8s de lourdes frappes d\u00e9j\u00e0 la nuit pr\u00e9c\u00e9dente, au moins une personne a \u00e9t\u00e9 tu\u00e9e et 11 autres,&hellip;\n","protected":false},"author":2,"featured_media":568719,"comment_status":"","ping_status":"","sticky":false,"template":"","format":"standard","meta":{"footnotes":""},"categories":[1591],"tags":[11,1887,12,1885,1886,132,220,297],"class_list":{"0":"post-568718","1":"post","2":"type-post","3":"status-publish","4":"format-standard","5":"has-post-thumbnail","7":"category-russie","8":"tag-actualites","9":"tag-federation-de-russie","10":"tag-news","11":"tag-russia","12":"tag-russian-federation","13":"tag-russie","14":"tag-ukraine","15":"tag-ukraine-la-crise"},"share_on_mastodon":{"url":"https:\/\/pubeurope.com\/@fr\/115638392903217780","error":""},"_links":{"self":[{"href":"https:\/\/www.europesays.com\/fr\/wp-json\/wp\/v2\/posts\/568718","targetHints":{"allow":["GET"]}}],"collection":[{"href":"https:\/\/www.europesays.com\/fr\/wp-json\/wp\/v2\/posts"}],"about":[{"href":"https:\/\/www.europesays.com\/fr\/wp-json\/wp\/v2\/types\/post"}],"author":[{"embeddable":true,"href":"https:\/\/www.europesays.com\/fr\/wp-json\/wp\/v2\/users\/2"}],"replies":[{"embeddable":true,"href":"https:\/\/www.europesays.com\/fr\/wp-json\/wp\/v2\/comments?post=568718"}],"version-history":[{"count":0,"href":"https:\/\/www.europesays.com\/fr\/wp-json\/wp\/v2\/posts\/568718\/revisions"}],"wp:featuredmedia":[{"embeddable":true,"href":"https:\/\/www.europesays.com\/fr\/wp-json\/wp\/v2\/media\/568719"}],"wp:attachment":[{"href":"https:\/\/www.europesays.com\/fr\/wp-json\/wp\/v2\/media?parent=568718"}],"wp:term":[{"taxonomy":"category","embeddable":true,"href":"https:\/\/www.europesays.com\/fr\/wp-json\/wp\/v2\/categories?post=568718"},{"taxonomy":"post_tag","embeddable":true,"href":"https:\/\/www.europesays.com\/fr\/wp-json\/wp\/v2\/tags?post=568718"}],"curies":[{"name":"wp","href":"https:\/\/api.w.org\/{rel}","templated":true}]}}