{"id":568720,"date":"2025-11-30T11:23:15","date_gmt":"2025-11-30T11:23:15","guid":{"rendered":"https:\/\/www.europesays.com\/fr\/568720\/"},"modified":"2025-11-30T11:23:15","modified_gmt":"2025-11-30T11:23:15","slug":"une-equipe-de-negociateurs-ukrainiens-doit-rencontrer-dimanche-marco-rubio-et-steve-witkoff-en-floride","status":"publish","type":"post","link":"https:\/\/www.europesays.com\/fr\/568720\/","title":{"rendered":"une \u00e9quipe de n\u00e9gociateurs ukrainiens doit rencontrer dimanche Marco Rubio et Steve Witkoff en Floride"},"content":{"rendered":"<p>   Marco Rubio et Steve Witkoff doivent rencontrer dimanche une d\u00e9l\u00e9gation ukrainienne en Floride              <\/p>\n<p class=\"post__live-container--answer-text post__space-node\">Le secr\u00e9taire d\u2019Etat am\u00e9ricain, Marco Rubio, et l\u2019envoy\u00e9 sp\u00e9cial de Donald Trump, Steve Witkoff, vont rencontrer, dimanche, une d\u00e9l\u00e9gation ukrainienne en Floride, a d\u00e9clar\u00e9 \u00e0 l\u2019Agence France-Presse (AFP) un responsable gouvernemental am\u00e9ricain. Ils seront accompagn\u00e9s de Jared Kushner, le gendre du pr\u00e9sident des Etats-Unis, apr\u00e8s la pr\u00e9sentation par Donald Trump, ces derniers jours, d\u2019un plan pour mettre fin \u00e0 la guerre entre l\u2019Ukraine et la Russie.<\/p>\n<p class=\"post__live-container--answer-text post__space-node\">Les pourparlers devraient reprendre sur la base d\u2019amendements du plan am\u00e9ricain n\u00e9goci\u00e9s il y a une semaine \u00e0 Gen\u00e8ve entre Am\u00e9ricains, Ukrainiens et Europ\u00e9ens, selon Volodymyr Zelensky. \u00ab\u00a0La partie am\u00e9ricaine est constructive et dans les jours \u00e0 venir, il sera possible de pr\u00e9ciser les \u00e9tapes \u00e0 suivre pour d\u00e9terminer comment mettre fin \u00e0 la guerre dans la dignit\u00e9\u00a0\u00bb, a r\u00e9affirm\u00e9, samedi sur X, le pr\u00e9sident ukrainien, qui sera re\u00e7u lundi \u00e0 Paris par Emmanuel Macron.<\/p>\n<p class=\"post__live-container--answer-text post__space-node\">Pr\u00e9sent il y a une semaine lors des n\u00e9gociations \u00e0 Gen\u00e8ve, Andriy Yermak, l\u2019ancien bras droit de M.\u00a0Zelensky, n\u2019est pas du voyage apr\u00e8s avoir d\u00e9missionn\u00e9 vendredi de ses fonctions de chef de cabinet du chef de l\u2019Etat, \u00e0 la suite de la perquisition de son domicile par les enqu\u00eateurs charg\u00e9s d\u2019\u00e9lucider un scandale de corruption.<\/p>\n","protected":false},"excerpt":{"rendered":"Marco Rubio et Steve Witkoff doivent rencontrer dimanche une d\u00e9l\u00e9gation ukrainienne en Floride Le secr\u00e9taire d\u2019Etat am\u00e9ricain, Marco&hellip;\n","protected":false},"author":2,"featured_media":568721,"comment_status":"","ping_status":"","sticky":false,"template":"","format":"standard","meta":{"footnotes":""},"categories":[1590],"tags":[11,1777,674,12,220],"class_list":{"0":"post-568720","1":"post","2":"type-post","3":"status-publish","4":"format-standard","5":"has-post-thumbnail","7":"category-ukraine","8":"tag-actualites","9":"tag-eu","10":"tag-europe","11":"tag-news","12":"tag-ukraine"},"share_on_mastodon":{"url":"https:\/\/pubeurope.com\/@fr\/115638396946469760","error":""},"_links":{"self":[{"href":"https:\/\/www.europesays.com\/fr\/wp-json\/wp\/v2\/posts\/568720","targetHints":{"allow":["GET"]}}],"collection":[{"href":"https:\/\/www.europesays.com\/fr\/wp-json\/wp\/v2\/posts"}],"about":[{"href":"https:\/\/www.europesays.com\/fr\/wp-json\/wp\/v2\/types\/post"}],"author":[{"embeddable":true,"href":"https:\/\/www.europesays.com\/fr\/wp-json\/wp\/v2\/users\/2"}],"replies":[{"embeddable":true,"href":"https:\/\/www.europesays.com\/fr\/wp-json\/wp\/v2\/comments?post=568720"}],"version-history":[{"count":0,"href":"https:\/\/www.europesays.com\/fr\/wp-json\/wp\/v2\/posts\/568720\/revisions"}],"wp:featuredmedia":[{"embeddable":true,"href":"https:\/\/www.europesays.com\/fr\/wp-json\/wp\/v2\/media\/568721"}],"wp:attachment":[{"href":"https:\/\/www.europesays.com\/fr\/wp-json\/wp\/v2\/media?parent=568720"}],"wp:term":[{"taxonomy":"category","embeddable":true,"href":"https:\/\/www.europesays.com\/fr\/wp-json\/wp\/v2\/categories?post=568720"},{"taxonomy":"post_tag","embeddable":true,"href":"https:\/\/www.europesays.com\/fr\/wp-json\/wp\/v2\/tags?post=568720"}],"curies":[{"name":"wp","href":"https:\/\/api.w.org\/{rel}","templated":true}]}}