{"id":568729,"date":"2025-11-30T11:28:22","date_gmt":"2025-11-30T11:28:22","guid":{"rendered":"https:\/\/www.europesays.com\/fr\/568729\/"},"modified":"2025-11-30T11:28:22","modified_gmt":"2025-11-30T11:28:22","slug":"video-jai-eu-de-la-chance-un-ex-joueur-du-stade-toulousain-gravement-blesse-le-choc-de-sa-celebre-compagne-qui-a-assiste-a-la-scene","status":"publish","type":"post","link":"https:\/\/www.europesays.com\/fr\/568729\/","title":{"rendered":"VIDEO. \u00ab\u00a0J\u2019ai eu de la chance\u00a0\u00bb\u00a0: un ex-joueur du Stade Toulousain gravement bless\u00e9, le choc de sa c\u00e9l\u00e8bre compagne qui a assist\u00e9 \u00e0 la sc\u00e8ne"},"content":{"rendered":"<p>\n                                                                    l&rsquo;essentiel<br \/>\n                                                                La blessure est intervenue samedi 29\u00a0novembre, lors de la 11e journ\u00e9e du championnat de Top 14 de rugby.\n                            <\/p>\n<p>La violente sc\u00e8ne, capt\u00e9e en direct sur la pelouse.\u00a0Le stade a retenu son souffle ce samedi 29\u00a0novembre, lors de la victoire de Bayonne face \u00e0 Lyon (22-20, 11e journ\u00e9e de Top 14).<\/p>\n<p>En effet, l\u2019Aviron a perdu son demi de m\u00eal\u00e9e, Baptiste Germain, dans des circonstances pesantes. Le joueur de 25 ans, qui a fait ses classes au centre de formation du Stade Toulousain avant de quitter d\u00e9finitivement les bords de la Garonne en 2024, a \u00e9t\u00e9 s\u00e9rieusement touch\u00e9 \u00e0 la cheville \u00e0 la 26e minute apr\u00e8s un plaquage.<\/p>\n<p>Les images de sa sortie du terrain ont \u00e9t\u00e9 d\u2019une rare intensit\u00e9. Incapable de poser le pied, soutenu par le staff, Baptiste Germain a \u00e9t\u00e9 vu grima\u00e7ant de douleur et fondant en larmes, laissant craindre une tr\u00e8s grave blessure.<\/p>\n<blockquote data-class=\"twitter-tweet\">\n<p lang=\"fr\" dir=\"ltr\">Baptiste Germain est sorti sur blessure lors du match contre Lyon. ?<\/p>\n<p>Il est parti faire des examens \u00e0 l&rsquo;h\u00f4pital de Bayonne. <\/p>\n<p>Bon r\u00e9tablissement Baptiste ?<a href=\"https:\/\/twitter.com\/hashtag\/ABLOU?src=hash&amp;ref_src=twsrc%5Etfw\" target=\"_blank\" rel=\"noopener\">#ABLOU<\/a> <a href=\"https:\/\/t.co\/rU53vVOyUf\">pic.twitter.com\/rU53vVOyUf<\/a><\/p>\n<p>\u2014 CANAL+ Rugby (@CanalplusRugby) <a href=\"https:\/\/twitter.com\/CanalplusRugby\/status\/1994805919713042913?ref_src=twsrc%5Etfw\" target=\"_blank\" rel=\"noopener\">November 29, 2025<\/a><\/p><\/blockquote>\n<p>Dans les tribunes, l\u2019\u00e9motion \u00e9tait partag\u00e9e par sa compagne, <a href=\"https:\/\/www.ladepeche.fr\/2023\/08\/29\/baptise-germain-qui-est-la-celebre-compagne-du-joueur-du-stade-toulousain-11420307.php\" target=\"_blank\" rel=\"noopener\">la c\u00e9l\u00e8bre Sophie Tapie<\/a>. La fille du l\u00e9gendaire Bernard Tapie, qui partage sa vie depuis 2022 et qui est la m\u00e8re de leurs deux jeunes enfants, \u00e9tait pr\u00e9sente et a assist\u00e9 \u00e0 la sc\u00e8ne en direct.<\/p>\n<p>        <img decoding=\"async\" class=\"std-img__img responsive-img\" src=\"https:\/\/www.europesays.com\/fr\/wp-content\/uploads\/2025\/11\/1764502100_771_image.jpg\" alt=\"Sophie Tapie et Baptiste Germain.\"\/><\/p>\n<p>                Sophie Tapie et Baptiste Germain.<br \/>\n                                    Instagram &#8211; Baptiste Germain<\/p>\n<p class=\"std-elt__inline\">\n        <strong>\u00c0 lire aussi :<\/strong><br \/>\n        <a href=\"https:\/\/www.ladepeche.fr\/2024\/04\/28\/stade-toulousain-la-celebre-compagne-de-baptiste-germain-devoile-une-photo-de-leur-bebe-et-raconte-leur-rencontre-improbable-11917717.php\" target=\"_blank\" rel=\"noopener\">Stade Toulousain\u00a0: la c\u00e9l\u00e8bre compagne de Baptiste Germain d\u00e9voile une photo de leur b\u00e9b\u00e9 et raconte leur \u00ab\u00a0rencontre improbable\u00a0\u00bb<\/a>\n    <\/p>\n<p>\u00c0 l\u2019h\u00f4pital<\/p>\n<p>Imm\u00e9diatement apr\u00e8s l\u2019incident, Sophie Tapie a rejoint son mari pour le soutenir. Elle a publi\u00e9 en story Instagram, ce dimanche\u00a0: une photo prise depuis l\u2019h\u00f4pital montrant le rugbyman avec des b\u00e9quilles, le pied band\u00e9.<\/p>\n<p>        <img decoding=\"async\" class=\"std-img__img responsive-img\" src=\"https:\/\/www.europesays.com\/fr\/wp-content\/uploads\/2025\/11\/1764502101_740_image.jpg\" alt=\"Capture d\u2019\u00e9cran.\"\/><\/p>\n<p>                Capture d\u2019\u00e9cran.<br \/>\n                                    Instagram &#8211; Sophie Tapie<\/p>\n<p>\u00c9galement ce dimanche, le joueur lui-m\u00eame a donn\u00e9 de ses nouvelles, tentant de rassurer ses supporters, mais soulignant la gravit\u00e9 potentielle de l\u2019incident, en attendant les examens\u00a0: \u00ab\u00a0En attendant des r\u00e9sultats IRM lundi, pour le moment les radios ne montrent rien nulle part. Ayant vu les images en replay j\u2019ai eu de la chance. Merci pour vos messages. \u00c0 tr\u00e8s vite.\u00a0\u00bb<\/p>\n<p>        <img decoding=\"async\" class=\"std-img__img responsive-img\" src=\"https:\/\/www.europesays.com\/fr\/wp-content\/uploads\/2025\/11\/1764502102_734_image.jpg\" alt=\"Capture d\u2019\u00e9cran.\"\/><\/p>\n<p>                Capture d\u2019\u00e9cran.<br \/>\n                                    Instagram &#8211; Baptiste Germain<\/p>\n<p class=\"std-elt__inline\">\n        <strong>\u00c0 lire aussi :<\/strong><br \/>\n        <a href=\"https:\/\/www.ladepeche.fr\/2024\/01\/27\/stade-toulousain-baptiste-germain-et-sa-celebre-compagne-sont-parents-et-devoilent-le-prenom-de-leur-premier-enfant-11725530.php\" target=\"_blank\" rel=\"noopener\">Stade Toulousain : Baptiste Germain et sa c\u00e9l\u00e8bre compagne sont parents et d\u00e9voilent le pr\u00e9nom de leur premier enfant !<\/a>\n    <\/p>\n<p>Malgr\u00e9 l\u2019inqui\u00e9tude que suscitent les images de l\u2019accident, le diagnostic initial (radios n\u00e9gatives) offre un premier soulagement pour le jeune p\u00e8re.<\/p>\n<p>En couple depuis trois ans malgr\u00e9 leurs 12 ans de diff\u00e9rence d\u2019\u00e2ge, Baptiste Germain et Sophie Tapie forment un front uni face \u00e0 l\u2019\u00e9preuve. Les r\u00e9sultats de l\u2019IRM d\u00e9termineront la dur\u00e9e de l\u2019absence de l\u2019ancien Toulousain.<\/p>\n<p>                                                                                                                                                                                                        <script async src=\"https:\/\/platform.twitter.com\/widgets.js\" charset=\"utf-8\"><\/script><\/p>\n","protected":false},"excerpt":{"rendered":"l&rsquo;essentiel La blessure est intervenue samedi 29\u00a0novembre, lors de la 11e journ\u00e9e du championnat de Top 14 de&hellip;\n","protected":false},"author":2,"featured_media":568730,"comment_status":"","ping_status":"","sticky":false,"template":"","format":"standard","meta":{"footnotes":""},"categories":[1586],"tags":[11,1777,674,1779,1011,27,12,25,1778,364],"class_list":{"0":"post-568729","1":"post","2":"type-post","3":"status-publish","4":"format-standard","5":"has-post-thumbnail","7":"category-europe","8":"tag-actualites","9":"tag-eu","10":"tag-europe","11":"tag-european-union","12":"tag-fr","13":"tag-france","14":"tag-news","15":"tag-republique-francaise","16":"tag-ue","17":"tag-union-europeenne"},"share_on_mastodon":{"url":"https:\/\/pubeurope.com\/@fr\/115638418641538678","error":""},"_links":{"self":[{"href":"https:\/\/www.europesays.com\/fr\/wp-json\/wp\/v2\/posts\/568729","targetHints":{"allow":["GET"]}}],"collection":[{"href":"https:\/\/www.europesays.com\/fr\/wp-json\/wp\/v2\/posts"}],"about":[{"href":"https:\/\/www.europesays.com\/fr\/wp-json\/wp\/v2\/types\/post"}],"author":[{"embeddable":true,"href":"https:\/\/www.europesays.com\/fr\/wp-json\/wp\/v2\/users\/2"}],"replies":[{"embeddable":true,"href":"https:\/\/www.europesays.com\/fr\/wp-json\/wp\/v2\/comments?post=568729"}],"version-history":[{"count":0,"href":"https:\/\/www.europesays.com\/fr\/wp-json\/wp\/v2\/posts\/568729\/revisions"}],"wp:featuredmedia":[{"embeddable":true,"href":"https:\/\/www.europesays.com\/fr\/wp-json\/wp\/v2\/media\/568730"}],"wp:attachment":[{"href":"https:\/\/www.europesays.com\/fr\/wp-json\/wp\/v2\/media?parent=568729"}],"wp:term":[{"taxonomy":"category","embeddable":true,"href":"https:\/\/www.europesays.com\/fr\/wp-json\/wp\/v2\/categories?post=568729"},{"taxonomy":"post_tag","embeddable":true,"href":"https:\/\/www.europesays.com\/fr\/wp-json\/wp\/v2\/tags?post=568729"}],"curies":[{"name":"wp","href":"https:\/\/api.w.org\/{rel}","templated":true}]}}