{"id":568732,"date":"2025-11-30T11:30:22","date_gmt":"2025-11-30T11:30:22","guid":{"rendered":"https:\/\/www.europesays.com\/fr\/568732\/"},"modified":"2025-11-30T11:30:22","modified_gmt":"2025-11-30T11:30:22","slug":"drome-une-jeune-femme-tuee-par-balles-et-une-autre-blessee-apres-des-tirs-contre-une-voiture","status":"publish","type":"post","link":"https:\/\/www.europesays.com\/fr\/568732\/","title":{"rendered":"Dr\u00f4me. Une jeune femme tu\u00e9e par balles et une autre bless\u00e9e apr\u00e8s\u00a0des\u00a0tirs contre une voiture"},"content":{"rendered":"<p>Samedi 29 novembre au soir, vers 23 heures, une fusillade a \u00e9clat\u00e9 sur la voie publique, \u00e0 Mercurol, \u00e0 proximit\u00e9 de Tain-l\u2019Hermitage, dans la Dr\u00f4me.<\/p>\n<p>Plusieurs coups de feu ont, dans des circonstances qui restent \u00e0 d\u00e9terminer, \u00e9t\u00e9 tir\u00e9s contre une voiture o\u00f9 se trouvaient plusieurs occupants.<\/p>\n<p>Ce contenu est bloqu\u00e9 car vous n&rsquo;avez pas accept\u00e9 les cookies et autres traceurs.<\/p>\n<p>En cliquant sur \u00ab J\u2019accepte \u00bb, les cookies et autres traceurs seront d\u00e9pos\u00e9s et vous pourrez visualiser les contenus  (<a href=\"\" class=\"consentModule_policy\" target=\"_blank\" title=\"Consulter la politique de protection des donn\u00e9es du fournisseur\">plus d&rsquo;informations<\/a>).<\/p>\n<p>En cliquant sur \u00ab J\u2019accepte tous les cookies \u00bb, vous autorisez des d\u00e9p\u00f4ts de cookies et autres traceurs pour le stockage de vos donn\u00e9es sur nos sites et applications \u00e0 des fins de personnalisation et de ciblage publicitaire.<\/p>\n<p class=\"consentModule_secondaryText\">Vous gardez la possibilit\u00e9 de retirer votre consentement \u00e0 tout moment en consultant notre <a href=\"https:\/\/www.ledauphine.com\/protection-des-donnees\" target=\"_blank\" title=\"Consulter notre politique de protection des donn\u00e9es\" rel=\"noopener\">politique de protection des donn\u00e9es<\/a>. <br \/>&#13;<br \/>\n            <a href=\"https:\/\/www.ledauphine.com\/faits-divers-justice\/2025\/11\/30\/javascript:Didomi.notice.show()\" class=\"consentModule_cmp\" target=\"_blank\" rel=\"noopener\">G\u00e9rer mes choix<\/a>&#13;\n        <\/p>\n<p>&#13;<br \/>\n                        J&rsquo;accepte&#13;<br \/>\n            J&rsquo;accepte tous les cookies&#13;\n        <\/p>\n<p>  Une enqu\u00eate ouverte<\/p>\n<p>Apr\u00e8s les tirs, le conducteur a quitt\u00e9 les lieux et s\u2019est pr\u00e9sent\u00e9 aux urgences du centre hospitalier de Valence. Une jeune femme, bless\u00e9e par balles, a succomb\u00e9 \u00e0 ses blessures. Une autre jeune femme, a \u00e9t\u00e9 prise en charge pour des blessures.<\/p>\n<p>Les gendarmes de la section de recherches de Grenoble, du groupement de la Dr\u00f4me et de l\u2019Unit\u00e9 nationale de police judiciaire de la gendarmerie nationale (UNPJ-GN) sont en charge des investigations. Le parquet de Valence s\u2019est, dans la matin\u00e9e ce dimanche 30 novembre, dessaisi de ce dossier au profit de la Juridiction interr\u00e9gionale sp\u00e9cialis\u00e9e (JIRS) de Lyon.<\/p>\n","protected":false},"excerpt":{"rendered":"Samedi 29 novembre au soir, vers 23 heures, une fusillade a \u00e9clat\u00e9 sur la voie publique, \u00e0 Mercurol,&hellip;\n","protected":false},"author":2,"featured_media":568733,"comment_status":"","ping_status":"","sticky":false,"template":"","format":"standard","meta":{"footnotes":""},"categories":[2],"tags":[11,271,272,2730,2737,274,107,1011,27,68381,12,25],"class_list":{"0":"post-568732","1":"post","2":"type-post","3":"status-publish","4":"format-standard","5":"has-post-thumbnail","7":"category-actualites","8":"tag-actualites","9":"tag-crime","10":"tag-delit-et-contravention","11":"tag-drome","12":"tag-edition-romans-nord-drome","13":"tag-faits-divers-justice","14":"tag-fil-info","15":"tag-fr","16":"tag-france","17":"tag-mercurol-veaunes","18":"tag-news","19":"tag-republique-francaise"},"share_on_mastodon":{"url":"https:\/\/pubeurope.com\/@fr\/115638424387721212","error":""},"_links":{"self":[{"href":"https:\/\/www.europesays.com\/fr\/wp-json\/wp\/v2\/posts\/568732","targetHints":{"allow":["GET"]}}],"collection":[{"href":"https:\/\/www.europesays.com\/fr\/wp-json\/wp\/v2\/posts"}],"about":[{"href":"https:\/\/www.europesays.com\/fr\/wp-json\/wp\/v2\/types\/post"}],"author":[{"embeddable":true,"href":"https:\/\/www.europesays.com\/fr\/wp-json\/wp\/v2\/users\/2"}],"replies":[{"embeddable":true,"href":"https:\/\/www.europesays.com\/fr\/wp-json\/wp\/v2\/comments?post=568732"}],"version-history":[{"count":0,"href":"https:\/\/www.europesays.com\/fr\/wp-json\/wp\/v2\/posts\/568732\/revisions"}],"wp:featuredmedia":[{"embeddable":true,"href":"https:\/\/www.europesays.com\/fr\/wp-json\/wp\/v2\/media\/568733"}],"wp:attachment":[{"href":"https:\/\/www.europesays.com\/fr\/wp-json\/wp\/v2\/media?parent=568732"}],"wp:term":[{"taxonomy":"category","embeddable":true,"href":"https:\/\/www.europesays.com\/fr\/wp-json\/wp\/v2\/categories?post=568732"},{"taxonomy":"post_tag","embeddable":true,"href":"https:\/\/www.europesays.com\/fr\/wp-json\/wp\/v2\/tags?post=568732"}],"curies":[{"name":"wp","href":"https:\/\/api.w.org\/{rel}","templated":true}]}}