{"id":568738,"date":"2025-11-30T11:34:12","date_gmt":"2025-11-30T11:34:12","guid":{"rendered":"https:\/\/www.europesays.com\/fr\/568738\/"},"modified":"2025-11-30T11:34:12","modified_gmt":"2025-11-30T11:34:12","slug":"le-tours-vb-fait-plier-saint-nazaire-et-prend-les-commandes-de-la-msl","status":"publish","type":"post","link":"https:\/\/www.europesays.com\/fr\/568738\/","title":{"rendered":"Le Tours VB fait plier Saint-Nazaire et prend les commandes de la MSL"},"content":{"rendered":"<p><strong>Tours\u00a0&#8211; Saint-Nazaire\u00a0: 3-0<\/strong><\/p>\n<p>Il n\u2019est pas encore venu, le jour o\u00f9 le Tours VB tombera pour la premi\u00e8re fois \u00e0 la maison cette saison\u00a0! Apr\u00e8s leur d\u00e9monstration face \u00e0 Tourcoing <a target=\"_self\" href=\"https:\/\/www.lanouvellerepublique.fr\/tours\/coupe-de-france-le-tvb-sanctionne-encore-tourcoing-et-elimine-le-tenant-du-titre-1764110171\" rel=\"noopener\">en Coupe de France (3-0)<\/a> mardi, les Tourangeaux ont une fois encore domin\u00e9 les d\u00e9bats devant leur public, ce samedi, face \u00e0 Saint-Nazaire (3-0). Et comme dans le m\u00eame temps, Tourcoing et Montpellier n\u2019ont pris que deux points, voil\u00e0 d\u00e9sormais le TVB leader de MSL\u00a0!<\/p>\n<p>Certes, tout n\u2019a pas \u00e9t\u00e9 parfait, et Igor Juricic sait que cette victoire comptera autant par son r\u00e9sultat que par les enseignements qu\u2019il y aura \u00e0 en tirer. Reste que ses hommes ont su profiter de leur pleine confiance actuelle pour aller saisir un succ\u00e8s qui n\u2019\u00e9tait pourtant pas donn\u00e9 d\u2019avance.<\/p>\n<p>Saint-Nazaire agressif d\u2019entr\u00e9e<\/p>\n<p>Car les Nazairiens, champions de France 2024, avaient des atouts \u00e0 faire valoir. Ils l\u2019avaient prouv\u00e9 quelques jours plus t\u00f4t en terrassant \u00e0 domicile Montpellier pour se hisser en quarts de finale de la Coupe (3-0). Mais ce samedi, les joueurs de Pedro Uehara n\u2019ont pas su tenir sur la longueur, face \u00e0 un TVB qui n\u2019a jamais paniqu\u00e9 et a gard\u00e9 toute sa concentration jusqu\u2019au bout.<\/p>\n<p>Et ce, m\u00eame si Saint-Nazaire, priv\u00e9 de son pointu n\u00b0\u00a01 Filip John (rest\u00e9 sur le banc), a d\u00e9but\u00e9 son match avec une volont\u00e9 farouche de \u00ab\u00a0rentrer dans le lard\u00a0\u00bb des Tourangeaux. Hyper agressifs au service, les Nazairiens ont d\u2019abord malmen\u00e9 la r\u00e9ception tourangelle \u2013 \u00e0 l\u2019image d\u2019un Kavogo en difficult\u00e9 dans l\u2019exercice \u2013 pour s\u2019offrir l\u2019opportunit\u00e9 de prendre les devants, sur un ace de Garkov (3-5)&#8230;. <\/p>\n<p>    Cet article a \u00e9t\u00e9 tronqu\u00e9. Abonnez-vous pour lire l&rsquo;article complet sur notre site.<\/p>\n<p style=\"margin: 0 !important; padding: 0 !important; font-size: 12px !important;\">Cet article a \u00e9t\u00e9 tronqu\u00e9. Abonnez-vous pour lire l&rsquo;article complet.<\/p>\n<p>    <a href=\"https:\/\/www.lanouvellerepublique.fr\/abonnements\" style=\"display: inline-block; margin-top: 5px !important; padding: 6px 12px !important; background: #cb1c27; color: white; text-decoration: none; border-radius: 4px; font-size: 12px !important;\" target=\"_blank\" rel=\"noopener\"><br \/>\n      S&rsquo;abonner<br \/>\n    <\/a><\/p>\n","protected":false},"excerpt":{"rendered":"Tours\u00a0&#8211; Saint-Nazaire\u00a0: 3-0 Il n\u2019est pas encore venu, le jour o\u00f9 le Tours VB tombera pour la premi\u00e8re&hellip;\n","protected":false},"author":2,"featured_media":568739,"comment_status":"","ping_status":"","sticky":false,"template":"","format":"standard","meta":{"footnotes":""},"categories":[1417],"tags":[1392,1011,27,1387,1655,60,1390,1471,2767,1470,1469],"class_list":{"0":"post-568738","1":"post","2":"type-post","3":"status-publish","4":"format-standard","5":"has-post-thumbnail","7":"category-volley","8":"tag-a-la-une-local","9":"tag-fr","10":"tag-france","11":"tag-indre-et-loire","12":"tag-ligue-a","13":"tag-sports","14":"tag-tours","15":"tag-tours-volley-ball","16":"tag-tvb-37","17":"tag-volley","18":"tag-volleyball"},"share_on_mastodon":{"url":"https:\/\/pubeurope.com\/@fr\/115638440070264576","error":""},"_links":{"self":[{"href":"https:\/\/www.europesays.com\/fr\/wp-json\/wp\/v2\/posts\/568738","targetHints":{"allow":["GET"]}}],"collection":[{"href":"https:\/\/www.europesays.com\/fr\/wp-json\/wp\/v2\/posts"}],"about":[{"href":"https:\/\/www.europesays.com\/fr\/wp-json\/wp\/v2\/types\/post"}],"author":[{"embeddable":true,"href":"https:\/\/www.europesays.com\/fr\/wp-json\/wp\/v2\/users\/2"}],"replies":[{"embeddable":true,"href":"https:\/\/www.europesays.com\/fr\/wp-json\/wp\/v2\/comments?post=568738"}],"version-history":[{"count":0,"href":"https:\/\/www.europesays.com\/fr\/wp-json\/wp\/v2\/posts\/568738\/revisions"}],"wp:featuredmedia":[{"embeddable":true,"href":"https:\/\/www.europesays.com\/fr\/wp-json\/wp\/v2\/media\/568739"}],"wp:attachment":[{"href":"https:\/\/www.europesays.com\/fr\/wp-json\/wp\/v2\/media?parent=568738"}],"wp:term":[{"taxonomy":"category","embeddable":true,"href":"https:\/\/www.europesays.com\/fr\/wp-json\/wp\/v2\/categories?post=568738"},{"taxonomy":"post_tag","embeddable":true,"href":"https:\/\/www.europesays.com\/fr\/wp-json\/wp\/v2\/tags?post=568738"}],"curies":[{"name":"wp","href":"https:\/\/api.w.org\/{rel}","templated":true}]}}