{"id":568745,"date":"2025-11-30T11:41:20","date_gmt":"2025-11-30T11:41:20","guid":{"rendered":"https:\/\/www.europesays.com\/fr\/568745\/"},"modified":"2025-11-30T11:41:20","modified_gmt":"2025-11-30T11:41:20","slug":"la-recrue-parfaite-coute-35me-le-barca-doit-foncer","status":"publish","type":"post","link":"https:\/\/www.europesays.com\/fr\/568745\/","title":{"rendered":"La recrue parfaite co\u00fbte 35M\u20ac, le Bar\u00e7a doit foncer"},"content":{"rendered":"<p>Apr\u00e8s la d\u00e9faite contre Chelsea, le <a href=\"https:\/\/www.onzemondial.com\/etranger\/fc-barcelone.html\" target=\"_blank\" rel=\"noopener\">Bar\u00e7a<\/a> se retrouve une nouvelle fois face \u00e0 ses limites : un manque criant de puissance et de pr\u00e9sence physique au milieu de terrain. Et si la solution s\u2019appelait \u00c9derson dos Santos ? Le milieu br\u00e9silien de l\u2019Atalanta, 26 ans, a \u00e9t\u00e9 recommand\u00e9 sans d\u00e9tour par Andr\u00e9 Cury, agent tr\u00e8s proche du club catalan.<\/p>\n<p>Pour Cury, qui s&rsquo;est exprim\u00e9 dans l&rsquo;\u00e9mission Qu\u00e8 T\u2019hi Jugues!, le diagnostic est clair. \u00ab Le Bar\u00e7a d\u00e9borde de talent, mais on ne peut pas jouer uniquement avec des joueurs techniques en Europe. \u00c0 un moment, il faut du physique, de la puissance, des joueurs capables de couvrir du terrain \u00bb. Et dans ce profil pr\u00e9cis, il ne voit qu\u2019un nom : \u00c9derson. Selon lui, c\u2019est \u00ab un joueur capable de s\u2019adapter parfaitement au syst\u00e8me du Bar\u00e7a, d\u2019apporter beaucoup de puissance et un \u00e9norme volume de jeu \u00bb.<\/p>\n<p>A lire aussi :Ederson, vente obligatoire l&rsquo;\u00e9t\u00e9 prochain ?<\/p>\n<p>Mieux encore : le timing est parfait. Le joueur arrive en fin de contrat dans un peu plus d&rsquo;un an avec l\u2019Atalanta, ce qui ouvre une v\u00e9ritable opportunit\u00e9 sur le march\u00e9. Comme l\u2019explique Cury, \u00ab c\u2019est une opportunit\u00e9 rare, parce qu\u2019il est en fin de contrat \u00bb. Un d\u00e9tail crucial qui pourrait faire chuter son prix.<\/p>\n<p>Depuis plusieurs mois, l\u2019Atalanta refuse de le vendre malgr\u00e9 des offres importantes, mais la situation devrait changer tr\u00e8s vite. \u00ab En janvier ou cet \u00e9t\u00e9, l\u2019op\u00e9ration se fera \u00bb, assure l\u2019agent br\u00e9silien, certain que le club italien pr\u00e9f\u00e9rera le vendre plut\u00f4t que le laisser partir libre.<\/p>\n<p>C\u00f4t\u00e9 financier, l\u2019information est centrale. \u00ab Leur prix pourrait \u00eatre divis\u00e9 par deux. On parle maintenant de 30 \u00e0 40 millions d\u2019euros \u00bb. Un montant autour de 35 millions d\u2019euros pour un joueur que l\u2019Atalanta valorisait auparavant entre 60 et 75 millions, et qui poss\u00e8de \u00ab l\u2019une des meilleures statistiques d\u2019Europe \u00e0 son poste \u00bb.<\/p>\n<p>   Partagez cette info avec vos amis et vos proches en cliquant ici<br \/> Pour r\u00e9sumer<\/p>\n<p>\u00c9derson, milieu br\u00e9silien de l\u2019Atalanta, est la solution id\u00e9ale pour renforcer physiquement le Bar\u00e7a. En fin de contrat, son prix serait tomb\u00e9 entre 30 et 40 M\u20ac. Selon Andr\u00e9 Cury, le club \u00ab a besoin de puissance \u00bb. \u00c0 environ 35 M\u20ac, le Bar\u00e7a doit foncer sur cette opportunit\u00e9.<\/p>\n<p>R\u00e9dacteur<\/p>\n<p><img decoding=\"async\" width=\"76\" height=\"76\" loading=\"lazy\" src=\"https:\/\/www.europesays.com\/fr\/wp-content\/uploads\/2025\/04\/logo-julien-pedebos.jpg\" alt=\"Julien P\u00e9debos\"\/><\/p>\n","protected":false},"excerpt":{"rendered":"Apr\u00e8s la d\u00e9faite contre Chelsea, le Bar\u00e7a se retrouve une nouvelle fois face \u00e0 ses limites : un&hellip;\n","protected":false},"author":2,"featured_media":568746,"comment_status":"","ping_status":"","sticky":false,"template":"","format":"standard","meta":{"footnotes":""},"categories":[1410],"tags":[59813,5695,63,1011,27,60,10662],"class_list":{"0":"post-568745","1":"post","2":"type-post","3":"status-publish","4":"format-standard","5":"has-post-thumbnail","7":"category-football","8":"tag-espagne-liga","9":"tag-fc-barcelone","10":"tag-football","11":"tag-fr","12":"tag-france","13":"tag-sports","14":"tag-transferts"},"share_on_mastodon":{"url":"https:\/\/pubeurope.com\/@fr\/115638468317263186","error":""},"_links":{"self":[{"href":"https:\/\/www.europesays.com\/fr\/wp-json\/wp\/v2\/posts\/568745","targetHints":{"allow":["GET"]}}],"collection":[{"href":"https:\/\/www.europesays.com\/fr\/wp-json\/wp\/v2\/posts"}],"about":[{"href":"https:\/\/www.europesays.com\/fr\/wp-json\/wp\/v2\/types\/post"}],"author":[{"embeddable":true,"href":"https:\/\/www.europesays.com\/fr\/wp-json\/wp\/v2\/users\/2"}],"replies":[{"embeddable":true,"href":"https:\/\/www.europesays.com\/fr\/wp-json\/wp\/v2\/comments?post=568745"}],"version-history":[{"count":0,"href":"https:\/\/www.europesays.com\/fr\/wp-json\/wp\/v2\/posts\/568745\/revisions"}],"wp:featuredmedia":[{"embeddable":true,"href":"https:\/\/www.europesays.com\/fr\/wp-json\/wp\/v2\/media\/568746"}],"wp:attachment":[{"href":"https:\/\/www.europesays.com\/fr\/wp-json\/wp\/v2\/media?parent=568745"}],"wp:term":[{"taxonomy":"category","embeddable":true,"href":"https:\/\/www.europesays.com\/fr\/wp-json\/wp\/v2\/categories?post=568745"},{"taxonomy":"post_tag","embeddable":true,"href":"https:\/\/www.europesays.com\/fr\/wp-json\/wp\/v2\/tags?post=568745"}],"curies":[{"name":"wp","href":"https:\/\/api.w.org\/{rel}","templated":true}]}}