{"id":568747,"date":"2025-11-30T11:42:14","date_gmt":"2025-11-30T11:42:14","guid":{"rendered":"https:\/\/www.europesays.com\/fr\/568747\/"},"modified":"2025-11-30T11:42:14","modified_gmt":"2025-11-30T11:42:14","slug":"laurent-ruquier-devoile-les-raisons-de-sa-separation-davec-hugo-manos","status":"publish","type":"post","link":"https:\/\/www.europesays.com\/fr\/568747\/","title":{"rendered":"Laurent Ruquier d\u00e9voile les raisons de sa s\u00e9paration d\u2019avec Hugo Manos"},"content":{"rendered":"<p>    Laurent Ruquier dans \u00abC \u00e0 vous\u00bb sur France 5.<br \/>\n                Capture d&rsquo;\u00e9cran.<\/p>\n<p>\n    Au d\u00e9but de l\u2019ann\u00e9e, le couple a d\u00e9cid\u00e9 de se s\u00e9parer apr\u00e8s sept ans de relation. Sur le plateau de \u00abC \u00e0 vous\u00bb sur France 5, l\u2019animateur des \u00abGrosses T\u00eates\u00bb a r\u00e9v\u00e9l\u00e9 ce qui a provoqu\u00e9 la rupture.<\/p>\n<p class=\"fig-paragraph\">Fin mars, invit\u00e9 du \u00abBuzz TV\u00bb,\u00a0<a href=\"http:\/\/tvmag.lefigaro.fr\/programme-tv\/people\/nous-sommes-restes-en-bons-termes-hugo-manos-annonce-sa-rupture-avec-laurent-ruquier-20250328\" target=\"_blank\" data-fig-type=\"Article\" rel=\"noopener\" data-gtm-custom-categorie=\"navigation\" data-gtm-custom-action=\"crossclick\" data-gtm-custom-label=\"Contextuel\" data-gtm-event=\"customEventSPE\" data-fig-domain=\"TVMAG\">Hugo Manos a r\u00e9v\u00e9l\u00e9 en exclusivit\u00e9 sa s\u00e9paration<\/a>\u00a0d\u2019avec\u00a0<a href=\"https:\/\/www.lefigaro.fr\/tag\/laurent-ruquier\" target=\"_blank\" rel=\"noopener\" data-gtm-custom-categorie=\"navigation\" data-gtm-custom-action=\"crossclick\" data-gtm-custom-label=\"Contextuel\" data-gtm-event=\"customEventSPE\"><strong>Laurent Ruquier<\/strong><\/a> . Apr\u00e8s sept ans de relation, l\u2019animateur et l\u2019entrepreneur ont choisi d\u2019emprunter des chemins diff\u00e9rents. \u00abC\u2019est la vie, c\u2019est comme \u00e7a. Les plus belles choses arrivent parfois \u00e0 une fin. Tout va tr\u00e8s bien. Nous sommes en tr\u00e8s bons termes. C\u2019est quelqu\u2019un d\u2019extraordinaire. Il me le prouve encore aujourd\u2019hui post-s\u00e9paration. Donc tout va bien. Une rupture, ce n\u2019est jamais \u201cyoupla booum\u201d. Mais nous sommes deux personnes qui nous aimons beaucoup. On a beaucoup d\u2019affection l\u2019un pour l\u2019autre. \u00c7a se passe tr\u00e8s bien\u00bb, avait confi\u00e9 l\u2019ancien chroniqueur de \u00abTPMP People\u00bb sur C8.<\/p>\n<p class=\"fig-paragraph\">Un mois plus tard, le pr\u00e9sentateur des\u00a0<a href=\"https:\/\/tvmag.lefigaro.fr\/programme-tv\/programme\/les-grosses-tetes-d1182385105\" target=\"_blank\" rel=\"noopener\" data-gtm-custom-categorie=\"navigation\" data-gtm-custom-action=\"crossclick\" data-gtm-custom-label=\"Contextuel\" data-gtm-event=\"customEventSPE\">\u00abGrosses T\u00eates\u00bb<\/a>\u00a0sur RTL et jur\u00e9 dans\u00a0<a href=\"https:\/\/tvmag.lefigaro.fr\/programme-tv\/programme\/mask-singer-d870136738\" target=\"_blank\" rel=\"noopener\" data-gtm-custom-categorie=\"navigation\" data-gtm-custom-action=\"crossclick\" data-gtm-custom-label=\"Contextuel\" data-gtm-event=\"customEventSPE\">\u00abMask Singer\u00bb<\/a>\u00a0sur TF1\u00a0<a href=\"http:\/\/tvmag.lefigaro.fr\/programme-tv\/people\/ca-ne-marchait-plus-laurent-ruquier-s-exprime-pour-la-premiere-fois-sur-sa-separation-avec-hugo-manos-20250501\" target=\"_blank\" data-fig-type=\"Article\" rel=\"noopener\" data-gtm-custom-categorie=\"navigation\" data-gtm-custom-action=\"crossclick\" data-gtm-custom-label=\"Contextuel\" data-gtm-event=\"customEventSPE\" data-fig-domain=\"TVMAG\">s\u2019est exprim\u00e9 pour la premi\u00e8re fois<\/a>. \u00ab\u00c7a ne marchait plus&#8230;\u00bb, a-t-il seulement d\u00e9clar\u00e9 lors d\u2019une interview parue dans Paris Match. Vendredi soir, Laurent Ruquier \u00e9tait l\u2019invit\u00e9 de Mohamed Bouhafsi dans\u00a0<a href=\"https:\/\/tvmag.lefigaro.fr\/programme-tv\/programme\/c-a-vous-d629397959\" target=\"_blank\" rel=\"noopener\" data-gtm-custom-categorie=\"navigation\" data-gtm-custom-action=\"crossclick\" data-gtm-custom-label=\"Contextuel\" data-gtm-event=\"customEventSPE\">\u00abC \u00e0 vous\u00bb<\/a>\u00a0sur France 5. Le journaliste a souhait\u00e9 savoir s\u2019il regrettait d\u2019avoir m\u00e9diatis\u00e9 sa relation.<\/p>\n<p class=\"fig-body-link\">\n            \u00c0 lire aussi<br \/>\n        <a class=\"fig-body-link__link\" href=\"http:\/\/tvmag.lefigaro.fr\/programme-tv\/people\/ca-ne-marchait-plus-laurent-ruquier-s-exprime-pour-la-premiere-fois-sur-sa-separation-avec-hugo-manos-20250501\" target=\"_blank\" data-fig-type=\"Article\" rel=\"noopener\" data-gtm-custom-categorie=\"navigation\" data-gtm-custom-action=\"crossclick\" data-gtm-custom-label=\"Contextuel\" data-gtm-event=\"customEventSPE\" data-fig-domain=\"TVMAG\"><\/p>\n<p>        \u00ab\u00c7a ne marchait plus\u00bb\u00a0: Laurent Ruquier s\u2019exprime pour la premi\u00e8re fois sur sa s\u00e9paration avec Hugo Manos<br \/>\n    <\/a>\n<\/p>\n<p>                                                                <a class=\"fig-a11y-skip\" href=\"#fig-a11y-skip-main-inarticle\" data-module=\"a11y-skip\" data-context=\"was @visible\"><br \/>\n    Passer la publicit\u00e9<br \/>\n<\/a>            <\/p>\n<p class=\"fig-paragraph\">\u00abPas du tout. Je suis toujours en contact avec Hugo, on a toujours de tr\u00e8s bonnes relations, on s\u2019est s\u00e9par\u00e9 mais on n\u2019est pas f\u00e2ch\u00e9. Et elle a quand m\u00eame tenu huit ans, c\u2019est pas mal donc cette m\u00e9diatisation n\u2019a pas nui \u00e0 notre rencontre\u00bb, a-t-il d\u2019abord r\u00e9pondu avant de pr\u00e9ciser\u00a0: \u00abPeut-\u00eatre la seule chose qui a \u00e9t\u00e9 le plus dur est d\u2019avoir fait ensemble l\u2019\u00e9mission\u00a0<a href=\"https:\/\/tvmag.lefigaro.fr\/programme-tv\/programme\/les-traitres-d1280983536\" target=\"_blank\" rel=\"noopener\" data-gtm-custom-categorie=\"navigation\" data-gtm-custom-action=\"crossclick\" data-gtm-custom-label=\"Contextuel\" data-gtm-event=\"customEventSPE\">\u201cLes Tra\u00eetres\u201d<\/a> \u00bb. En 2024, le couple avait pris part \u00e0 la saison 3 du jeu de M6. Tra\u00eetres tous les deux, Laurent Ruquier et Hugo Manos avaient remport\u00e9 l\u2019\u00e9mission.<\/p>\n<p class=\"fig-paragraph\">\u00abJe ne conseille \u00e7a \u00e0 aucun couple\u00a0! Mais vraiment \u00e7a a \u00e9t\u00e9 peut-\u00eatre le d\u00e9clic de la s\u00e9paration, a ajout\u00e9 l\u2019animateur. Il faut jamais aller en couple dans ce genre de jeux, c\u2019est affreux, c\u2019est terrible, c\u2019est dur, c\u2019est tr\u00e8s compliqu\u00e9.\u00bb Selon lui, les 25 ans qui les s\u00e9parent ont jou\u00e9 en leur d\u00e9faveur. \u00abHugo est d\u2019une autre g\u00e9n\u00e9ration que la mienne et on est oblig\u00e9 de vivre avec la fa\u00e7on de vivre de l\u2019autre. C\u2019est une g\u00e9n\u00e9ration Instagram, tout le monde montre sa vie aujourd\u2019hui. Le fameux proverbe de Descartes \u201cVivons heureux, vivons cach\u00e9s\u201d, \u00e7a n\u2019existe plus et pourtant h\u00e9las, je crois qu\u2019il est un peu vrai\u00bb, a-t-il conclu.<\/p>\n","protected":false},"excerpt":{"rendered":"Laurent Ruquier dans \u00abC \u00e0 vous\u00bb sur France 5. Capture d&rsquo;\u00e9cran. Au d\u00e9but de l\u2019ann\u00e9e, le couple a&hellip;\n","protected":false},"author":2,"featured_media":568748,"comment_status":"","ping_status":"","sticky":false,"template":"","format":"standard","meta":{"footnotes":""},"categories":[1359],"tags":[58,59,1011,27,1759,973],"class_list":{"0":"post-568747","1":"post","2":"type-post","3":"status-publish","4":"format-standard","5":"has-post-thumbnail","7":"category-people","8":"tag-divertissement","9":"tag-entertainment","10":"tag-fr","11":"tag-france","12":"tag-laurent-ruquier","13":"tag-people"},"share_on_mastodon":{"url":"https:\/\/pubeurope.com\/@fr\/115638471567548818","error":""},"_links":{"self":[{"href":"https:\/\/www.europesays.com\/fr\/wp-json\/wp\/v2\/posts\/568747","targetHints":{"allow":["GET"]}}],"collection":[{"href":"https:\/\/www.europesays.com\/fr\/wp-json\/wp\/v2\/posts"}],"about":[{"href":"https:\/\/www.europesays.com\/fr\/wp-json\/wp\/v2\/types\/post"}],"author":[{"embeddable":true,"href":"https:\/\/www.europesays.com\/fr\/wp-json\/wp\/v2\/users\/2"}],"replies":[{"embeddable":true,"href":"https:\/\/www.europesays.com\/fr\/wp-json\/wp\/v2\/comments?post=568747"}],"version-history":[{"count":0,"href":"https:\/\/www.europesays.com\/fr\/wp-json\/wp\/v2\/posts\/568747\/revisions"}],"wp:featuredmedia":[{"embeddable":true,"href":"https:\/\/www.europesays.com\/fr\/wp-json\/wp\/v2\/media\/568748"}],"wp:attachment":[{"href":"https:\/\/www.europesays.com\/fr\/wp-json\/wp\/v2\/media?parent=568747"}],"wp:term":[{"taxonomy":"category","embeddable":true,"href":"https:\/\/www.europesays.com\/fr\/wp-json\/wp\/v2\/categories?post=568747"},{"taxonomy":"post_tag","embeddable":true,"href":"https:\/\/www.europesays.com\/fr\/wp-json\/wp\/v2\/tags?post=568747"}],"curies":[{"name":"wp","href":"https:\/\/api.w.org\/{rel}","templated":true}]}}