{"id":568749,"date":"2025-11-30T11:43:11","date_gmt":"2025-11-30T11:43:11","guid":{"rendered":"https:\/\/www.europesays.com\/fr\/568749\/"},"modified":"2025-11-30T11:43:11","modified_gmt":"2025-11-30T11:43:11","slug":"ce-style-celeste-qui-envahit-nos-salons-en-2026-promet-une-aura-cosmique-apaisante-comment-ladopter-sans-tomber-dans-le-kitsch","status":"publish","type":"post","link":"https:\/\/www.europesays.com\/fr\/568749\/","title":{"rendered":"Ce style c\u00e9leste qui envahit nos salons en 2026 promet une aura cosmique apaisante : comment l&rsquo;adopter sans tomber dans le kitsch"},"content":{"rendered":"<p>Apr\u00e8s le plan\u00e9tarium g\u00e9ant du d\u00e9fil\u00e9 Chanel Printemps-\u00c9t\u00e9 2026,<br \/>\nla verri\u00e8re du Grand Palais transform\u00e9e en paysage lunaire a donn\u00e9<br \/>\nle ton : le cosmos ne se contente plus d\u2019inspirer les podiums, il<br \/>\ns\u2019invite dans nos salons. Lampes lune, plafonniers nuage, miroirs<br \/>\nsolaires ou \u00e9toil\u00e9s ne sont plus r\u00e9serv\u00e9s aux chambres d\u2019enfants,<br \/>\nils deviennent les pi\u00e8ces ma\u00eetresses d\u2019une <strong>d\u00e9coration<br \/>\nc\u00e9leste<\/strong> pens\u00e9e pour les adultes.<\/p>\n<p>Pl\u00e9biscit\u00e9 par la reine du lifestyle Martha Stewart et d\u00e9sign\u00e9<br \/>\ncomme tendance phare de l\u2019ann\u00e9e 2026 par le magazine britannique<br \/>\nHomes et Gardens, le <strong>style c\u00e9leste<\/strong> r\u00e9pond<br \/>\n\u00e0 une envie de douceur, de po\u00e9sie et de ralentissement. Entre<br \/>\ngalaxie onirique et cocon intimiste, il promet des int\u00e9rieurs qui<br \/>\nrespirent la s\u00e9r\u00e9nit\u00e9 plut\u00f4t que le spectaculaire. Reste \u00e0 savoir<br \/>\ncomment faire entrer ce ciel int\u00e9rieur chez soi sans se perdre dans<br \/>\nles \u00e9toiles.<\/p>\n<p>Un style c\u00e9leste qui fait planer la d\u00e9coration int\u00e9rieure<\/p>\n<p>En octobre, le d\u00e9fil\u00e9 Chanel Printemps-\u00c9t\u00e9 2026 a install\u00e9 un<br \/>\nd\u00e9cor cosmique monumental sous la verri\u00e8re du Grand Palais :<br \/>\npaysage lunaire, voie lact\u00e9e, sph\u00e8res lumineuses \u00e9voquant astres et<br \/>\nplan\u00e8tes ont pos\u00e9 les bases d\u2019un imaginaire stellaire tr\u00e8s fort.<br \/>\nCette sc\u00e9nographie a incarn\u00e9 l\u2019entr\u00e9e de la maison de couture dans<br \/>\nune nouvelle \u00e8re et, dans son sillage, a propuls\u00e9 la tendance comme<br \/>\ngrande <strong>tendance d\u00e9co 2026<\/strong>.<\/p>\n<p>Dans nos int\u00e9rieurs, ce courant ne se r\u00e9sume pas \u00e0 quelques<br \/>\nbibelots scintillants ou \u00e0 un papier peint galaxie sur un mur. Il<br \/>\nse traduit par une mise en sc\u00e8ne immersive, douce et lumineuse,<br \/>\npens\u00e9e pour cr\u00e9er une atmosph\u00e8re enveloppante presque m\u00e9ditative.<br \/>\nModulaire et adaptable, le <strong>style c\u00e9leste<\/strong> s\u2019accorde<br \/>\naussi bien avec un salon contemporain qu\u2019avec une chambre<br \/>\nminimaliste, en cultivant la profondeur visuelle, les nuances<br \/>\ncosmiques et une vraie connexion \u00e0 son int\u00e9riorit\u00e9.<\/p>\n<p>Couleurs, mati\u00e8res et lumi\u00e8res pour une d\u00e9co c\u00e9leste sans<br \/>\nkitsch<\/p>\n<p>Au c\u0153ur de cette \u00e9criture se trouve une palette mouvante, comme<br \/>\nun ciel qui change au fil de la journ\u00e9e. Les bleus nuit glissent<br \/>\nvers des violets et lavandes cosmiques, les gris lunaires se m\u00ealent<br \/>\n\u00e0 des nuages argent\u00e9s, tandis que pastels n\u00e9buleux, beiges<br \/>\nstellaires nacr\u00e9s et blancs laiteux iris\u00e9s enveloppent la pi\u00e8ce<br \/>\nd\u2019une aura presque f\u00e9\u00e9rique. La <strong>couleur c\u00e9leste<\/strong>,<br \/>\nce bleu ciel p\u00e2le issu du latin \u00ab\u00a0coelestis\u00a0\u00bb, symbolise puret\u00e9,<br \/>\nl\u00e9g\u00e8ret\u00e9, paix et d\u00e9tente, ce qui en fait un alli\u00e9 particulierement<br \/>\npr\u00e9cieux pour le salon comme pour l\u2019espace nuit.<\/p>\n<p>Pour apprivoiser ces tonalit\u00e9s sans en faire trop, l\u2019id\u00e9al est<br \/>\nde les combiner par petites touches bien cibl\u00e9es :<\/p>\n<ul>\n<li>Dans le salon, un mur bleu nuit, un canap\u00e9 bleu ciel et<br \/>\nquelques coussins lavande relev\u00e9s d\u2019or p\u00e2le \u00e9voquent un ciel au<br \/>\ncr\u00e9puscule.<\/li>\n<li>Dans la chambre, des murs blanc laiteux, du linge de lit bleu<br \/>\nciel poudre et un tapis beige stellaire cr\u00e9ent un cocon<br \/>\napaisant.<\/li>\n<li>Dans la salle de bain, un cama\u00efeu de gris lunaires, de fa\u00efences<br \/>\nnacr\u00e9es et de m\u00e9tal bross\u00e9 argent\u00e9 rappelle la lumi\u00e8re de la<br \/>\nlune.<\/li>\n<\/ul>\n<p>Ambiance c\u00e9leste au quotidien : jeux de<br \/>\nlumi\u00e8re et plantes d\u00e9polluantes<\/p>\n<p>La lumi\u00e8re reste la v\u00e9ritable \u00e9nergie du <strong>style<br \/>\nc\u00e9leste<\/strong>. Les sources indirectes et diffuses sculptent<br \/>\nl\u2019espace plut\u00f4t que de l\u2019\u00e9craser : rubans LED gliss\u00e9s derri\u00e8re une<br \/>\nt\u00eate de lit ou dans une corniche, appliques murales en halo en<br \/>\nverre d\u00e9poli ou m\u00e9tal perfor\u00e9, luminaires plan\u00e9taires ou<br \/>\nelliptiques en verre opalin, tissu ou papier pour une lumi\u00e8re<br \/>\ntamis\u00e9e. Guirlandes lumineuses fines pos\u00e9es sur une \u00e9tag\u00e8re et<br \/>\nlampadaires uplighter projetant leur faisceau vers le plafond<br \/>\ncompl\u00e8tent ce paysage lumineux en apesanteur.<\/p>\n<p>Pour que cette ambiance cosmique rime avec bien-\u00eatre, l\u2019air doit<br \/>\n\u00eatre aussi soign\u00e9 que les reflets. Des plantes d\u00e9polluantes<br \/>\nm\u00e9connues s\u2019accordent parfaitement \u00e0 cette sc\u00e9nographie douce : la<br \/>\nfoug\u00e8re de Boston, championne pour absorber humidit\u00e9 et odeurs<br \/>\npersistantes, trouve sa place pr\u00e8s d\u2019une baignoire, le chlorophytum<br \/>\nfiltre les \u00e9manations de cuisson en cuisine, le pilea insuffle une<br \/>\nnote design et purifie discr\u00e8tement l\u2019air de la chambre. Lierre<br \/>\nanglais, calathea et zamioculcas, tr\u00e8s tol\u00e9rants et faciles \u00e0<br \/>\nvivre, compl\u00e8tent le d\u00e9cor dans l\u2019entr\u00e9e, le salon ou le bureau et<br \/>\ncr\u00e9ent une v\u00e9ritable barri\u00e8re naturelle contre les mauvaises odeurs<br \/>\net les polluants domestiques, pour un cocon vraiment c\u00e9leste au<br \/>\nquotidien.<\/p>\n","protected":false},"excerpt":{"rendered":"Apr\u00e8s le plan\u00e9tarium g\u00e9ant du d\u00e9fil\u00e9 Chanel Printemps-\u00c9t\u00e9 2026, la verri\u00e8re du Grand Palais transform\u00e9e en paysage lunaire&hellip;\n","protected":false},"author":2,"featured_media":568750,"comment_status":"","ping_status":"","sticky":false,"template":"","format":"standard","meta":{"footnotes":""},"categories":[1358],"tags":[930,5734,68382,1348,1384,1385,1998,17488,49948,20,13330,1446,1386,58,3026,59,55947,1011,27,68384,68383,852,6040,3583,14356,4561,1969,470,96],"class_list":{"0":"post-568749","1":"post","2":"type-post","3":"status-publish","4":"format-standard","5":"has-post-thumbnail","7":"category-arts-et-design","8":"tag-le","9":"tag-5734","10":"tag-apaisante","11":"tag-arts","12":"tag-arts-and-design","13":"tag-arts-et-design","14":"tag-aura","15":"tag-ce","16":"tag-celeste","17":"tag-comment","18":"tag-cosmique","19":"tag-dans","20":"tag-design","21":"tag-divertissement","22":"tag-en","23":"tag-entertainment","24":"tag-envahit","25":"tag-fr","26":"tag-france","27":"tag-kitsch","28":"tag-ladopter","29":"tag-nos","30":"tag-promet","31":"tag-qui","32":"tag-salons","33":"tag-sans","34":"tag-style","35":"tag-tomber","36":"tag-une"},"share_on_mastodon":{"url":"https:\/\/pubeurope.com\/@fr\/115638475373602937","error":""},"_links":{"self":[{"href":"https:\/\/www.europesays.com\/fr\/wp-json\/wp\/v2\/posts\/568749","targetHints":{"allow":["GET"]}}],"collection":[{"href":"https:\/\/www.europesays.com\/fr\/wp-json\/wp\/v2\/posts"}],"about":[{"href":"https:\/\/www.europesays.com\/fr\/wp-json\/wp\/v2\/types\/post"}],"author":[{"embeddable":true,"href":"https:\/\/www.europesays.com\/fr\/wp-json\/wp\/v2\/users\/2"}],"replies":[{"embeddable":true,"href":"https:\/\/www.europesays.com\/fr\/wp-json\/wp\/v2\/comments?post=568749"}],"version-history":[{"count":0,"href":"https:\/\/www.europesays.com\/fr\/wp-json\/wp\/v2\/posts\/568749\/revisions"}],"wp:featuredmedia":[{"embeddable":true,"href":"https:\/\/www.europesays.com\/fr\/wp-json\/wp\/v2\/media\/568750"}],"wp:attachment":[{"href":"https:\/\/www.europesays.com\/fr\/wp-json\/wp\/v2\/media?parent=568749"}],"wp:term":[{"taxonomy":"category","embeddable":true,"href":"https:\/\/www.europesays.com\/fr\/wp-json\/wp\/v2\/categories?post=568749"},{"taxonomy":"post_tag","embeddable":true,"href":"https:\/\/www.europesays.com\/fr\/wp-json\/wp\/v2\/tags?post=568749"}],"curies":[{"name":"wp","href":"https:\/\/api.w.org\/{rel}","templated":true}]}}