{"id":568755,"date":"2025-11-30T11:47:10","date_gmt":"2025-11-30T11:47:10","guid":{"rendered":"https:\/\/www.europesays.com\/fr\/568755\/"},"modified":"2025-11-30T11:47:10","modified_gmt":"2025-11-30T11:47:10","slug":"bugonia-de-yorgos-lanthimos-quand-des-complotistes-veulent-sauver-la-planete-des-aliens","status":"publish","type":"post","link":"https:\/\/www.europesays.com\/fr\/568755\/","title":{"rendered":"\u00ab\u00a0Bugonia\u00a0\u00bb de Y\u00f3rgos L\u00e1nthimos, quand des complotistes veulent sauver la plan\u00e8te des aliens"},"content":{"rendered":"<p>Deux cousins kidnappent la patronne d&rsquo;une puissante firme pharmaceutique qu&rsquo;ils soup\u00e7onnent d&rsquo;\u00eatre une extraterrestre envoy\u00e9e pour d\u00e9truire l&rsquo;humanit\u00e9. Dans \u00ab\u00a0Bugonia\u00a0\u00bb, fable \u00e0 gros sabots teint\u00e9e d&rsquo;humour noir sortie le 26 novembre, Emma Stone retrouve pour la quatri\u00e8me fois le cin\u00e9aste Y\u00f3rgos L\u00e1nthimos.<\/p>\n<p>\u00ab\u00a0Bugonia\u00a0\u00bb. Mais que signifie le titre de ce remake de \u00ab\u00a0Save the Green Planet!\u00a0\u00bb, film sud-cor\u00e9en sorti en 2003? Comme Y\u00f3rgos L\u00e1nthimos adore jouer les plus malins, il nous contraint \u00e0 une recherche Google qui nous apprend que le terme \u00ab\u00a0bugonia\u00a0\u00bb revoie \u00e0 une croyance de la Gr\u00e8ce antique selon laquelle les abeilles pouvaient na\u00eetre de carcasses bovines. Merci Y\u00f3rgos L\u00e1nthimos, on est bien avanc\u00e9.<\/p>\n<p>Des abeilles et des fleurs<\/p>\n<p>Des abeilles et des fleurs. C&rsquo;est sur ce motif simple, symbole de l&rsquo;essence m\u00eame de la vie, que s&rsquo;ouvre et s&rsquo;ach\u00e8ve le quatri\u00e8me film que le cin\u00e9aste grec encha\u00eene avec Emma Stone, apr\u00e8s \u00ab\u00a0La favorite\u00a0\u00bb, \u00ab\u00a0Pauvres cr\u00e9atures\u00a0\u00bb et \u00ab\u00a0Kinds of Kindness\u00a0\u00bb.<\/p>\n<p>L&rsquo;actrice incarne ici Michelle Fuller, patronne antipathique d&rsquo;un grand groupe pharmaceutique. Persuad\u00e9 qu&rsquo;elle est une \u00e9missaire androm\u00e9dienne, race d&rsquo;extraterrestre venue sur Terre pour \u00e9radiquer l&rsquo;esp\u00e8re humaine, Teddy (Jesse Plemons), apiculteur complotiste, d\u00e9cide de la kidnapper avec l\u2019aide de son cousin doucement cr\u00e9tin.<\/p>\n<p>Contenu externe<\/p>\n<p> Ce contenu externe ne peut pas \u00eatre affich\u00e9 car il est susceptible de collecter des donn\u00e9es personnelles. Pour voir ce contenu vous devez autoriser la cat\u00e9gorie <strong>R\u00e9seaux sociaux<\/strong>. <\/p>\n<p> Accepter Plus d&rsquo;info <\/p>\n<p>    Les exclus du syst\u00e8me<\/p>\n<p>Opposant les exclus du syst\u00e8me aux nantis capitalistico-pharmaceutico-\u00e9codestructeurs, \u00ab\u00a0Bugonia\u00a0\u00bb pose deux mondes irr\u00e9m\u00e9diablement \u00e9trangers l&rsquo;un \u00e0 l&rsquo;autre, tout en \u00e9ludant tr\u00e8s vite la piste des \u00ab\u00a0incels\u00a0\u00bb enrag\u00e9s contre la gent f\u00e9minine. D&rsquo;un c\u00f4t\u00e9, la firme et la demeure ultra-technologiques, froides et aseptis\u00e9es de Michelle Fuller, jou\u00e9e avec une rigidit\u00e9 robotique par une Emma Stone que l&rsquo;on d\u00e9couvre par la suite, le cr\u00e2ne ras\u00e9. De l&rsquo;autre, la maison organique, poisseuse, perdue dans la nature, des deux cousins d\u00e9braill\u00e9s.<\/p>\n<p>Nature contre culture. Humanit\u00e9 contre technologie. Raison contre \u00e9motion. Jonglant avec sa th\u00e9matique binaire, Y\u00f3rgos L\u00e1nthimos s&rsquo;amuse \u00e0 \u00e9gratigner les deux p\u00f4les, la kidnapp\u00e9e et son principal ravisseur s&rsquo;\u00e9poumonant dans des joutes verbales qui ne parviennent jamais \u00e0 un consensus ou une vision commune. Port\u00e9s par les excellents Jesse Plemons et Emma Stone, ces moments de confrontation s&rsquo;imposent comme les parties les plus r\u00e9ussies d&rsquo;un film qui s&rsquo;\u00e9vertue, pour le reste, \u00e0 prendre son public pour un idiot. A l&rsquo;\u00e9gal du cousin cr\u00e9tin qui devient l&rsquo;image fantasm\u00e9e du spectateur aux yeux d&rsquo;un cin\u00e9aste d\u00e9finitivement englu\u00e9 dans sa posture d\u00e9miurgique, \u00e0 cheval entre un Kubrick ou un Lars von Trier du pauvre.<\/p>\n<p>Une charge sentencieuse<\/p>\n<p>Ce qui frappe dans cette fable teint\u00e9e d&rsquo;humour noir, au-del\u00e0 de la misanthropie et du nihilisme habituels au cin\u00e9ma de L\u00e1nthimos, c&rsquo;est l&rsquo;esprit de s\u00e9rieux pachydermique avec lequel le r\u00e9alisateur traite ses personnages, comme son discours en phase avec nos folies contemporaines. On se rem\u00e9more alors \u00e0 quel point son mod\u00e8le cor\u00e9en, \u00ab\u00a0Save the Green Planet!\u00a0\u00bb, nous avait enchant\u00e9s par son esprit d\u00e9glingu\u00e9, assez punk, franchement burlesque, qui aboutissait \u00e0 une \u0153uvre bien plus radicale que cette charge au ton sentencieux et au propos d\u00e9monstratif.<\/p>\n<p>Et si Y\u00f3rgos L\u00e1nthimos temp\u00e8re cette fois-ci ses aff\u00e9teries formalistes, il n&rsquo;oublie par de verrouiller son film, repli\u00e9 sur lui-m\u00eame, p\u00e9tri d&rsquo;une autosatisfaction de plus en plus vaine.<\/p>\n<p>Note: 2\/5<\/p>\n<p class=\"sources\">Rafael Wolf\/ld<\/p>\n<p class=\"article-footnote\">\u00ab\u00a0Bugonia\u00a0\u00bb de Y\u00f3rgos L\u00e1nthimos, avec Emma Stone, Jesse Plemons, Aidan Delbis. A voir dans les salles romandes depuis le 26 novembre 2025.<\/p>\n","protected":false},"excerpt":{"rendered":"Deux cousins kidnappent la patronne d&rsquo;une puissante firme pharmaceutique qu&rsquo;ils soup\u00e7onnent d&rsquo;\u00eatre une extraterrestre envoy\u00e9e pour d\u00e9truire l&rsquo;humanit\u00e9.&hellip;\n","protected":false},"author":2,"featured_media":568756,"comment_status":"","ping_status":"","sticky":false,"template":"","format":"standard","meta":{"footnotes":""},"categories":[1354],"tags":[58050,253,1693,68385,650,58,22141,59,2081,1346,1011,27,68386,1360,52,4233,68387],"class_list":{"0":"post-568755","1":"post","2":"type-post","3":"status-publish","4":"format-standard","5":"has-post-thumbnail","7":"category-films","8":"tag-abeille","9":"tag-acteur","10":"tag-arts-et-divertissement","11":"tag-bugonia","12":"tag-cinema","13":"tag-divertissement","14":"tag-emma-stone","15":"tag-entertainment","16":"tag-film","17":"tag-films","18":"tag-fr","19":"tag-france","20":"tag-jesse-plemons","21":"tag-movies","22":"tag-planete","23":"tag-realisateur","24":"tag-yorgos-lanthimos"},"share_on_mastodon":{"url":"https:\/\/pubeurope.com\/@fr\/115638491242848610","error":""},"_links":{"self":[{"href":"https:\/\/www.europesays.com\/fr\/wp-json\/wp\/v2\/posts\/568755","targetHints":{"allow":["GET"]}}],"collection":[{"href":"https:\/\/www.europesays.com\/fr\/wp-json\/wp\/v2\/posts"}],"about":[{"href":"https:\/\/www.europesays.com\/fr\/wp-json\/wp\/v2\/types\/post"}],"author":[{"embeddable":true,"href":"https:\/\/www.europesays.com\/fr\/wp-json\/wp\/v2\/users\/2"}],"replies":[{"embeddable":true,"href":"https:\/\/www.europesays.com\/fr\/wp-json\/wp\/v2\/comments?post=568755"}],"version-history":[{"count":0,"href":"https:\/\/www.europesays.com\/fr\/wp-json\/wp\/v2\/posts\/568755\/revisions"}],"wp:featuredmedia":[{"embeddable":true,"href":"https:\/\/www.europesays.com\/fr\/wp-json\/wp\/v2\/media\/568756"}],"wp:attachment":[{"href":"https:\/\/www.europesays.com\/fr\/wp-json\/wp\/v2\/media?parent=568755"}],"wp:term":[{"taxonomy":"category","embeddable":true,"href":"https:\/\/www.europesays.com\/fr\/wp-json\/wp\/v2\/categories?post=568755"},{"taxonomy":"post_tag","embeddable":true,"href":"https:\/\/www.europesays.com\/fr\/wp-json\/wp\/v2\/tags?post=568755"}],"curies":[{"name":"wp","href":"https:\/\/api.w.org\/{rel}","templated":true}]}}