{"id":568757,"date":"2025-11-30T11:48:13","date_gmt":"2025-11-30T11:48:13","guid":{"rendered":"https:\/\/www.europesays.com\/fr\/568757\/"},"modified":"2025-11-30T11:48:13","modified_gmt":"2025-11-30T11:48:13","slug":"cette-vitamine-pourrait-reduire-de-52-le-risque-de-crise-cardiaque","status":"publish","type":"post","link":"https:\/\/www.europesays.com\/fr\/568757\/","title":{"rendered":"cette vitamine pourrait r\u00e9duire de 52 % le risque de crise cardiaque"},"content":{"rendered":"<p>Connue pour ses effets b\u00e9n\u00e9fiques sur le syst\u00e8me immunitaire, la vitamine D pourrait \u00e9galement \u00eatre un alli\u00e9 pr\u00e9cieux pour la sant\u00e9 cardiaque, selon une r\u00e9cente \u00e9tude am\u00e9ricaine. Cette \u00e9tude a montr\u00e9 que la vitamine D pourrait r\u00e9duire le risque de crise cardiaque, en particulier chez les personnes ayant des ant\u00e9c\u00e9dents de maladies cardiaques.<\/p>\n<p>Les participants \u00e0 l\u2019\u00e9tude, tous ayant une maladie cardiaque pr\u00e9existante, ont \u00e9t\u00e9 r\u00e9partis en deux groupes. L\u2019un a re\u00e7u un suppl\u00e9ment personnalis\u00e9 de vitamine D, tandis que l\u2019autre a pris un placebo. Ce qui distingue cette \u00e9tude, c\u2019est que les chercheurs ont choisi de personnaliser les doses de vitamine D en fonction des besoins individuels des participants, pour atteindre des niveaux sanguins optimaux consid\u00e9r\u00e9s comme b\u00e9n\u00e9fiques pour la <a href=\"https:\/\/www.be.com\/actualites\/dormir-lumiere-ruiner-sante-235055.html\" target=\"_blank\" rel=\"noopener\">sant\u00e9 cardiaque<\/a>.<\/p>\n<p>Plus de 80 % des patients \u00e9taient carenc\u00e9s en vitamine D au d\u00e9but de l\u2019\u00e9tude, ce qui souligne l\u2019importance de cette vitamine dans le maintien de la sant\u00e9. Les r\u00e9sultats de l\u2019\u00e9tude ont montr\u00e9 que les participants qui ont re\u00e7u une dose personnalis\u00e9e de vitamine D ont vu leur risque de crise cardiaque diminuer de 52 % par rapport au groupe t\u00e9moin. Ce r\u00e9sultat a \u00e9t\u00e9 d\u00e9crit comme \u00ab tr\u00e8s enthousiasmant \u00bb par la Pr Heidi May, l\u2019auteure principale de l\u2019\u00e9tude, rapport\u00e9e par l\u2019<a href=\"https:\/\/www.linternaute.com\/sante\/medicaments\/9228235-article-vitamine-crises-cardiaques\/\" target=\"_blank\" rel=\"noopener\">Internaute<\/a>. Ce type d\u2019approche personnalis\u00e9e semble ainsi offrir des b\u00e9n\u00e9fices significatifs, notamment dans la r\u00e9duction du risque de crises cardiaques chez les personnes vuln\u00e9rables.<\/p>\n<p>Prendre de fortes doses de vitamine D peut nuire \u00e0 la sant\u00e9, pr\u00e9viennent les experts<\/p>\n<p>Cependant, bien que les r\u00e9sultats soient prometteurs, l\u2019\u00e9tude rappelle que des apports excessifs en vitamine D peuvent avoir des effets ind\u00e9sirables. L\u2019Agence nationale de s\u00e9curit\u00e9 sanitaire de l\u2019alimentation, de l\u2019environnement et du travail (<a href=\"https:\/\/www.anses.fr\/fr\/content\/vitamine-d-pourquoi-et-comment-assurer-un-apport-suffisant\" target=\"_blank\" rel=\"noopener\">Anses)<\/a> avertit que des doses trop \u00e9lev\u00e9es de vitamine D peuvent entra\u00eener une hypercalc\u00e9mie, c\u2019est-\u00e0-dire un exc\u00e8s de calcium dans le sang, qui peut avoir des cons\u00e9quences sur le c\u0153ur et les reins. D\u2019autres sympt\u00f4mes, comme des maux de t\u00eate, des naus\u00e9es, une perte de poids ou une fatigue excessive, peuvent \u00e9galement survenir.<\/p>\n<p>Face \u00e0 ces risques, les chercheurs soulignent l\u2019importance de consulter un professionnel de sant\u00e9 avant de prendre des compl\u00e9ments de vitamine D, surtout en cas de probl\u00e8mes de sant\u00e9. De plus, bien que la mesure des niveaux de vitamine D ne soit pas recommand\u00e9e dans la population g\u00e9n\u00e9rale, il est conseill\u00e9 de prendre des compl\u00e9ments alimentaires pendant la p\u00e9riode hivernale, lorsque l\u2019exposition au soleil est insuffisante pour produire la vitamine D naturellement.<\/p>\n","protected":false},"excerpt":{"rendered":"Connue pour ses effets b\u00e9n\u00e9fiques sur le syst\u00e8me immunitaire, la vitamine D pourrait \u00e9galement \u00eatre un alli\u00e9 pr\u00e9cieux&hellip;\n","protected":false},"author":2,"featured_media":568758,"comment_status":"","ping_status":"","sticky":false,"template":"","format":"standard","meta":{"footnotes":""},"categories":[10],"tags":[1011,27,72,71],"class_list":{"0":"post-568757","1":"post","2":"type-post","3":"status-publish","4":"format-standard","5":"has-post-thumbnail","7":"category-sante","8":"tag-fr","9":"tag-france","10":"tag-health","11":"tag-sante"},"share_on_mastodon":{"url":"https:\/\/pubeurope.com\/@fr\/115638495123765803","error":""},"_links":{"self":[{"href":"https:\/\/www.europesays.com\/fr\/wp-json\/wp\/v2\/posts\/568757","targetHints":{"allow":["GET"]}}],"collection":[{"href":"https:\/\/www.europesays.com\/fr\/wp-json\/wp\/v2\/posts"}],"about":[{"href":"https:\/\/www.europesays.com\/fr\/wp-json\/wp\/v2\/types\/post"}],"author":[{"embeddable":true,"href":"https:\/\/www.europesays.com\/fr\/wp-json\/wp\/v2\/users\/2"}],"replies":[{"embeddable":true,"href":"https:\/\/www.europesays.com\/fr\/wp-json\/wp\/v2\/comments?post=568757"}],"version-history":[{"count":0,"href":"https:\/\/www.europesays.com\/fr\/wp-json\/wp\/v2\/posts\/568757\/revisions"}],"wp:featuredmedia":[{"embeddable":true,"href":"https:\/\/www.europesays.com\/fr\/wp-json\/wp\/v2\/media\/568758"}],"wp:attachment":[{"href":"https:\/\/www.europesays.com\/fr\/wp-json\/wp\/v2\/media?parent=568757"}],"wp:term":[{"taxonomy":"category","embeddable":true,"href":"https:\/\/www.europesays.com\/fr\/wp-json\/wp\/v2\/categories?post=568757"},{"taxonomy":"post_tag","embeddable":true,"href":"https:\/\/www.europesays.com\/fr\/wp-json\/wp\/v2\/tags?post=568757"}],"curies":[{"name":"wp","href":"https:\/\/api.w.org\/{rel}","templated":true}]}}