{"id":568763,"date":"2025-11-30T11:51:13","date_gmt":"2025-11-30T11:51:13","guid":{"rendered":"https:\/\/www.europesays.com\/fr\/568763\/"},"modified":"2025-11-30T11:51:13","modified_gmt":"2025-11-30T11:51:13","slug":"oubliez-le-17-laffaire-de-ce-black-friday-est-ici-frandroid","status":"publish","type":"post","link":"https:\/\/www.europesays.com\/fr\/568763\/","title":{"rendered":"oubliez le 17, l&rsquo;affaire de ce Black Friday est ici \u2014 Frandroid"},"content":{"rendered":"<p>L\u2019iPhone 17 est sorti, il est brillant, mais il co\u00fbte encore trop cher. La vraie strat\u00e9gie gagnante de ce Black Friday 2025, c\u2019est de regarder juste derri\u00e8re. L\u2019<strong>iPhone 16<\/strong>, encore surpuissant, chute \u00e0 <strong>639,99 \u20ac<\/strong> sur Rakuten. C\u2019est le prix d\u2019un milieu de gamme pour le smartphone d\u2019il y a un an.<\/p>\n<p>On conna\u00eet la chanson : Apple sort un nouveau mod\u00e8le, et celui d\u2019avant devient soudainement l\u2019affaire du si\u00e8cle. C\u2019est exactement ce qui se passe ici. Alors que <a href=\"https:\/\/www.frandroid.com\/marques\/apple\/2811765_test-de-liphone-17-le-meilleur-moment-pour-passer-chez-apple\" target=\"_blank\" rel=\"noopener\">l\u2019iPhone 17<\/a> accapare les projecteurs, l\u2019<strong>iPhone 16<\/strong> d\u00e9gringole <a href=\"https:\/\/shop.frandroid.com\/68653mhp\" data-type=\"link\" data-id=\"https:\/\/fr.shopping.rakuten.com\/boutique\/ONEPRO\/kw\/iphone+16?utm_source=awin&amp;t=1748140&amp;awc=55615_1764488667_7b3a9affa0b40cad3436505bbe59866c\" target=\"_blank\" rel=\"noreferrer noopener affiliate nofollow\" data-gtm=\"{&quot;event&quot;:&quot;afficlic&quot;,&quot;nom_marchand&quot;:&quot;rakuten&quot;,&quot;nom_produit&quot;:&quot;inconnu&quot;,&quot;categorie_produit&quot;:&quot;inconnu&quot;,&quot;module_produit&quot;:&quot;editolink&quot;,&quot;position_marchand&quot;:0,&quot;texte&quot;:&quot;a-639-99-e-chez-rakuten&quot;,&quot;offer_url&quot;:&quot;https:\/\/shop.frandroid.com\/68653mhp&quot;,&quot;zone&quot;:&quot;contenu-page&quot;}\">\u00e0 <strong>639,99 \u20ac<\/strong> chez Rakuten<\/a> (vendeur s\u00e9rieux, on a v\u00e9rifi\u00e9). Pour un t\u00e9l\u00e9phone qui \u00e9tait encore la r\u00e9f\u00e9rence mondiale il y a quelques mois, c\u2019est un tr\u00e8s bon tarif. Et bonne nouvelle : <strong>tous les coloris<\/strong> de 2024 (Outremer, Sarcelle, Rose\u2026) sont disponibles sans surco\u00fbt.<\/p>\n<p>Ne vous y trompez pas : en 2025, ce t\u00e9l\u00e9phone n\u2019a pas pris une ride. Sa puce <strong>A18<\/strong> reste plus rapide que 95 % du parc Android actuel. <\/p>\n<p>Il embarque d\u00e9j\u00e0 le bouton <strong>Camera Control<\/strong> et il est totalement compatible avec <strong>Apple Intelligence<\/strong> (l\u2019IA d\u2019Apple). Concr\u00e8tement, \u00e0 l\u2019usage, vous ne verrez quasiment aucune diff\u00e9rence avec le nouveau mod\u00e8le, sauf sur votre relev\u00e9 bancaire.<\/p>\n<p>Le v\u00e9ritable Black Friday commence enfin ce 28 novembre. Pour l\u2019occasion, les e-commer\u00e7ants partagent leurs meilleures offres pendant toute la dur\u00e9e du week-end. Une aubaine si vous voulez anticiper vos achats de fin d\u2019ann\u00e9e.<\/p>\n<p>Si vous n\u2019avez pas trouv\u00e9 votre bonheur dans les s\u00e9lections pr\u00e9c\u00e9demment cit\u00e9es, voici ce qu\u2019il vous reste \u00e0 faire : <\/p>\n","protected":false},"excerpt":{"rendered":"L\u2019iPhone 17 est sorti, il est brillant, mais il co\u00fbte encore trop cher. La vraie strat\u00e9gie gagnante de&hellip;\n","protected":false},"author":2,"featured_media":568764,"comment_status":"","ping_status":"","sticky":false,"template":"","format":"standard","meta":{"footnotes":""},"categories":[7],"tags":[26132,62374,13052,1011,27,43,40,41,39,42,44],"class_list":{"0":"post-568763","1":"post","2":"type-post","3":"status-publish","4":"format-standard","5":"has-post-thumbnail","7":"category-sciences-et-technologies","8":"tag-apple-iphone-16","9":"tag-black-friday-2025","10":"tag-bons-plans-rakuten","11":"tag-fr","12":"tag-france","13":"tag-science","14":"tag-science-and-technology","15":"tag-sciences","16":"tag-sciences-et-technologies","17":"tag-technologies","18":"tag-technology"},"share_on_mastodon":{"url":"https:\/\/pubeurope.com\/@fr\/115638506950636988","error":""},"_links":{"self":[{"href":"https:\/\/www.europesays.com\/fr\/wp-json\/wp\/v2\/posts\/568763","targetHints":{"allow":["GET"]}}],"collection":[{"href":"https:\/\/www.europesays.com\/fr\/wp-json\/wp\/v2\/posts"}],"about":[{"href":"https:\/\/www.europesays.com\/fr\/wp-json\/wp\/v2\/types\/post"}],"author":[{"embeddable":true,"href":"https:\/\/www.europesays.com\/fr\/wp-json\/wp\/v2\/users\/2"}],"replies":[{"embeddable":true,"href":"https:\/\/www.europesays.com\/fr\/wp-json\/wp\/v2\/comments?post=568763"}],"version-history":[{"count":0,"href":"https:\/\/www.europesays.com\/fr\/wp-json\/wp\/v2\/posts\/568763\/revisions"}],"wp:featuredmedia":[{"embeddable":true,"href":"https:\/\/www.europesays.com\/fr\/wp-json\/wp\/v2\/media\/568764"}],"wp:attachment":[{"href":"https:\/\/www.europesays.com\/fr\/wp-json\/wp\/v2\/media?parent=568763"}],"wp:term":[{"taxonomy":"category","embeddable":true,"href":"https:\/\/www.europesays.com\/fr\/wp-json\/wp\/v2\/categories?post=568763"},{"taxonomy":"post_tag","embeddable":true,"href":"https:\/\/www.europesays.com\/fr\/wp-json\/wp\/v2\/tags?post=568763"}],"curies":[{"name":"wp","href":"https:\/\/api.w.org\/{rel}","templated":true}]}}