{"id":568767,"date":"2025-11-30T11:53:11","date_gmt":"2025-11-30T11:53:11","guid":{"rendered":"https:\/\/www.europesays.com\/fr\/568767\/"},"modified":"2025-11-30T11:53:11","modified_gmt":"2025-11-30T11:53:11","slug":"il-ny-a-jamais-eu-autant-de-responsables-en-exercice-recherches-pour-crimes-contre-lhumanite-liberation","status":"publish","type":"post","link":"https:\/\/www.europesays.com\/fr\/568767\/","title":{"rendered":"\u00abIl n\u2019y a jamais eu autant de responsables en exercice recherch\u00e9s pour \u201ccrimes contre l\u2019humanit\u00e9\u201d\u00bb \u2013 Lib\u00e9ration"},"content":{"rendered":"<p class=\"sc-cPiKLX AiZTS text-element\">Les proc\u00e8s de dirigeants nazis en novembre 1945, \u00e0 Nuremberg, ont pos\u00e9 les bases d\u2019un nouvel ordre judiciaire international. Quatre-vingts ans apr\u00e8s le d\u00e9but de ces audiences, l\u2019impunit\u00e9 des dirigeants et des criminels de masse est de plus en plus remise en question, m\u00eame si l\u2019id\u00e9e d\u2019une justice internationale est combattue par les puissances illib\u00e9rales. Mandats d\u2019arr\u00eats contre <a href=\"https:\/\/www.liberation.fr\/international\/europe\/deportations-denfants-ukrainiens-par-la-russie-la-justice-internationale-saisie-20221221_PKVT34CUTBFZVMUDF3DXXWFGLU\/\" target=\"_blank\" rel=\"noopener\" title=\"https:\/\/www.liberation.fr\/international\/europe\/deportations-denfants-ukrainiens-par-la-russie-la-justice-internationale-saisie-20221221_PKVT34CUTBFZVMUDF3DXXWFGLU\/\">Vladimir Poutine<\/a>, contre <a href=\"https:\/\/www.liberation.fr\/international\/moyen-orient\/cour-penale-internationale-pour-benyamin-netanyahou-le-coup-darret-20241121_JVPA54N6PZGTJP2QCLHR4XCCHY\/\" target=\"_blank\" rel=\"noopener\" title=\"https:\/\/www.liberation.fr\/international\/moyen-orient\/cour-penale-internationale-pour-benyamin-netanyahou-le-coup-darret-20241121_JVPA54N6PZGTJP2QCLHR4XCCHY\/\">Benyamin N\u00e9tanyahou<\/a>, contre <a href=\"https:\/\/www.liberation.fr\/planete\/2020\/02\/11\/les-faits-reproches-a-el-bechir-sont-d-une-extreme-gravite_1778098\/\" target=\"_blank\" rel=\"noopener\" title=\"https:\/\/www.liberation.fr\/planete\/2020\/02\/11\/les-faits-reproches-a-el-bechir-sont-d-une-extreme-gravite_1778098\/\">Omar el-B\u00e9chir<\/a>, contre <a href=\"https:\/\/www.liberation.fr\/soc&lt;\/p&gt;&lt;\/div&gt;&lt;\/article&gt;&lt;\/div&gt;&lt;div data-fusion-lazy-id=\" f0f8vgvlad832fw=\"\" target=\"_blank\" rel=\"noopener\"><\/p>\n","protected":false},"excerpt":{"rendered":"Les proc\u00e8s de dirigeants nazis en novembre 1945, \u00e0 Nuremberg, ont pos\u00e9 les bases d\u2019un nouvel ordre judiciaire&hellip;\n","protected":false},"author":2,"featured_media":568768,"comment_status":"","ping_status":"","sticky":false,"template":"","format":"standard","meta":{"footnotes":""},"categories":[5],"tags":[11,5887,1011,27,9267,3522,14,12,132,15568,28],"class_list":{"0":"post-568767","1":"post","2":"type-post","3":"status-publish","4":"format-standard","5":"has-post-thumbnail","7":"category-international","8":"tag-actualites","9":"tag-cour-penale-internationale","10":"tag-fr","11":"tag-france","12":"tag-genocide","13":"tag-guerre-hamas-israel","14":"tag-international","15":"tag-news","16":"tag-russie","17":"tag-rwanda","18":"tag-world"},"share_on_mastodon":{"url":"https:\/\/pubeurope.com\/@fr\/115638514885905588","error":""},"_links":{"self":[{"href":"https:\/\/www.europesays.com\/fr\/wp-json\/wp\/v2\/posts\/568767","targetHints":{"allow":["GET"]}}],"collection":[{"href":"https:\/\/www.europesays.com\/fr\/wp-json\/wp\/v2\/posts"}],"about":[{"href":"https:\/\/www.europesays.com\/fr\/wp-json\/wp\/v2\/types\/post"}],"author":[{"embeddable":true,"href":"https:\/\/www.europesays.com\/fr\/wp-json\/wp\/v2\/users\/2"}],"replies":[{"embeddable":true,"href":"https:\/\/www.europesays.com\/fr\/wp-json\/wp\/v2\/comments?post=568767"}],"version-history":[{"count":0,"href":"https:\/\/www.europesays.com\/fr\/wp-json\/wp\/v2\/posts\/568767\/revisions"}],"wp:featuredmedia":[{"embeddable":true,"href":"https:\/\/www.europesays.com\/fr\/wp-json\/wp\/v2\/media\/568768"}],"wp:attachment":[{"href":"https:\/\/www.europesays.com\/fr\/wp-json\/wp\/v2\/media?parent=568767"}],"wp:term":[{"taxonomy":"category","embeddable":true,"href":"https:\/\/www.europesays.com\/fr\/wp-json\/wp\/v2\/categories?post=568767"},{"taxonomy":"post_tag","embeddable":true,"href":"https:\/\/www.europesays.com\/fr\/wp-json\/wp\/v2\/tags?post=568767"}],"curies":[{"name":"wp","href":"https:\/\/api.w.org\/{rel}","templated":true}]}}