{"id":568773,"date":"2025-11-30T11:56:11","date_gmt":"2025-11-30T11:56:11","guid":{"rendered":"https:\/\/www.europesays.com\/fr\/568773\/"},"modified":"2025-11-30T11:56:11","modified_gmt":"2025-11-30T11:56:11","slug":"extinction-rebellion-a-propose-des-fripes-gratuites-a-saint-etienne","status":"publish","type":"post","link":"https:\/\/www.europesays.com\/fr\/568773\/","title":{"rendered":"Extinction Rebellion a propos\u00e9 des fripes gratuites \u00e0 Saint-Etienne"},"content":{"rendered":"<p>Le Black Friday, une course aux achats impulsifs\u00a0? C\u2019est la position des militants d\u2019Extinction Rebellion. Samedi, ils sont all\u00e9s \u00e0 la rencontre des St\u00e9phanois pour leur offrir \u00ab\u00a0une alternative simple, conviviale et b\u00e9n\u00e9fique pour le portefeuille comme pour la plan\u00e8te\u00a0\u00bb en transformant plusieurs lieux strat\u00e9giques de Saint-\u00c9tienne en fripe gratuite et mobile ouverte \u00e0 tous.<\/p>\n<p> Les v\u00eatements distribu\u00e9s gratuitement provenaient de dons de particuliers, d\u2019associations et de ressourceries locales. \u00ab\u00a0Gr\u00e2ce \u00e0 cette mobilisation solidaire, pr\u00e9cisent-ils, nous avons pu proposer un large choix de pi\u00e8ces de qualit\u00e9, propres et en bon \u00e9tat. Beaucoup ont \u00e9t\u00e9 surpris de d\u00e9couvrir qu\u2019il est non seulement possible, mais aussi facile, de s\u2019habiller joliment avec des v\u00eatements de seconde main\u00a0\u00bb.<\/p>\n<p>  \u00ab\u00a0Beaucoup de bonnes affaires n\u2019en sont pas\u00a0\u00bb<\/p>\n<p>L\u2019objectif d\u2019Extinction Rebellion Saint-\u00c9tienne \u00e9tait triple. \u00ab\u00a0Montrer que l\u2019on peut trouver des articles attirants sans acheter du neuf, notamment aupr\u00e8s d\u2019une client\u00e8le qui peut avoir tendance \u00e0 surconsommer lors de <a href=\"https:\/\/www.leprogres.fr\/economie\/2025\/11\/28\/black-friday-ca-aurait-plus-de-sens-de-le-faire-le-26-decembre\" target=\"_blank\" rel=\"noopener\">temps forts commerciaux comme le Black Friday<\/a> , sensibiliser \u00e0 cette surconsommation et \u00e0 ce qu\u2019elle engendre (impacts sociaux et climatiques principalement), informer que beaucoup de \u00ab\u00a0bonnes affaires\u00a0\u00bb n\u2019en sont pas car les prix des articles sont souvent augment\u00e9s en amont de cette journ\u00e9e\u00a0\u00bb.<\/p>\n<p>Extinction Rebellion Saint-\u00c9tienne \u00ab\u00a0rappelle qu\u2019un autre mod\u00e8le est possible\u00a0: un mod\u00e8le plus \u00e9conomique, plus \u00e9cologique et plus humain\u00a0\u00bb.<\/p>\n","protected":false},"excerpt":{"rendered":"Le Black Friday, une course aux achats impulsifs\u00a0? C\u2019est la position des militants d\u2019Extinction Rebellion. Samedi, ils sont&hellip;\n","protected":false},"author":2,"featured_media":568774,"comment_status":"","ping_status":"","sticky":false,"template":"","format":"standard","meta":{"footnotes":""},"categories":[9653],"tags":[1111,11,2430,130,9771,33,7539,1777,674,1011,27,3367,12,25,4001,7538,104],"class_list":{"0":"post-568773","1":"post","2":"type-post","3":"status-publish","4":"format-standard","5":"has-post-thumbnail","7":"category-saint-etienne","8":"tag-actu","9":"tag-actualites","10":"tag-auvergne-rhone-alpes","11":"tag-consommation","12":"tag-desinfox","13":"tag-economie","14":"tag-edition-loire-sud","15":"tag-eu","16":"tag-europe","17":"tag-fr","18":"tag-france","19":"tag-loire","20":"tag-news","21":"tag-republique-francaise","22":"tag-saint-etienne","23":"tag-saint-etienne-ville","24":"tag-societe"},"share_on_mastodon":{"url":"","error":""},"_links":{"self":[{"href":"https:\/\/www.europesays.com\/fr\/wp-json\/wp\/v2\/posts\/568773","targetHints":{"allow":["GET"]}}],"collection":[{"href":"https:\/\/www.europesays.com\/fr\/wp-json\/wp\/v2\/posts"}],"about":[{"href":"https:\/\/www.europesays.com\/fr\/wp-json\/wp\/v2\/types\/post"}],"author":[{"embeddable":true,"href":"https:\/\/www.europesays.com\/fr\/wp-json\/wp\/v2\/users\/2"}],"replies":[{"embeddable":true,"href":"https:\/\/www.europesays.com\/fr\/wp-json\/wp\/v2\/comments?post=568773"}],"version-history":[{"count":0,"href":"https:\/\/www.europesays.com\/fr\/wp-json\/wp\/v2\/posts\/568773\/revisions"}],"wp:featuredmedia":[{"embeddable":true,"href":"https:\/\/www.europesays.com\/fr\/wp-json\/wp\/v2\/media\/568774"}],"wp:attachment":[{"href":"https:\/\/www.europesays.com\/fr\/wp-json\/wp\/v2\/media?parent=568773"}],"wp:term":[{"taxonomy":"category","embeddable":true,"href":"https:\/\/www.europesays.com\/fr\/wp-json\/wp\/v2\/categories?post=568773"},{"taxonomy":"post_tag","embeddable":true,"href":"https:\/\/www.europesays.com\/fr\/wp-json\/wp\/v2\/tags?post=568773"}],"curies":[{"name":"wp","href":"https:\/\/api.w.org\/{rel}","templated":true}]}}