{"id":568777,"date":"2025-11-30T11:58:15","date_gmt":"2025-11-30T11:58:15","guid":{"rendered":"https:\/\/www.europesays.com\/fr\/568777\/"},"modified":"2025-11-30T11:58:15","modified_gmt":"2025-11-30T11:58:15","slug":"on-peut-accompagner-les-collectivites-explique-veolia","status":"publish","type":"post","link":"https:\/\/www.europesays.com\/fr\/568777\/","title":{"rendered":"\u00ab\u00a0On peut accompagner les collectivit\u00e9s\u00a0\u00bb, explique Veolia"},"content":{"rendered":"<p>354. C\u2019est en millions de tonnes le volume de d\u00e9chets produits chaque ann\u00e9e en moyenne en France. C\u2019est un des plus importants tonnages actuels en Europe. C\u2019est dire si la question pr\u00e9occupe tout le monde, du simple citoyen aux collectivit\u00e9s locales, en passant par les entreprises mastodontes du secteur du tri et du recyclage comme Veolia.<\/p>\n<p>Directeur g\u00e9n\u00e9ral des Unit\u00e9s industrielles de Veolia Recyclage et valorisation des d\u00e9chets France, et membre du comit\u00e9 ex\u00e9cutif de Veolia, <a href=\"https:\/\/www.linkedin.com\/in\/alexandre-guyon-3bb90427\/\" target=\"_blank\" rel=\"noopener\">Alexandre Guyon<\/a> \u00e9tait, ce vendredi 28\u00a0novembre, l\u2019invit\u00e9 des Rencontres matinales de <a href=\"https:\/\/www.estrepublicain.fr\/magazine-tourisme-et-patrimoine\/2024\/03\/17\/dans-les-coulisses-de-l-excelsior-a-nancy-une-brasserie-art-nouveau-plus-que-centenaire\" target=\"_blank\" rel=\"noopener\">L\u2019Excelsior<\/a> \u00e0 Nancy, organis\u00e9es par SDIC Conseil, avec Ici Lorraine et L\u2019Est R\u00e9publicain (groupe Ebra).<\/p>\n<p>Pendant deux heures, le cadre de Veolia a rappel\u00e9 les enjeux pr\u00e9sents de la gestion des d\u00e9chets. Apr\u00e8s le congr\u00e8s des maires et \u00e0 quelques mois des \u00e9lections municipales de 2026, Alexandre Guyon a surtout voulu passer un message aupr\u00e8s des collectivit\u00e9s locales qui vivent actuellement de grandes incertitudes, non sur leurs intentions, mais sur leurs budgets futurs.<\/p>\n<p>  \u00ab\u00a0Pour le protoxyde, on peut installer des cam\u00e9ras dans les poubelles\u00a0\u00bb<\/p>\n<p>\u00ab\u00a0Les collectivit\u00e9s, comme le Grand Nancy, sont tr\u00e8s volontaristes sur la probl\u00e9matique des d\u00e9chets. Nous, on a besoin de la commande, c\u2019est s\u00fbr, et du soutien public. Car on peut accompagner dans l\u2019innovation\u00a0\u00bb, explique Alexandre Guyon.<\/p>\n<p>Le directeur a mis en avant deux exemples\u00a0: le protoxyde d\u2019azote, dont <a href=\"https:\/\/www.estrepublicain.fr\/faits-divers-justice\/2025\/11\/19\/le-protoxyde-d-azote-(bientot)-interdit-a-la-vente\" target=\"_blank\" rel=\"noopener\">on parle beaucoup \u00e0 Nancy<\/a> , et le b\u00e9ton du futur.<\/p>\n<p>Alexandre Guyon\u00a0: \u00ab\u00a0Pour le protoxyde, tr\u00e8s dangereux en incin\u00e9ration car cela explose, on peut installer des cam\u00e9ras dans les poubelles et cr\u00e9er de l\u2019alerte avec l\u2019 <a href=\"https:\/\/www.estrepublicain.fr\/societe\/2025\/11\/26\/faux-sites-d-infos-dans-nos-regions-enquete-sur-une-guerre-numerique\" target=\"_blank\" rel=\"noopener\">IA<\/a>. Pour le b\u00e9ton, on vient de signer une alliance avec Cerema pour l\u2019utilisation des m\u00e2chefers comme mati\u00e8re premi\u00e8re secondaire dans la fabrication de b\u00e9tons durables pour du mobilier urbain \u2013 bancs, jardini\u00e8res, bordures de trottoir, s\u00e9parateurs de voies cyclables \u2013 et ainsi \u00e9quiper les espaces publics de mobilier durable, performant, bas carbone et issu de l\u2018\u00e9conomie circulaire locale.\u00a0\u00bb<\/p>\n<p>Le but\u00a0: r\u00e9duire les tonnes de d\u00e9chets produits, toujours.<\/p>\n","protected":false},"excerpt":{"rendered":"354. C\u2019est en millions de tonnes le volume de d\u00e9chets produits chaque ann\u00e9e en moyenne en France. C\u2019est&hellip;\n","protected":false},"author":2,"featured_media":568778,"comment_status":"","ping_status":"","sticky":false,"template":"","format":"standard","meta":{"footnotes":""},"categories":[9635],"tags":[1111,11,1477,4749,33,1704,436,1777,674,1011,27,775,9588,5015,3457,1702,1703,12,25,216],"class_list":{"0":"post-568777","1":"post","2":"type-post","3":"status-publish","4":"format-standard","5":"has-post-thumbnail","7":"category-nancy","8":"tag-actu","9":"tag-actualites","10":"tag-artisanat","11":"tag-btp-et-chantiers","12":"tag-economie","13":"tag-edition-nancy-et-agglomeration","14":"tag-environnement","15":"tag-eu","16":"tag-europe","17":"tag-fr","18":"tag-france","19":"tag-grand-est","20":"tag-ici-on-agit","21":"tag-innovation-et-start-up","22":"tag-meurthe-et-moselle","23":"tag-nancy","24":"tag-nancy-ville-54b","25":"tag-news","26":"tag-republique-francaise","27":"tag-vie-des-entreprises"},"share_on_mastodon":{"url":"https:\/\/pubeurope.com\/@fr\/115638534327831966","error":""},"_links":{"self":[{"href":"https:\/\/www.europesays.com\/fr\/wp-json\/wp\/v2\/posts\/568777","targetHints":{"allow":["GET"]}}],"collection":[{"href":"https:\/\/www.europesays.com\/fr\/wp-json\/wp\/v2\/posts"}],"about":[{"href":"https:\/\/www.europesays.com\/fr\/wp-json\/wp\/v2\/types\/post"}],"author":[{"embeddable":true,"href":"https:\/\/www.europesays.com\/fr\/wp-json\/wp\/v2\/users\/2"}],"replies":[{"embeddable":true,"href":"https:\/\/www.europesays.com\/fr\/wp-json\/wp\/v2\/comments?post=568777"}],"version-history":[{"count":0,"href":"https:\/\/www.europesays.com\/fr\/wp-json\/wp\/v2\/posts\/568777\/revisions"}],"wp:featuredmedia":[{"embeddable":true,"href":"https:\/\/www.europesays.com\/fr\/wp-json\/wp\/v2\/media\/568778"}],"wp:attachment":[{"href":"https:\/\/www.europesays.com\/fr\/wp-json\/wp\/v2\/media?parent=568777"}],"wp:term":[{"taxonomy":"category","embeddable":true,"href":"https:\/\/www.europesays.com\/fr\/wp-json\/wp\/v2\/categories?post=568777"},{"taxonomy":"post_tag","embeddable":true,"href":"https:\/\/www.europesays.com\/fr\/wp-json\/wp\/v2\/tags?post=568777"}],"curies":[{"name":"wp","href":"https:\/\/api.w.org\/{rel}","templated":true}]}}