{"id":568779,"date":"2025-11-30T12:00:52","date_gmt":"2025-11-30T12:00:52","guid":{"rendered":"https:\/\/www.europesays.com\/fr\/568779\/"},"modified":"2025-11-30T12:00:52","modified_gmt":"2025-11-30T12:00:52","slug":"drame-pres-de-nancy-fusillade-en-californie-deces-a-ploubezre-le-point-a-la-mi-journee","status":"publish","type":"post","link":"https:\/\/www.europesays.com\/fr\/568779\/","title":{"rendered":"Drame pr\u00e8s de Nancy, fusillade en Californie, d\u00e9c\u00e8s \u00e0 Ploubezre\u00a0: le point \u00e0 la mi-journ\u00e9e"},"content":{"rendered":"<p><strong>Cinq morts dans un incendie en Meurthe-et-Moselle<\/strong><\/p>\n<blockquote class=\"twitter-tweet\">\n<p lang=\"fr\" dir=\"ltr\">Un dramatique incendie a ravag\u00e9 cette nuit \u00e0 Neuves-Maisons, en Meurthe-et-Moselle, une habitation du centre-ville. <\/p>\n<p>5 personnes sont d\u00e9c\u00e9d\u00e9es et une autre est bless\u00e9e. Mes sinc\u00e8res pens\u00e9es vont aux victimes et \u00e0 leurs proches.<\/p>\n<p>Je salue la mobilisation des sapeurs-pompiers qui\u2026<\/p>\n<p>\u2014 Laurent Nu\u00f1ez (@NunezLaurent) <a href=\"https:\/\/twitter.com\/NunezLaurent\/status\/1995045503420051612?ref_src=twsrc%5Etfw\" target=\"_blank\" rel=\"noopener\">November 30, 2025<\/a><\/p><\/blockquote>\n<p>Cinq personnes, dont trois jeunes, sont mortes, ce dimanche, dans <a href=\"https:\/\/www.letelegramme.fr\/faits-divers\/incendie-en-meurthe-et-moselle-quatre-morts-dont-deux-jeunes-de-20-et-16-ans-6937884.php\" target=\"_blank\" rel=\"noopener\">un incendie \u00e0 Neuves-Maisons<\/a> (Meurthe-et-Moselle), une commune situ\u00e9e au sud-ouest de Nancy, et une personne a pu en r\u00e9chapper. Les victimes sont \u00ab deux personnes entre 50 et 60 ans et trois autres jeunes personnes \u00bb, a d\u00e9taill\u00e9 sur place le pr\u00e9fet Yves S\u00e9guy.<\/p>\n<p>Le seul rescap\u00e9 a r\u00e9ussi \u00e0 \u00ab prendre place sur le toit de l\u2019immeuble \u00bb et a pu \u00ab donner l\u2019alerte \u00bb. Cette personne est \u00ab simplement bless\u00e9e \u00bb, victime d\u2019inhalation de fum\u00e9es.<\/p>\n<p>\u00ab Mes premi\u00e8res pens\u00e9es vont aux victimes et \u00e0 leurs proches, c\u2019est un dramatique incendie \u00bb, a d\u00e9clar\u00e9 le pr\u00e9fet Yves S\u00e9guy. \u00ab \u00c0 l\u2019heure o\u00f9 nous parlons c\u2019est difficile d\u2019en d\u00e9terminer les circonstances \u00bb, a-t-il ajout\u00e9, soulignant qu\u2019une enqu\u00eate judiciaire \u00ab est en cours pour \u00e9tablir dans quelles conditions cet incendie a pu se d\u00e9velopper aussi vite et produire autant de d\u00e9g\u00e2ts \u00bb.<\/p>\n<p>\u00ab L\u2019immeuble semble en bon \u00e9tat \u00bb, a not\u00e9 le pr\u00e9fet. Il \u00ab \u00e9tait occup\u00e9 simplement par une famille \u00bb. Au moment du drame, celle-ci \u00ab accueillait, semble-t-il, un ou deux adolescents au moment o\u00f9 s\u2019est produit le sinistre \u00bb.<\/p>\n<p><strong>Tirs en Californie : au moins quatre morts et dix bless\u00e9s<\/strong><\/p>\n<blockquote class=\"twitter-tweet\">\n<p lang=\"en\" dir=\"ltr\">\\ud83d\\udea8STOCKTON MASS SHOOTING LEAVES CHILDREN CRITICALLY WOUNDED IN CHAOTIC SCENE<\/p>\n<p>A mass shooting in Stockton, California has left at least 10 people injured, including a 9-year-old, 12-year-old and 23-year-old.<\/p>\n<p>The 12-year-old is undergoing CPR on scene as first responders\u2026 <a href=\"https:\/\/t.co\/jirPy0Z4l4\">pic.twitter.com\/jirPy0Z4l4<\/a><\/p>\n<p>\u2014 Info Room (@InfoR00M) <a href=\"https:\/\/twitter.com\/InfoR00M\/status\/1994966964985303365?ref_src=twsrc%5Etfw\" target=\"_blank\" rel=\"noopener\">November 30, 2025<\/a><\/p><\/blockquote>\n<p>Au moins quatre personnes sont mortes et dix autres ont \u00e9t\u00e9 bless\u00e9es dans<a href=\"https:\/\/www.letelegramme.fr\/faits-divers\/fusillade-en-californie-au-moins-quatre-morts-et-dix-blesses-lors-de-tirs-en-pleine-rue-6937883.php\" target=\"_blank\" rel=\"noopener\"> des tirs survenus samedi soir \u00e0 Stockton<\/a>, ville de Californie, dans l\u2019ouest des \u00c9tats-Unis, en plein week-end prolong\u00e9 de Thanksgiving, a annonc\u00e9 la police.<\/p>\n<p>\u00ab Nous pouvons confirmer qu\u2019\u00e0 ce stade environ 14 individus ont \u00e9t\u00e9 touch\u00e9s par des tirs d\u2019armes \u00e0 feu et que quatre victimes sont d\u00e9c\u00e9d\u00e9es \u00bb, a \u00e9crit dans un communiqu\u00e9 sur X le bureau du sh\u00e9rif du comt\u00e9 de San Joaquin, dont Stockton est la capitale. La police a pr\u00e9cis\u00e9 qu\u2019il pouvait s\u2019agir de tirs \u00ab cibl\u00e9s \u00bb.<\/p>\n<p>Des tirs ont \u00e9t\u00e9 signal\u00e9s en d\u00e9but de soir\u00e9e samedi sur une avenue de Stockton, a indiqu\u00e9 le bureau du sh\u00e9rif en pr\u00e9cisant que l\u2019enqu\u00eate \u00e9tait en cours et les informations extr\u00eamement \u00ab limit\u00e9es \u00bb.<\/p>\n<p>\u00ab Les enqu\u00eateurs examinent toutes les possibilit\u00e9s (\u2026) et travaillent \u00e0 d\u00e9terminer les circonstances qui ont pu conduire \u00e0 cette trag\u00e9die \u00bb, a encore \u00e9crit la police locale dans son communiqu\u00e9.<\/p>\n<p><strong>Ploubezre : un homme retrouv\u00e9 mort dans sa voiture<\/strong><\/p>\n<p>Le corps d\u2019un homme d\u2019une vingtaine d\u2019ann\u00e9es <a href=\"https:\/\/www.letelegramme.fr\/cotes-d-armor\/ploubezre-22300\/un-homme-retrouve-mort-dans-sa-voiture-a-ploubezre-6938021.php\" target=\"_blank\" rel=\"noopener\">a \u00e9t\u00e9 d\u00e9couvert dans sa voiture<\/a> \u00e0 Ploubezre, pr\u00e8s de Lannion, dans la nuit de samedi \u00e0 dimanche. Le v\u00e9hicule a percut\u00e9 le pignon d\u2019une maison non habit\u00e9e. Une enqu\u00eate est en cours alors qu\u2019\u00ab aucune hypoth\u00e8se n\u2019est \u00e9cart\u00e9e \u00bb selon la gendarmerie de Lannion.<\/p>\n<p><strong>Cl\u00e9guer : une femme de 78 ans bless\u00e9e dans un incendie<\/strong><\/p>\n<p><img decoding=\"async\" src=\"https:\/\/www.europesays.com\/fr\/wp-content\/uploads\/2025\/11\/692c30ada543dcc0130c77e0.1.jpeg\" width=\"480\" height=\"300\" class=\"web_golden_m\" loading=\"lazy\" alt=\"Drame pr\u00e8s de Nancy, fusillade en Californie, d\u00e9c\u00e8s \u00e0 Ploubezre\u00a0: le point \u00e0 la mi-journ\u00e9e\"\/> (Le T\u00e9l\u00e9gramme\/Steven Lecornu)<\/p>\n<p>Une femme de 78 ans a \u00e9t\u00e9 l\u00e9g\u00e8rement bless\u00e9e, dans la nuit de samedi \u00e0 dimanche, <a href=\"https:\/\/www.letelegramme.fr\/morbihan\/cleguer-56620\/a-cleguer-une-maison-detruite-par-un-incendie-une-femme-de-78-ans-blessee-6937894.php\" target=\"_blank\" rel=\"noopener\">lors d\u2019un feu d\u2019habitation sur la commune de Cl\u00e9guer<\/a>, pr\u00e8s de Lorient. Celle qui vivait seule \u00e0 l\u2019int\u00e9rieur a \u00e9t\u00e9 prise en charge par les pompiers et transport\u00e9 \u00e0 l\u2019h\u00f4pital du Scorff. 32 sapeurs-pompiers et six engins sont intervenus pour \u00e9teindre l\u2019incendie.<\/p>\n<p><strong>Budget de la S\u00e9cu : rejet du texte en commission<\/strong><\/p>\n<p>La commission des Affaires sociales de l\u2019Assembl\u00e9e a rejet\u00e9 samedi soir le projet de <a href=\"https:\/\/www.letelegramme.fr\/france\/budget-de-la-secu-rejet-du-texte-en-commission-avant-un-retour-ce-mardi-a-lassemblee-6937891.php\" target=\"_blank\" rel=\"noopener\">budget de la S\u00e9curit\u00e9 sociale<\/a> en nouvelle lecture, un vote qui ouvre une semaine sous tension pour le gouvernement Lecornu, press\u00e9 par le temps et toujours en qu\u00eate d\u2019une majorit\u00e9. Le texte arrivera dans l\u2019h\u00e9micycle mardi, avec pour base de travail la version transmise par les s\u00e9nateurs. Le vote est pr\u00e9vu le 9 d\u00e9cembre.<\/p>\n<p>Le rejet du texte en commission, samedi, a permis de mesurer le chemin qui reste \u00e0 parcourir pour aboutir, au cours de cette nouvelle lecture, \u00e0 un compromis. Si le PS s\u2019est abstenu sur le vote final, selon le socialiste J\u00e9r\u00f4me Guedj, les d\u00e9put\u00e9s LR ont vot\u00e9 contre le texte, selon leur repr\u00e9sentante Justine Gruet.<\/p>\n<p><script async src=\"https:\/\/platform.twitter.com\/widgets.js\" charset=\"utf-8\"><\/script><\/p>\n","protected":false},"excerpt":{"rendered":"Cinq morts dans un incendie en Meurthe-et-Moselle Un dramatique incendie a ravag\u00e9 cette nuit \u00e0 Neuves-Maisons, en Meurthe-et-Moselle,&hellip;\n","protected":false},"author":2,"featured_media":568780,"comment_status":"","ping_status":"","sticky":false,"template":"","format":"standard","meta":{"footnotes":""},"categories":[9635],"tags":[1111,11,829,765,1777,674,1011,27,775,74,1702,12,25],"class_list":{"0":"post-568779","1":"post","2":"type-post","3":"status-publish","4":"format-standard","5":"has-post-thumbnail","7":"category-nancy","8":"tag-actu","9":"tag-actualites","10":"tag-bretagne","11":"tag-en-continu","12":"tag-eu","13":"tag-europe","14":"tag-fr","15":"tag-france","16":"tag-grand-est","17":"tag-monde","18":"tag-nancy","19":"tag-news","20":"tag-republique-francaise"},"share_on_mastodon":{"url":"https:\/\/pubeurope.com\/@fr\/115638547186701341","error":""},"_links":{"self":[{"href":"https:\/\/www.europesays.com\/fr\/wp-json\/wp\/v2\/posts\/568779","targetHints":{"allow":["GET"]}}],"collection":[{"href":"https:\/\/www.europesays.com\/fr\/wp-json\/wp\/v2\/posts"}],"about":[{"href":"https:\/\/www.europesays.com\/fr\/wp-json\/wp\/v2\/types\/post"}],"author":[{"embeddable":true,"href":"https:\/\/www.europesays.com\/fr\/wp-json\/wp\/v2\/users\/2"}],"replies":[{"embeddable":true,"href":"https:\/\/www.europesays.com\/fr\/wp-json\/wp\/v2\/comments?post=568779"}],"version-history":[{"count":0,"href":"https:\/\/www.europesays.com\/fr\/wp-json\/wp\/v2\/posts\/568779\/revisions"}],"wp:featuredmedia":[{"embeddable":true,"href":"https:\/\/www.europesays.com\/fr\/wp-json\/wp\/v2\/media\/568780"}],"wp:attachment":[{"href":"https:\/\/www.europesays.com\/fr\/wp-json\/wp\/v2\/media?parent=568779"}],"wp:term":[{"taxonomy":"category","embeddable":true,"href":"https:\/\/www.europesays.com\/fr\/wp-json\/wp\/v2\/categories?post=568779"},{"taxonomy":"post_tag","embeddable":true,"href":"https:\/\/www.europesays.com\/fr\/wp-json\/wp\/v2\/tags?post=568779"}],"curies":[{"name":"wp","href":"https:\/\/api.w.org\/{rel}","templated":true}]}}