{"id":568781,"date":"2025-11-30T12:02:21","date_gmt":"2025-11-30T12:02:21","guid":{"rendered":"https:\/\/www.europesays.com\/fr\/568781\/"},"modified":"2025-11-30T12:02:21","modified_gmt":"2025-11-30T12:02:21","slug":"la-caf-du-var-inaugure-son-nouveau-siege-a-la-loubiere","status":"publish","type":"post","link":"https:\/\/www.europesays.com\/fr\/568781\/","title":{"rendered":"La CAF du Var inaugure son nouveau si\u00e8ge \u00e0 la Loubi\u00e8re"},"content":{"rendered":"\n<p>Engag\u00e9e \u00e0 am\u00e9liorer la qualit\u00e9 de son service, la Caisse d\u2019allocations familiales du Var a pr\u00e9sent\u00e9 vendredi apr\u00e8s-midi ses nouveaux locaux fonctionnels de 8 300 m\u00e8tres carr\u00e9s de bureau dans le quartier de la Loubi\u00e8re, \u00e0 Toulon. Un b\u00e2timent, dont \u00ab\u00a0l\u2019architecture est \u00e0 la hauteur des enjeux actuels\u00a0\u00bb, qui regroupe, depuis mars\u00a02025, 480\u00a0salari\u00e9s sur un effectif total de 550 \u00e0 l\u2019\u00e9chelle du d\u00e9partement. L\u2019objectif \u00e9tant, a rappel\u00e9 son directeur Julien Orlandini, de permettre \u00e0 l\u2019organisme d\u2019assurer sa mission de service public dans les meilleures conditions.<\/p>\n<p> La protection sociale unanimement salu\u00e9e\n              <\/p>\n<p>Et de poursuivre\u00a0: \u00ab\u00a0Ce d\u00e9m\u00e9nagement survient l\u2019ann\u00e9e des 80\u00a0ans de la S\u00e9curit\u00e9 sociale, l\u2019occasion d\u2019affirmer nos valeurs et notre raison d\u2019\u00eatre tourn\u00e9e vers la protection.\u00a0\u00bb L\u2019occasion de rappeler que depuis 1945, les allocations familiales accompagnent et soutiennent les populations. \u00ab\u00a0Cette histoire longue nous engage\u00a0\u00bb, ajoute Julien Orlandini. La maire de Toulon Jos\u00e9e Massi (SE) a remerci\u00e9 dans son intervention l\u2019ensemble des d\u00e9cideurs d\u2019avoir choisi de venir s\u2019installer ici, \u00e0 la Loubi\u00e8re, \u00ab\u00a0un quartier que Toulon a entrepris depuis plusieurs ann\u00e9es de redynamiser afin d\u2019en faire un centre d\u2019activit\u00e9 tertiaire et de formation\u00a0\u00bb.<\/p>\n<p>L\u2019occasion aussi de mettre en avant le magnifique parc de la Loubi\u00e8re, qui commence au pied de la b\u00e2tisse, et ses 16\u00a0000\u00a0m\u00b2 de verdure qui a vu le jour en septembre 2022, en lieu et place d\u2019une ancienne fiche industrielle. La premi\u00e8re magistrate a salu\u00e9 ensuite le \u00ab\u00a0r\u00f4le fondamental que joue la CAF dans la dimension sociale de notre engagement r\u00e9publicain\u00a0\u00bb.<\/p>\n<p>\u00c7a fait du bien de voir les m\u00e9rites de la R\u00e9publique sociale unanimement reconnus.<\/p>\n","protected":false},"excerpt":{"rendered":"Engag\u00e9e \u00e0 am\u00e9liorer la qualit\u00e9 de son service, la Caisse d\u2019allocations familiales du Var a pr\u00e9sent\u00e9 vendredi apr\u00e8s-midi&hellip;\n","protected":false},"author":2,"featured_media":568782,"comment_status":"","ping_status":"","sticky":false,"template":"","format":"standard","meta":{"footnotes":""},"categories":[9619],"tags":[1111,11,1777,674,1011,27,12,882,5775,25,2310],"class_list":{"0":"post-568781","1":"post","2":"type-post","3":"status-publish","4":"format-standard","5":"has-post-thumbnail","7":"category-toulon","8":"tag-actu","9":"tag-actualites","10":"tag-eu","11":"tag-europe","12":"tag-fr","13":"tag-france","14":"tag-news","15":"tag-provence-alpes-cote-dazur","16":"tag-quartier","17":"tag-republique-francaise","18":"tag-toulon"},"share_on_mastodon":{"url":"https:\/\/pubeurope.com\/@fr\/115638550095798980","error":""},"_links":{"self":[{"href":"https:\/\/www.europesays.com\/fr\/wp-json\/wp\/v2\/posts\/568781","targetHints":{"allow":["GET"]}}],"collection":[{"href":"https:\/\/www.europesays.com\/fr\/wp-json\/wp\/v2\/posts"}],"about":[{"href":"https:\/\/www.europesays.com\/fr\/wp-json\/wp\/v2\/types\/post"}],"author":[{"embeddable":true,"href":"https:\/\/www.europesays.com\/fr\/wp-json\/wp\/v2\/users\/2"}],"replies":[{"embeddable":true,"href":"https:\/\/www.europesays.com\/fr\/wp-json\/wp\/v2\/comments?post=568781"}],"version-history":[{"count":0,"href":"https:\/\/www.europesays.com\/fr\/wp-json\/wp\/v2\/posts\/568781\/revisions"}],"wp:featuredmedia":[{"embeddable":true,"href":"https:\/\/www.europesays.com\/fr\/wp-json\/wp\/v2\/media\/568782"}],"wp:attachment":[{"href":"https:\/\/www.europesays.com\/fr\/wp-json\/wp\/v2\/media?parent=568781"}],"wp:term":[{"taxonomy":"category","embeddable":true,"href":"https:\/\/www.europesays.com\/fr\/wp-json\/wp\/v2\/categories?post=568781"},{"taxonomy":"post_tag","embeddable":true,"href":"https:\/\/www.europesays.com\/fr\/wp-json\/wp\/v2\/tags?post=568781"}],"curies":[{"name":"wp","href":"https:\/\/api.w.org\/{rel}","templated":true}]}}