{"id":568783,"date":"2025-11-30T12:03:12","date_gmt":"2025-11-30T12:03:12","guid":{"rendered":"https:\/\/www.europesays.com\/fr\/568783\/"},"modified":"2025-11-30T12:03:12","modified_gmt":"2025-11-30T12:03:12","slug":"ca-fait-bizarre-detre-sur-le-banc-adverse-lemouvant-retour-de-sebastien-tillous-borde-le-manager-de-montauban-sur-la-pelouse-de-toulon","status":"publish","type":"post","link":"https:\/\/www.europesays.com\/fr\/568783\/","title":{"rendered":"\u00ab\u00a0\u00c7a fait bizarre d\u2019\u00eatre sur le banc adverse\u00a0\u00bb\u00a0: l\u2019\u00e9mouvant retour de S\u00e9bastien Tillous-Borde, le manager de Montauban, sur la pelouse de Toulon"},"content":{"rendered":"<p>\n                                                                    l&rsquo;essentiel<br \/>\n                                                                Au-del\u00e0 de la d\u00e9faite de son \u00e9quipe de Montauban sur la pelouse de Mayol, le manager tarn-et-garonnais S\u00e9bastien Tillous-Borde s\u2019est montr\u00e9 \u00e9mu en conf\u00e9rence de presse d\u2019apr\u00e8s-match d\u2019\u00eatre revenu, en tant que visiteur, dans la ville de Mayol.\n                            <\/p>\n<p>En d\u00e9but de saison, il avait certainement coch\u00e9 la date de ce match, cinq ans apr\u00e8s avoir quitt\u00e9 son poste d\u2019entra\u00eeneur. S\u00e9bastien Tillous-Borde a donc fait son retour en match officiel \u00e0 Mayol, le stade o\u00f9, avec le RC Toulon, il a surf\u00e9 sur le toit de l\u2019Europe (2013-2014-2015) et de l\u2019Hexagone (2014).<\/p>\n<p class=\"std-elt__inline\">\n        <strong>\u00c0 lire aussi :<\/strong><br \/>\n        <a href=\"https:\/\/www.ladepeche.fr\/2025\/11\/30\/top-14-malgre-une-defaite-avec-plus-de-50-points-encaisses-lus-montauban-a-su-reagir-pour-ne-pas-sombrer-13082032.php\" target=\"_blank\" rel=\"noopener\">Top 14\u00a0: malgr\u00e9 une d\u00e9faite avec plus de 50 points encaiss\u00e9s, l\u2019US Montauban a su r\u00e9agir pour ne pas sombrer<\/a>\n    <\/p>\n<p>L\u2019ancien demi de m\u00eal\u00e9e, d\u00e9sormais manager de Montauban (<a href=\"https:\/\/www.ladepeche.fr\/2025\/11\/29\/top-14-a-mayol-montauban-ne-fait-pas-le-poids-face-a-toulon-13081646.php\" target=\"_self\" rel=\"noopener\">d\u00e9faite 28-54<\/a>), a marqu\u00e9 de son empreinte cette p\u00e9riode faste pour le RCT. En t\u00e9moigne par exemple les nombreuses photos expos\u00e9es dans le bar \u00ab\u00a0Le Comptoir du XV\u00a0\u00bb, juste \u00e0 c\u00f4t\u00e9 de l\u2019entr\u00e9e du stade, appartenant d\u00e9sormais \u00e0 Jocelino Suta. STB y appara\u00eet m\u00e9daille autour du cou apr\u00e8s les nombreux titres glan\u00e9s par l\u2019\u00e9quipe alors manag\u00e9e par Bernard Laporte.<\/p>\n<p>\u00ab\u00a0J\u2019ai crois\u00e9 beaucoup de monde\u00a0\u00bb<\/p>\n<p>Il a pu \u00e9prouver sa popularit\u00e9 intacte lors de ce s\u00e9jour express. \u00ab\u00a0D\u00e8s que je suis all\u00e9 sur le port ce [samedi] matin, j\u2019ai crois\u00e9 beaucoup de monde. Les gens \u00e9taient contents qu\u2019on se croise et qu\u2019on puisse \u00e9changer quelques mots\u00a0\u00bb, a-t-il confi\u00e9 en conf\u00e9rence de presse d\u2019apr\u00e8s-match.<\/p>\n<p class=\"std-elt__inline\">\n        <strong>\u00c0 lire aussi :<\/strong><br \/>\n        <a href=\"https:\/\/www.ladepeche.fr\/2025\/11\/29\/top-14-la-belle-ovation-du-stade-mayol-pour-le-retour-de-sebastien-tillous-borde-avec-montauban-13081439.php\" target=\"_blank\" rel=\"noopener\">Top 14\u00a0: la belle ovation du stade Mayol de Toulon pour le retour de S\u00e9bastien Tillous-Borde avec Montauban<\/a>\n    <\/p>\n<p>Lors de la composition des \u00e9quipes \u00e9grain\u00e9e par la speakerine du club varois, le public ne s\u2019y est pas tromp\u00e9. <a href=\"https:\/\/www.ladepeche.fr\/2025\/11\/29\/top-14-la-belle-ovation-du-stade-mayol-pour-le-retour-de-sebastien-tillous-borde-avec-montauban-13081439.php\" target=\"_self\" rel=\"noopener\">Il a ovationn\u00e9 son ancien poulain<\/a>. \u00ab\u00a0Je n\u2019ai pas trop entendu\u00a0\u00bb, a esquiv\u00e9 dans un premier temps l\u2019int\u00e9ress\u00e9.<\/p>\n<p>\u00ab\u00a0J\u2019ai failli aller \u00e0 gauche\u2026\u00a0\u00bb<\/p>\n<p>Peu \u00e0 l\u2019aise quand il s\u2019agit de parler de lui, Tillous-Borde a \u00e9t\u00e9 oblig\u00e9 de r\u00e9pondre plus s\u00e9rieusement \u00e0 ce qu\u2019il a ressenti en revenant dans son ancien jardin.<\/p>\n<p class=\"std-elt__inline\">\n        <strong>\u00c0 lire aussi :<\/strong><br \/>\n        <a href=\"https:\/\/www.ladepeche.fr\/2025\/11\/29\/top-14-le-sort-sacharne-sur-thomas-fortunel-louvreur-de-montauban-sorti-apres-25-minutes-de-jeu-contre-toulon-13081503.php\" target=\"_blank\" rel=\"noopener\">Top 14\u00a0: le sort s\u2019acharne sur Thomas Fortunel, l\u2019ouvreur de Montauban, sorti apr\u00e8s 25 minutes de jeu contre Toulon<\/a>\n    <\/p>\n<p>\u00ab\u00a0J\u2019ai re\u00e7u pas mal de messages pendant la semaine pour voir tout le monde. Mais \u00e7a n\u2019\u00e9tait pas possible\u2026 Quand je suis entr\u00e9 dans le tunnel, par habitude, j\u2019ai failli aller \u00e0 gauche pour l\u2019\u00e9chauffement\u00a0\u00bb, le c\u00f4t\u00e9 r\u00e9serv\u00e9 aux joueurs de l\u2019\u00e9quipe locale.<\/p>\n<p>\u00ab\u00a0Il y a toujours cette ferveur\u00a0\u00bb<\/p>\n<p>Pendant le match aussi, les rep\u00e8res de l\u2019ancien international ont \u00e9t\u00e9 perturb\u00e9s. \u00ab\u00a0\u00c7a fait bizarre d\u2019\u00eatre sur le banc adverse. Mais j\u2019ai retrouv\u00e9 cette vraie communion entre le public et l\u2019\u00e9quipe. On sent qu\u2019il y a toujours cette ferveur\u00a0\u00bb, a-t-il conclu.<\/p>\n<p class=\"std-elt__inline\">\n        <strong>\u00c0 lire aussi :<\/strong><br \/>\n        <a href=\"https:\/\/www.ladepeche.fr\/2025\/11\/29\/info-la-depeche-un-nouveau-cadre-de-lus-montauban-signe-un-bail-longue-duree-avec-le-club-tarn-et-garonnais-13080025.php\" target=\"_blank\" rel=\"noopener\">INFO LA DEPECHE. Un nouveau cadre de l\u2019US Montauban signe un bail longue dur\u00e9e avec le club tarn-et-garonnais<\/a>\n    <\/p>\n<p>Le coach montalbanais aurait certainement prolong\u00e9 volontiers son s\u00e9jour sur la Rade. Mais il a quitt\u00e9 la cit\u00e9 o\u00f9 il s\u2019est mari\u00e9 avec sa compagne et o\u00f9\u00a0ses enfants ont vu le jour aux alentours de 20\u00a0heures, avec le car de l\u2019USM. Non sans donner quelques accolades \u00e0 certains amis venus lui faire un dernier au revoir.<\/p>\n<p class=\"std-elt__inline\">\n        <strong>\u00c0 lire aussi :<\/strong><br \/>\n        <a href=\"https:\/\/www.ladepeche.fr\/2025\/11\/27\/le-contexte-nest-pas-favorable-pourquoi-les-adversaires-de-lus-montauban-en-top-14-sont-systematiquement-revanchards-a-domicile-13076713.php\" target=\"_blank\" rel=\"noopener\">\u00ab\u00a0Le contexte n\u2019est pas favorable\u00a0\u00bb\u00a0: pourquoi les adversaires de l\u2019US Montauban en Top 14 sont syst\u00e9matiquement revanchards \u00e0 domicile<\/a>\n    <\/p>\n<p>D\u00e9sormais, STB a le regard tourn\u00e9 vers la pr\u00e9paration de la Challenge Cup. Elle d\u00e9bute samedi 6\u00a0d\u00e9cembre sur la pelouse de Parme (Italie). Un retour sur la sc\u00e8ne europ\u00e9enne pour les Tarn-et-Garonnais, 15 ans apr\u00e8s leur derni\u00e8re participation.<\/p>\n","protected":false},"excerpt":{"rendered":"l&rsquo;essentiel Au-del\u00e0 de la d\u00e9faite de son \u00e9quipe de Montauban sur la pelouse de Mayol, le manager tarn-et-garonnais&hellip;\n","protected":false},"author":2,"featured_media":568784,"comment_status":"","ping_status":"","sticky":false,"template":"","format":"standard","meta":{"footnotes":""},"categories":[9619],"tags":[1111,11,1777,674,1011,27,12,882,25,2310],"class_list":{"0":"post-568783","1":"post","2":"type-post","3":"status-publish","4":"format-standard","5":"has-post-thumbnail","7":"category-toulon","8":"tag-actu","9":"tag-actualites","10":"tag-eu","11":"tag-europe","12":"tag-fr","13":"tag-france","14":"tag-news","15":"tag-provence-alpes-cote-dazur","16":"tag-republique-francaise","17":"tag-toulon"},"share_on_mastodon":{"url":"","error":""},"_links":{"self":[{"href":"https:\/\/www.europesays.com\/fr\/wp-json\/wp\/v2\/posts\/568783","targetHints":{"allow":["GET"]}}],"collection":[{"href":"https:\/\/www.europesays.com\/fr\/wp-json\/wp\/v2\/posts"}],"about":[{"href":"https:\/\/www.europesays.com\/fr\/wp-json\/wp\/v2\/types\/post"}],"author":[{"embeddable":true,"href":"https:\/\/www.europesays.com\/fr\/wp-json\/wp\/v2\/users\/2"}],"replies":[{"embeddable":true,"href":"https:\/\/www.europesays.com\/fr\/wp-json\/wp\/v2\/comments?post=568783"}],"version-history":[{"count":0,"href":"https:\/\/www.europesays.com\/fr\/wp-json\/wp\/v2\/posts\/568783\/revisions"}],"wp:featuredmedia":[{"embeddable":true,"href":"https:\/\/www.europesays.com\/fr\/wp-json\/wp\/v2\/media\/568784"}],"wp:attachment":[{"href":"https:\/\/www.europesays.com\/fr\/wp-json\/wp\/v2\/media?parent=568783"}],"wp:term":[{"taxonomy":"category","embeddable":true,"href":"https:\/\/www.europesays.com\/fr\/wp-json\/wp\/v2\/categories?post=568783"},{"taxonomy":"post_tag","embeddable":true,"href":"https:\/\/www.europesays.com\/fr\/wp-json\/wp\/v2\/tags?post=568783"}],"curies":[{"name":"wp","href":"https:\/\/api.w.org\/{rel}","templated":true}]}}