{"id":568789,"date":"2025-11-30T12:06:15","date_gmt":"2025-11-30T12:06:15","guid":{"rendered":"https:\/\/www.europesays.com\/fr\/568789\/"},"modified":"2025-11-30T12:06:15","modified_gmt":"2025-11-30T12:06:15","slug":"qui-etaient-augustine-et-lucienne-boulanger","status":"publish","type":"post","link":"https:\/\/www.europesays.com\/fr\/568789\/","title":{"rendered":"qui \u00e9taient Augustine et Lucienne Boulanger\u00a0?"},"content":{"rendered":"<p>                    Par<br \/>\n        <strong><br \/>\n            <a href=\"https:\/\/actu.fr\/auteur\/isabellevilly\" title=\"Consulter tous les articles de Isabelle Villy\" target=\"_blank\" rel=\"noopener\">Isabelle Villy<\/a><br \/>\n                    <\/strong><\/p>\n<p>        Publi\u00e9 le<\/p>\n<p>            30 nov. 2025 \u00e0 12h04        <\/p>\n<p>La Ville de <a href=\"https:\/\/actu.fr\/normandie\/rouen_76540\" target=\"_blank\" rel=\"noopener\">Rouen<\/a> va prochainement inaugurer <a href=\"https:\/\/actu.fr\/normandie\/rouen_76540\/on-en-sait-plus-sur-ce-jardin-public-qui-va-bientot-prendre-forme-a-cote-de-la-gare-de-rouen_62210099.html\" target=\"_blank\" rel=\"noopener\">un jardin, rue de La Rochefoucauld<\/a>, du nom de<strong> deux r\u00e9sistantes qui ont fait partie du maquis des Diables noirs<\/strong>, \u00e0 Saint-Denis-le-Thiboult. Augustine et Lucienne Boulanger sont en effet les noms qui ont \u00e9t\u00e9 retenus apr\u00e8s une votation en ligne lanc\u00e9e aupr\u00e8s des Rouennais : elles ont remport\u00e9 229 voix sur les 678 votes enregistr\u00e9s et devancent Simone-de-Beauvoir (182 votes), Genevi\u00e8ve-de-Gaulle Anthonioz (140 votes) et Blanche Hosched\u00e9 (127 votes).<\/p>\n<p>Des h\u00e9ro\u00efnes donnent leur nom \u00e0 un jardin \u00e0 Rouen<\/p>\n<p class=\" wall-content\">Avaient-elles conscience, Augustine et Lucienne Boulanger, <strong>qu\u2019elles \u00e9taient des h\u00e9ro\u00efnes<\/strong> ? Qu\u2019elles ont risqu\u00e9 leur vie en secondant leurs \u00e9poux au sein du maquis des Diables noirs, \u00e0 Saint-Denis-le-Thiboult ? Oui, peut-\u00eatre, mais pour elles, c\u2019\u00e9tait un devoir. \u00ab Ma grand-m\u00e8re Lucienne Boulanger ne parlait pas beaucoup de cette p\u00e9riode, mais pour elle, quand on lui posait des questions, elle disait simplement qu\u2019elle a fait ce qu\u2019elle devait faire \u00bb, raconte Ludovic Boulanger, qui se replonge souvent dans l\u2019histoire de ses grands-parents et de sa famille, ces h\u00e9ros dont les noms sont grav\u00e9s dans la pierre du monument d\u00e9di\u00e9 aux r\u00e9sistants du maquis des Diables noirs, \u00e0 Saint-Denis-le-Thiboult. Leurs faits d\u2019armes ont \u00e9t\u00e9 nombreux et op\u00e9r\u00e9s au p\u00e9ril de leur vie.<\/p>\n<p>Le r\u00f4le essentiel des femmes<\/p>\n<p class=\" wall-content\">Ce sont d\u2019ailleurs fr\u00e9quemment les hommes du maquis dont on parle le plus, mais dans l\u2019ombre, il ne faut pas oublier que <strong>les femmes ont aussi jou\u00e9 un r\u00f4le essentiel.<\/strong> Rappelons ici que Lucienne \u00e9tait mari\u00e9e \u00e0 Raoul Boulanger et qu\u2019Augustine \u00e9tait en fait, la m\u00e8re de Lucienne, et \u00e9pouse d\u2019Henry Boulanger.<\/p>\n<p class=\" wall-content\">\u00ab Quand Raoul est revenu \u00e0 Saint-Denis-le-Thiboult apr\u00e8s s\u2019\u00eatre enfui et avoir \u00e9chapp\u00e9 aux Allemands, alors qu\u2019il \u00e9tait encore soldat, il s\u2019est cach\u00e9 dans le village, avant de r\u00e9ussir \u00e0 obtenir des papiers. Et c\u2019est \u00e0 ce moment que l\u2019id\u00e9e lui est venue de faire une cachette \u00bb, raconte Ludovic. Le r\u00f4le des femmes dans cette entreprise risqu\u00e9e en temps d\u2019occupation, c\u2019\u00e9tait de remplir et \u00e9vacuer les seaux de terre du sous-terrain. Une action \u00e0 laquelle ont d\u2019ailleurs particip\u00e9 les autres membres de la famille Boulanger, parmi lesquels la famille Petrel.<\/p>\n<p>Petite Marie et Hirondelle cachaient les parachutes<\/p>\n<p class=\" wall-content\">En 1941, c\u2019est la cr\u00e9ation du maquis des Diables noirs : Lucienne, dont le nom de code \u00e9tait <strong>Petite Marie<\/strong> et Augustine, alias <strong>Hirondelle<\/strong>, r\u00e9cup\u00e9raient et pliaient les parachutes pour les dissimuler dans les bois ou encore sous des tas de fumier. Les hommes, eux, \u00e0 savoir Raoul, dit Fant\u00f4mas ou lieutenant Marceau, au gr\u00e9 des circonstances, et Henry, dit Cartouche, se chargeaient des armes et munitions qui \u00e9taient destin\u00e9es au r\u00e9seau de r\u00e9sistance. \u00ab Le r\u00f4le des femmes dans le maquis \u00e9tait essentiel. La cuisine, par exemple, c\u2019est Pascaline Boulanger (l\u2019arri\u00e8re-grand-m\u00e8re) dite Calourette qui s\u2019en occupait. \u00bb<\/p>\n<p>    <img   decoding=\"async\" loading=\"lazy\" class=\"size-large\" src=\"https:\/\/www.europesays.com\/fr\/wp-content\/uploads\/2025\/11\/85980da70b196e9980da70b19dd980v-768x640.jpg\" alt=\"Sainte Denis le THiboult Olive r\u00e9sistante\" width=\"768\" height=\"640\"\/><br \/>\n    Olive Duboc, une autre femme de la famille, tenait les cordons de la bourse pour acheter la nourriture afin de ravitailler le maquis.\u00a0 \u00a9Photo famille<\/p>\n<p class=\" wall-content\">\u00ab Quant \u00e0 Olive Duboc, une autre femme de la famille, c\u2019est elle qui avait l\u2019argent qui permettait de s\u2019approvisionner en nourriture \u00bb, fait remarquer Ludovic Boulanger, qui constate d\u2019ailleurs que le ravitaillement des maquis n\u2019a pu se faire que gr\u00e2ce \u00e0 des commer\u00e7ants, bouchers, charcutiers, \u00e9piciers\u2026 qui sont un peu rest\u00e9s un peu inconnus de l\u2019histoire, alors qu\u2019ils ont repr\u00e9sent\u00e9 un maillon essentiel pour permettre aux r\u00e9sistants de se nourrir.<\/p>\n<p>Votre r\u00e9gion, votre actu !<\/p>\n<p>Recevez chaque jour les infos qui comptent pour vous.<\/p>\n<p>\t<a href=\"https:\/\/actu.fr\/newsletter\" class=\"ac-btn ac-btn--corner ac-btn--medium ac-btn--blue800\" target=\"_blank\" rel=\"noopener\">S&rsquo;incrire<\/a><\/p>\n<blockquote class=\"ac-article-quote wall-content\">\n<p>Elles ont \u00e9t\u00e9 interrog\u00e9es, mais elles n\u2019ont jamais parl\u00e9. Elles ont \u00e9t\u00e9 transf\u00e9r\u00e9es \u00e0 la prison Bonne-Nouvelle, avant de partir au camp de transit de Romainville.<\/p>\n<p>Ludovic Boulanger<\/p><\/blockquote>\n<p class=\" wall-content\">Malheureusement, comme cela est souvent arriv\u00e9 pendant cette sombre p\u00e9riode de l\u2019occupation, les Diables noirs ont \u00e9t\u00e9 d\u00e9nonc\u00e9s, puis arr\u00eat\u00e9s, en 1944 (dans la c\u00f4te du Catillon entre Ry et Saint Le Thiboult). \u00ab Lucienne et Augustine ont \u00e9t\u00e9 b\u00eatement arr\u00eat\u00e9es \u00e0 leur tour, le 30\u00a0mars 1944, en apportant des colis au donjon, \u00e0 Rouen, o\u00f9 \u00e9taient emprisonn\u00e9s leurs \u00e9poux. Elles ont \u00e9t\u00e9 interrog\u00e9es, mais elles n\u2019ont jamais parl\u00e9. Elles ont \u00e9t\u00e9 transf\u00e9r\u00e9es \u00e0 la prison Bonne-Nouvelle, avant de partir au camp de transit de Romainville \u00bb, retrace Ludovic Boulanger.<\/p>\n<p>D\u00e9port\u00e9es \u00e0 Ravensbr\u00fcck, en mai\u00a01944<\/p>\n<p class=\" wall-content\">Un matricule provisoire leur a alors \u00e9t\u00e9 attribu\u00e9 : le 5066 pour Lucienne et le 5067 pour Augustine. Le 13\u00a0mai 1944, les deux femmes sont ensuite parties pour le camp de concentration de Ravensbr\u00fcck, o\u00f9 elles ont re\u00e7u de nouveaux matricules : 39 285 pour Lucienne et 39 286 pour Augustine.<\/p>\n<p class=\" wall-content\">Lucienne Boulanger sera ensuite affect\u00e9e en juin, dans une usine d\u2019Hanovre, \u00e0 la fabrication de masques \u00e0 gaz. Quant \u00e0 Augustine, elle sera laiss\u00e9e un temps \u00e0 Ravensbr\u00fcck, avant de partir dans un convoi, en mars\u00a01945, pour le commando Salzwedel o\u00f9 elle devra fabriquer des munitions.<\/p>\n<p>Augustine est rentr\u00e9e affaiblie en France<\/p>\n<p class=\" wall-content\">\u00ab Augustine a \u00e9t\u00e9 lib\u00e9r\u00e9e le 11\u00a0avril et est rentr\u00e9e en France, \u00e0 Saint-Denis-le-Thiboult, le 10\u00a0mai 1945. Elle est d\u00e9c\u00e9d\u00e9e en mars\u00a01952. Elle \u00e9tait rentr\u00e9e tr\u00e8s affaiblie de la d\u00e9portation \u00bb, poursuit Ludovic Boulanger, qui rappelle qu\u2019elle \u00e9tait un agent du r\u00e9seau Jean-Marie Buckmaster.<\/p>\n<p>    <img   decoding=\"async\" loading=\"lazy\" class=\"size-large\" src=\"https:\/\/www.europesays.com\/fr\/wp-content\/uploads\/2025\/11\/525ad54e14296965ad54e14296a5adv-960x640.jpg\" alt=\"Saint Denis le Thiboult monument Diables noirs\" width=\"960\" height=\"640\"\/><br \/>\n    Ludovic Boulanger (\u00e0 droite), petit-fils de Lucienne et Raoul Boulanger, lors de l\u2019hommage rendu chaque ann\u00e9e aux R\u00e9sistants du maquis des Diables noirs, \u00e0 Saint-Denis-le-Thiboult. \u00a9Isabelle VILLY\/Archives<\/p>\n<p class=\" wall-content\">Quant \u00e0 Lucienne, la grand-m\u00e8re de Ludovic, elle a \u00e9t\u00e9 lib\u00e9r\u00e9e quinze jours apr\u00e8s Augustine et est, elle aussi, rentr\u00e9e dans son village. \u00ab Pendant tout le temps qu\u2019elle a \u00e9t\u00e9 d\u00e9port\u00e9e, ma grand-m\u00e8re Lucienne qui n\u2019avait aucune nouvelle de son fils Francis apr\u00e8s avoir \u00e9t\u00e9 arr\u00eat\u00e9e, regardait toujours si elle ne l\u2019apercevait pas dans le camp. Heureusement, il avait \u00e9t\u00e9 cach\u00e9 dans la famille \u00bb, explique le petit-fils de Lucienne.<\/p>\n<p>Le destin tragique de Lucienne<\/p>\n<p class=\" wall-content\">Augustine n\u2019a pas revu son mari Henry, qui est mort en d\u00e9portation. Raoul, le mari de Lucienne, est lui rentr\u00e9 tr\u00e8s marqu\u00e9, mais il a repris le cours de sa vie. Lucienne Boulanger, titulaire de la Croix de guerre et officier de la L\u00e9gion d\u2019honneur, est malheureusement d\u00e9c\u00e9d\u00e9e dans un accident de la circulation, en 2004, apr\u00e8s avoir \u00e9t\u00e9 renvers\u00e9e par un scooter. Un destin, on ne peut plus tragique.<\/p>\n<p class=\" wall-content\">Lucienne et Augustine Boulanger m\u00e9ritaient bien, assur\u00e9ment, qu\u2019on baptise un jardin de leur nom : une nouvelle qui a en tout cas beaucoup touch\u00e9 Ludovic Boulanger, quand il l\u2019a apprise.<\/p>\n<p>Pour une information compl\u00e8te, un conseil de lecture : Une famille normande dans la tourmente nazie : vie et mort du r\u00e9seau de r\u00e9sistance Salesman, de Brigitte Garin, 464 pages, Wooz Editions. Prix : 26 euros.<\/p>\n<p>Suivez l\u2019actualit\u00e9 de Rouen <a href=\"https:\/\/www.whatsapp.com\/channel\/0029VaKfnf99hXF2ddApFB1D\" target=\"_blank\" rel=\"noopener\">sur notre cha\u00eene WhatsApp<\/a> et <a href=\"https:\/\/www.tiktok.com\/@76actu.fr?lang=fr\" target=\"_blank\" rel=\"noopener\">sur notre compte TikTok<\/a><\/p>\n<p class=\" wall-content\">Personnalisez votre actualit\u00e9 en ajoutant vos villes et m\u00e9dias en favori avec <a href=\"https:\/\/moncompte.actu.fr\" title=\"D\u00e9couvez Mon Actu\" rel=\"nofollow noopener\" data-trk=\"{&quot;cta&quot;:{&quot;action&quot;:&quot;https:\\\/\\\/moncompte.actu.fr&quot;,&quot;category&quot;:&quot;mon compte&quot;,&quot;from&quot;:&quot;article footer&quot;,&quot;name&quot;:&quot;Mon actu&quot;,&quot;type&quot;:&quot;cta&quot;}}\" target=\"_blank\">Mon Actu<\/a>.<\/p>\n<p>                    <script async src=\"\/\/www.tiktok.com\/embed.js\"><\/script><\/p>\n","protected":false},"excerpt":{"rendered":"Par Isabelle Villy Publi\u00e9 le 30 nov. 2025 \u00e0 12h04 La Ville de Rouen va prochainement inaugurer un&hellip;\n","protected":false},"author":2,"featured_media":568790,"comment_status":"","ping_status":"","sticky":false,"template":"","format":"standard","meta":{"footnotes":""},"categories":[9587],"tags":[1111,11,1777,674,1011,27,937,58904,12,5161,25,9590,935],"class_list":{"0":"post-568789","1":"post","2":"type-post","3":"status-publish","4":"format-standard","5":"has-post-thumbnail","7":"category-rouen","8":"tag-actu","9":"tag-actualites","10":"tag-eu","11":"tag-europe","12":"tag-fr","13":"tag-france","14":"tag-histoire","15":"tag-histoire-patrimoine","16":"tag-news","17":"tag-normandie","18":"tag-republique-francaise","19":"tag-rouen","20":"tag-seconde-guerre-mondiale"},"share_on_mastodon":{"url":"https:\/\/pubeurope.com\/@fr\/115638566753238182","error":""},"_links":{"self":[{"href":"https:\/\/www.europesays.com\/fr\/wp-json\/wp\/v2\/posts\/568789","targetHints":{"allow":["GET"]}}],"collection":[{"href":"https:\/\/www.europesays.com\/fr\/wp-json\/wp\/v2\/posts"}],"about":[{"href":"https:\/\/www.europesays.com\/fr\/wp-json\/wp\/v2\/types\/post"}],"author":[{"embeddable":true,"href":"https:\/\/www.europesays.com\/fr\/wp-json\/wp\/v2\/users\/2"}],"replies":[{"embeddable":true,"href":"https:\/\/www.europesays.com\/fr\/wp-json\/wp\/v2\/comments?post=568789"}],"version-history":[{"count":0,"href":"https:\/\/www.europesays.com\/fr\/wp-json\/wp\/v2\/posts\/568789\/revisions"}],"wp:featuredmedia":[{"embeddable":true,"href":"https:\/\/www.europesays.com\/fr\/wp-json\/wp\/v2\/media\/568790"}],"wp:attachment":[{"href":"https:\/\/www.europesays.com\/fr\/wp-json\/wp\/v2\/media?parent=568789"}],"wp:term":[{"taxonomy":"category","embeddable":true,"href":"https:\/\/www.europesays.com\/fr\/wp-json\/wp\/v2\/categories?post=568789"},{"taxonomy":"post_tag","embeddable":true,"href":"https:\/\/www.europesays.com\/fr\/wp-json\/wp\/v2\/tags?post=568789"}],"curies":[{"name":"wp","href":"https:\/\/api.w.org\/{rel}","templated":true}]}}