{"id":568791,"date":"2025-11-30T12:07:12","date_gmt":"2025-11-30T12:07:12","guid":{"rendered":"https:\/\/www.europesays.com\/fr\/568791\/"},"modified":"2025-11-30T12:07:12","modified_gmt":"2025-11-30T12:07:12","slug":"en-images-nouveau-carton-plein-pour-laec-evenement-de-mma-au-kindarena-de-rouen","status":"publish","type":"post","link":"https:\/\/www.europesays.com\/fr\/568791\/","title":{"rendered":"EN IMAGES. Nouveau carton plein pour l&rsquo;AEC, \u00e9v\u00e9nement de MMA au Kindarena de Rouen"},"content":{"rendered":"<p>                    Par<br \/>\n        <strong><br \/>\n            <a href=\"https:\/\/actu.fr\/auteur\/yann-rivallan\" title=\"Consulter tous les articles de Yann Rivallan\" target=\"_blank\" rel=\"noopener\">Yann Rivallan<\/a><br \/>\n                    <\/strong><\/p>\n<p>        Publi\u00e9 le<\/p>\n<p>            30 nov. 2025 \u00e0 13h04        <\/p>\n<p>Nouveau carton plein pour l\u2019AEC au <a href=\"https:\/\/actu.fr\/tag\/kindarena\" target=\"_blank\" rel=\"noopener\">Kindarena<\/a> de <strong>Rouen<\/strong>. Pour la deuxi\u00e8me ann\u00e9e cons\u00e9cutive, l\u2019organisation de MMA fond\u00e9e \u00e0 Rennes a su rassembler de <strong>nombreux spectateurs<\/strong>, samedi 29\u00a0novembre 2025.\u00a0Une soir\u00e9e de folie o\u00f9 les stars de l\u2019organisation ont brill\u00e9.<\/p>\n<p>3\u2009700\u00a0spectateurs au Kindarena<\/p>\n<p class=\" wall-content\">Une ambiance de feu qui s\u2019est traduite par la pr\u00e9sence d\u2019un public <strong>plus nombreux<\/strong> que l\u2019ann\u00e9e derni\u00e8re.<\/p>\n<p class=\" wall-content\">Selon les organisateurs, <strong>800\u00a0spectateurs suppl\u00e9mentaires<\/strong> ont fait le d\u00e9placement pour cette deuxi\u00e8me \u00e9dition. Environ 3\u2009700\u00a0personnes \u00e9taient r\u00e9unies pour assister aux combats.<\/p>\n<p>C&rsquo;est quoi le MMA ?<\/p>\n<p>Le MMA (ou arts martiaux mixtes), ce n\u2019est pas juste un sport de combat. Il s\u2019agit d\u2019une discipline qui regroupe \u00e0 peu pr\u00e8s tout ce qui existe. Dans le MMA, on peut utiliser, par exemple, des techniques de muay-tha\u00ef, de jiu-jitsu br\u00e9silien, de boxe ou encore de lutte. En bref, tout est permis (ou presque) quand on le pratique. Ce qui fait que chaque combat peut \u00eatre bien diff\u00e9rent, en fonction des sp\u00e9cialit\u00e9s de chacun.<\/p>\n<p class=\" wall-content\">Au total, 22 combattants sont entr\u00e9s dans l\u2019octogone samedi soir. Et <strong>8 d\u2019entre eux s\u2019entra\u00eenent en Normandie<\/strong>. Car l\u2019AEC mise sur la promotion de combattants locaux dans chaque r\u00e9gion o\u00f9 l\u2019organisation s\u2019arr\u00eate.<\/p>\n<p>Vid\u00e9os : en ce moment sur ActuLe Caennais Anzor Baybatyrov brille<\/p>\n<p class=\" wall-content\">Parmi les huit Normands, seuls trois ont emport\u00e9 la victoire\u2009: le Rouennais Yanis Bendhiaf (RS GYM), le Havrais Victor Lemaignent (Octogone FC) et le Caennais Anzor Baybatyrov.<\/p>\n<p>Votre r\u00e9gion, votre actu !<\/p>\n<p>Recevez chaque jour les infos qui comptent pour vous.<\/p>\n<p>\t<a href=\"https:\/\/actu.fr\/newsletter\" class=\"ac-btn ac-btn--corner ac-btn--medium ac-btn--blue800\" target=\"_blank\" rel=\"noopener\">S&rsquo;incrire<\/a><\/p>\n<p class=\" wall-content\">Un Caennais qui a brill\u00e9 lors du co-main event de la soir\u00e9e en signant la performance de la soir\u00e9e avec un KO technique en seulement 23 secondes de combat.<\/p>\n<p class=\" wall-content\">La star Belge de l\u2019organisation, Alvi Dasuyev repart lui aussi avec une victoire par TKO au 1er round. Un huiti\u00e8me succ\u00e8s cons\u00e9cutif qui le rapproche de l\u2019organisation de MMA am\u00e9ricaine\u2009: l\u2019UFC.<\/p>\n<p class=\" wall-content\"><strong>Les r\u00e9sultats de la soir\u00e9e\u2009:<\/strong><\/p>\n<ul class=\" wall-content\">\n<li><strong>Jason Duval-Masson \u2013 Davidson Endjidissio\u2009:<\/strong> victoire Duval-Masson par d\u00e9cision partag\u00e9e\u2009;<\/li>\n<li><strong>Adam Bellal \u2013 Yanis Bendhiaf\u2009:<\/strong> victoire Bendhiaf par d\u00e9cision unanime\u2009;<\/li>\n<li><strong>Victor Lemaignent \u2013 Boubakary Diakhate\u2009:<\/strong> victoire Lemaignent par d\u00e9cision partag\u00e9e\u2009;<\/li>\n<li><strong>Ethan Benzaqui \u2013 Thibaut Durand\u2009:<\/strong> victoire Benzaqui par d\u00e9cision unanime\u2009;<\/li>\n<li><strong>Adrien Dalen\u00e7on \u2013 Sofiane Benjniyne\u2009:<\/strong> victoire Benjniyne apr\u00e8s une blessure au bras de son adversaire au 1er round\u2009;<\/li>\n<li><strong>Souleymane Kacimi \u2013 Bathuan Gumustepe\u2009:<\/strong> victoire Gumustepe par d\u00e9cision unanime\u2009;<\/li>\n<li><strong>Amar Kalboussi \u2013<\/strong><strong> Bilal Lamkhanat\u2009:<\/strong> victoire Lamkhanat par soumission\u2009;<\/li>\n<li><strong>Combat pour la ceinture welterweight amateur AEC\u2009: Mozane Malivert \u2013 Saber Cherifi\u2009:<\/strong> victoire Malivert par d\u00e9cisison unanime\u2009;<\/li>\n<li><strong>Axel Jean Alphonse \u2013 Michael Bursak\u2009:<\/strong> victoire Jean Alphonse par d\u00e9cision unanime\u2009;<\/li>\n<li><strong>Sylvain Sommereisen \u2013 Anzov Baybatyrov\u2009:<\/strong> victoire Baybatyrov par TKO au 1er round\u2009;<\/li>\n<li><strong>K\u00e9vin Ruart \u2013 Alvi Dasuyev\u2009:<\/strong> victoire Dasuyev par TKO au 1er round.<\/li>\n<\/ul>\n<p>Suivez l\u2019actualit\u00e9 de Rouen sur <a href=\"https:\/\/www.whatsapp.com\/channel\/0029VaKfnf99hXF2ddApFB1D\" target=\"_blank\" rel=\"noopener\">notre cha\u00eene WhatsApp<\/a> et sur <a href=\"https:\/\/www.tiktok.com\/@76actu.fr?lang=fr\" target=\"_blank\" rel=\"noopener\">notre compte TikTok<\/a><\/p>\n<p class=\" wall-content\">Personnalisez votre actualit\u00e9 en ajoutant vos villes et m\u00e9dias en favori avec <a href=\"https:\/\/moncompte.actu.fr\" title=\"D\u00e9couvez Mon Actu\" rel=\"nofollow noopener\" data-trk=\"{&quot;cta&quot;:{&quot;action&quot;:&quot;https:\\\/\\\/moncompte.actu.fr&quot;,&quot;category&quot;:&quot;mon compte&quot;,&quot;from&quot;:&quot;article footer&quot;,&quot;name&quot;:&quot;Mon actu&quot;,&quot;type&quot;:&quot;cta&quot;}}\" target=\"_blank\">Mon Actu<\/a>.<\/p>\n<p>                    <script async src=\"\/\/www.tiktok.com\/embed.js\"><\/script><\/p>\n","protected":false},"excerpt":{"rendered":"Par Yann Rivallan Publi\u00e9 le 30 nov. 2025 \u00e0 13h04 Nouveau carton plein pour l\u2019AEC au Kindarena de&hellip;\n","protected":false},"author":2,"featured_media":568792,"comment_status":"","ping_status":"","sticky":false,"template":"","format":"standard","meta":{"footnotes":""},"categories":[9587],"tags":[1111,11,1777,674,1011,27,34987,1847,12,5161,25,9590,60],"class_list":{"0":"post-568791","1":"post","2":"type-post","3":"status-publish","4":"format-standard","5":"has-post-thumbnail","7":"category-rouen","8":"tag-actu","9":"tag-actualites","10":"tag-eu","11":"tag-europe","12":"tag-fr","13":"tag-france","14":"tag-kindarena","15":"tag-mma","16":"tag-news","17":"tag-normandie","18":"tag-republique-francaise","19":"tag-rouen","20":"tag-sports"},"share_on_mastodon":{"url":"https:\/\/pubeurope.com\/@fr\/115638569871942976","error":""},"_links":{"self":[{"href":"https:\/\/www.europesays.com\/fr\/wp-json\/wp\/v2\/posts\/568791","targetHints":{"allow":["GET"]}}],"collection":[{"href":"https:\/\/www.europesays.com\/fr\/wp-json\/wp\/v2\/posts"}],"about":[{"href":"https:\/\/www.europesays.com\/fr\/wp-json\/wp\/v2\/types\/post"}],"author":[{"embeddable":true,"href":"https:\/\/www.europesays.com\/fr\/wp-json\/wp\/v2\/users\/2"}],"replies":[{"embeddable":true,"href":"https:\/\/www.europesays.com\/fr\/wp-json\/wp\/v2\/comments?post=568791"}],"version-history":[{"count":0,"href":"https:\/\/www.europesays.com\/fr\/wp-json\/wp\/v2\/posts\/568791\/revisions"}],"wp:featuredmedia":[{"embeddable":true,"href":"https:\/\/www.europesays.com\/fr\/wp-json\/wp\/v2\/media\/568792"}],"wp:attachment":[{"href":"https:\/\/www.europesays.com\/fr\/wp-json\/wp\/v2\/media?parent=568791"}],"wp:term":[{"taxonomy":"category","embeddable":true,"href":"https:\/\/www.europesays.com\/fr\/wp-json\/wp\/v2\/categories?post=568791"},{"taxonomy":"post_tag","embeddable":true,"href":"https:\/\/www.europesays.com\/fr\/wp-json\/wp\/v2\/tags?post=568791"}],"curies":[{"name":"wp","href":"https:\/\/api.w.org\/{rel}","templated":true}]}}