{"id":568793,"date":"2025-11-30T12:08:11","date_gmt":"2025-11-30T12:08:11","guid":{"rendered":"https:\/\/www.europesays.com\/fr\/568793\/"},"modified":"2025-11-30T12:08:11","modified_gmt":"2025-11-30T12:08:11","slug":"grenoble-un-produit-malodorant-repandu-et-des-banderoles-deployees-pour-denoncer-larrivee-de-shein-au-bhv","status":"publish","type":"post","link":"https:\/\/www.europesays.com\/fr\/568793\/","title":{"rendered":"Grenoble. Un produit malodorant r\u00e9pandu et des banderoles d\u00e9ploy\u00e9es pour d\u00e9noncer l\u2019arriv\u00e9e de Shein au BHV"},"content":{"rendered":"<p>Samedi, <a href=\"https:\/\/www.ledauphine.com\/videos\/entretien-avec-frederic-merlin-le-lyonnais-a-l-origine-du-scandale-bhv-shein-33zumlu?playlist=qls5qu\" target=\"_blank\" rel=\"noopener\">au BHV de Grenoble<\/a>, des militants d\u2019Extinction rebellion ont men\u00e9 une action contre l\u2019implantation prochaine de Shein, dont l\u2019ouverture initialement pr\u00e9vue le 29\u00a0novembre a \u00e9t\u00e9 report\u00e9e sans nouvelle date. Un produit malodorant a \u00e9t\u00e9 r\u00e9pandu dans les espaces du centre commercial et deux banderoles ont \u00e9t\u00e9 d\u00e9ploy\u00e9es, accompagn\u00e9es d\u2019une prise de parole salu\u00e9e par des passants.<\/p>\n<p>Le collectif d\u00e9nonce le partenariat entre la Soci\u00e9t\u00e9 des grands magasins (SGM) et Shein, marque au c\u0153ur de nombreuses controverses\u00a0: conditions de travail tr\u00e8s d\u00e9grad\u00e9es, salaires d\u00e9risoires, 5\u00a0000 tonnes de v\u00eatements exp\u00e9di\u00e9es chaque jour par avion, et 26,2\u00a0millions de tonnes de CO\u2082 \u00e9mises en 2024 selon son rapport de durabilit\u00e9. Les militants pointent aussi la fabrication de v\u00eatements dans le Xinjiang, r\u00e9gion au centre d\u2019accusations de travail forc\u00e9.<\/p>\n<p>  Une action qui s&rsquo;inscrit dans une campagne europ\u00e9enne<\/p>\n<p>Cette action s\u2019inscrit dans la campagne europ\u00e9enne \u201cOde aux rats\u201d visant les acteurs de la fast-fashion. Extinction rebellion appelle au boycott de ces marques, au retrait de Shein du BHV et \u00e0 la mise en avant d\u2019alternatives durables comme la seconde main ou l\u2019artisanat \u00e9thique.<\/p>\n","protected":false},"excerpt":{"rendered":"Samedi, au BHV de Grenoble, des militants d\u2019Extinction rebellion ont men\u00e9 une action contre l\u2019implantation prochaine de Shein,&hellip;\n","protected":false},"author":2,"featured_media":568794,"comment_status":"","ping_status":"","sticky":false,"template":"","format":"standard","meta":{"footnotes":""},"categories":[9566],"tags":[1111,11,2430,4406,9671,33,112,436,1777,674,107,1011,27,2731,2732,108,12,25,216],"class_list":{"0":"post-568793","1":"post","2":"type-post","3":"status-publish","4":"format-standard","5":"has-post-thumbnail","7":"category-grenoble","8":"tag-actu","9":"tag-actualites","10":"tag-auvergne-rhone-alpes","11":"tag-commerce-et-services","12":"tag-conflit-social","13":"tag-economie","14":"tag-edition-grenoble-agglomeration","15":"tag-environnement","16":"tag-eu","17":"tag-europe","18":"tag-fil-info","19":"tag-fr","20":"tag-france","21":"tag-grenoble","22":"tag-grenoble-bassin","23":"tag-isere","24":"tag-news","25":"tag-republique-francaise","26":"tag-vie-des-entreprises"},"share_on_mastodon":{"url":"https:\/\/pubeurope.com\/@fr\/115638573821822586","error":""},"_links":{"self":[{"href":"https:\/\/www.europesays.com\/fr\/wp-json\/wp\/v2\/posts\/568793","targetHints":{"allow":["GET"]}}],"collection":[{"href":"https:\/\/www.europesays.com\/fr\/wp-json\/wp\/v2\/posts"}],"about":[{"href":"https:\/\/www.europesays.com\/fr\/wp-json\/wp\/v2\/types\/post"}],"author":[{"embeddable":true,"href":"https:\/\/www.europesays.com\/fr\/wp-json\/wp\/v2\/users\/2"}],"replies":[{"embeddable":true,"href":"https:\/\/www.europesays.com\/fr\/wp-json\/wp\/v2\/comments?post=568793"}],"version-history":[{"count":0,"href":"https:\/\/www.europesays.com\/fr\/wp-json\/wp\/v2\/posts\/568793\/revisions"}],"wp:featuredmedia":[{"embeddable":true,"href":"https:\/\/www.europesays.com\/fr\/wp-json\/wp\/v2\/media\/568794"}],"wp:attachment":[{"href":"https:\/\/www.europesays.com\/fr\/wp-json\/wp\/v2\/media?parent=568793"}],"wp:term":[{"taxonomy":"category","embeddable":true,"href":"https:\/\/www.europesays.com\/fr\/wp-json\/wp\/v2\/categories?post=568793"},{"taxonomy":"post_tag","embeddable":true,"href":"https:\/\/www.europesays.com\/fr\/wp-json\/wp\/v2\/tags?post=568793"}],"curies":[{"name":"wp","href":"https:\/\/api.w.org\/{rel}","templated":true}]}}