{"id":568799,"date":"2025-11-30T12:12:18","date_gmt":"2025-11-30T12:12:18","guid":{"rendered":"https:\/\/www.europesays.com\/fr\/568799\/"},"modified":"2025-11-30T12:12:18","modified_gmt":"2025-11-30T12:12:18","slug":"trois-fetards-et-un-gendarme-blesses-par-un-tir-de-mortier","status":"publish","type":"post","link":"https:\/\/www.europesays.com\/fr\/568799\/","title":{"rendered":"trois f\u00eatards et un gendarme bless\u00e9s par un tir de mortier"},"content":{"rendered":"<p class=\"article__intro\">Dans la nuit du dimanche 30 novembre 2025, une f\u00eate non d\u00e9clar\u00e9e a rassembl\u00e9 plus de 500 personnes dans un hangar \u00e0 Corps-Nuds, pr\u00e8s de Rennes. L\u2019intervention des gendarmes a d\u00e9g\u00e9n\u00e9r\u00e9, entre usage de gaz lacrymog\u00e8ne et tir de mortiers.<\/p>\n<p>\n      La Quotidienne Soci\u00e9t\u00e9\n    <\/p>\n<p>\n      De la vie quotidienne aux grands enjeux, recevez tous les jours les sujets qui font la soci\u00e9t\u00e9 locale, comme la justice, l\u2019\u00e9ducation, la sant\u00e9 et la famille.\n    <\/p>\n<p>    France T\u00e9l\u00e9visions utilise votre adresse e-mail afin de vous envoyer la newsletter \u00ab\u00a0La Quotidienne Soci\u00e9t\u00e9\u00a0\u00bb. Vous pouvez vous d\u00e9sinscrire \u00e0 tout moment via le lien en bas de cette newsletter. <a target=\"_blank\" href=\"https:\/\/www.francetelevisions.fr\/groupe\/confidentialite\/politique-de-confidentialite\/politique-de-confidentialite-de-france-televisions-6503\" rel=\"noopener\">Notre politique de confidentialit\u00e9<\/a><\/p>\n<p>Ils s&rsquo;\u00e9taient donn\u00e9 rendez-vous aux alentours de deux heures du matin, ce dimanche 30 novembre 2025.<\/p>\n<p>Plus de 500 personnes ont r\u00e9pondu \u00e0 l&rsquo;appel. Elles se sont rassembl\u00e9es pour une f\u00eate non d\u00e9clar\u00e9e dans le hangar vide d&rsquo;une soci\u00e9t\u00e9 de transport \u00e0 Corps-Nuds, dans le sud de Rennes.<\/p>\n<\/p>\n<p>Selon des informations d&rsquo;Ouest-France, confirm\u00e9es par la pr\u00e9fecture d&rsquo;Ille-et-Vilaine aupr\u00e8s de l&rsquo;AFP, les gendarmes sont intervenus rapidement, sans parvenir \u00e0 emp\u00eacher l\u2019installation de la free-party.<\/p>\n<p>Les forces de l\u2019ordre ont alors utilis\u00e9 du gaz lacrymog\u00e8ne pour tenter d\u2019\u00e9vacuer le b\u00e2timent, entra\u00eenant des d\u00e9bordements et des affrontements.<\/p>\n<p>Un gendarme a \u00e9t\u00e9 bless\u00e9 et souffre d&rsquo;un \u00ab\u00a0trouble de la vision\u00a0\u00bb suite \u00e0 un tir de mortier, a indiqu\u00e9 la pr\u00e9fecture. Les f\u00eatards ont \u00e9galement subi des blessures, dont la gravit\u00e9 n\u2019\u00e9tait pas connue en fin de matin\u00e9e, et ont \u00e9t\u00e9 transport\u00e9s par les pompiers au CHU de Rennes.<\/p>\n","protected":false},"excerpt":{"rendered":"Dans la nuit du dimanche 30 novembre 2025, une f\u00eate non d\u00e9clar\u00e9e a rassembl\u00e9 plus de 500 personnes&hellip;\n","protected":false},"author":2,"featured_media":568800,"comment_status":"","ping_status":"","sticky":false,"template":"","format":"standard","meta":{"footnotes":""},"categories":[2821],"tags":[1111,11,829,1777,674,1011,27,12,584,25],"class_list":{"0":"post-568799","1":"post","2":"type-post","3":"status-publish","4":"format-standard","5":"has-post-thumbnail","7":"category-rennes","8":"tag-actu","9":"tag-actualites","10":"tag-bretagne","11":"tag-eu","12":"tag-europe","13":"tag-fr","14":"tag-france","15":"tag-news","16":"tag-rennes","17":"tag-republique-francaise"},"share_on_mastodon":{"url":"https:\/\/pubeurope.com\/@fr\/115638589533724996","error":""},"_links":{"self":[{"href":"https:\/\/www.europesays.com\/fr\/wp-json\/wp\/v2\/posts\/568799","targetHints":{"allow":["GET"]}}],"collection":[{"href":"https:\/\/www.europesays.com\/fr\/wp-json\/wp\/v2\/posts"}],"about":[{"href":"https:\/\/www.europesays.com\/fr\/wp-json\/wp\/v2\/types\/post"}],"author":[{"embeddable":true,"href":"https:\/\/www.europesays.com\/fr\/wp-json\/wp\/v2\/users\/2"}],"replies":[{"embeddable":true,"href":"https:\/\/www.europesays.com\/fr\/wp-json\/wp\/v2\/comments?post=568799"}],"version-history":[{"count":0,"href":"https:\/\/www.europesays.com\/fr\/wp-json\/wp\/v2\/posts\/568799\/revisions"}],"wp:featuredmedia":[{"embeddable":true,"href":"https:\/\/www.europesays.com\/fr\/wp-json\/wp\/v2\/media\/568800"}],"wp:attachment":[{"href":"https:\/\/www.europesays.com\/fr\/wp-json\/wp\/v2\/media?parent=568799"}],"wp:term":[{"taxonomy":"category","embeddable":true,"href":"https:\/\/www.europesays.com\/fr\/wp-json\/wp\/v2\/categories?post=568799"},{"taxonomy":"post_tag","embeddable":true,"href":"https:\/\/www.europesays.com\/fr\/wp-json\/wp\/v2\/tags?post=568799"}],"curies":[{"name":"wp","href":"https:\/\/api.w.org\/{rel}","templated":true}]}}