{"id":568805,"date":"2025-11-30T12:15:45","date_gmt":"2025-11-30T12:15:45","guid":{"rendered":"https:\/\/www.europesays.com\/fr\/568805\/"},"modified":"2025-11-30T12:15:45","modified_gmt":"2025-11-30T12:15:45","slug":"en-conflit-avec-une-collegue-un-infirmier-met-le-feu-a-sa-voiture-sur-le-parking-du-chu-de-nice","status":"publish","type":"post","link":"https:\/\/www.europesays.com\/fr\/568805\/","title":{"rendered":"En conflit avec une coll\u00e8gue, un infirmier met le feu \u00e0 sa voiture sur le parking du CHU de Nice"},"content":{"rendered":"<p>Un ancien infirmier du CHU de Nice (Alpes-Maritimes) a \u00e9t\u00e9 jug\u00e9 la semaine derni\u00e8re pour avoir incendi\u00e9 le v\u00e9hicule d\u2019une coll\u00e8gue, sur le parking de l\u2019h\u00f4pital. Dans la nuit du 12 au 13\u00a0f\u00e9vrier 2025, il avait mis le feu au v\u00e9hicule d\u2019une aide-soignante avec laquelle il avait un diff\u00e9rend, rapporte <a href=\"https:\/\/www.nicematin.com\/societe\/justice\/un-geste-debile-il-incendie-la-voiture-d-une-collegue-sur-le-parking-de-l-hopital-de-nice-pour-se-venger-apres-un-conflit-au-travail-10657946\" target=\"_blank\" rel=\"noopener\"> Nice-Matin <\/a>. Il avait utilis\u00e9 du gel hydroalcoolique et un briquet.<\/p>\n<p>\u00c0 la barre, le pr\u00e9venu a reconnu les faits et \u00e9voqu\u00e9 un geste <strong>\u00ab\u00a0d\u00e9bile\u00a0\u00bb<\/strong>. Il aurait voulu se venger de la soignante, a-t-il expliqu\u00e9. Un acte qui aurait pu virer au drame, la voiture \u00e9tant gar\u00e9e pr\u00e8s d\u2019un caisson hyperbare.\u00a0<\/p>\n<p>Un geste disproportionn\u00e9\u00a0<\/p>\n<p>La d\u00e9fense a parl\u00e9 d\u2019un surmenage chez le pr\u00e9venu.\u00a0La victime, quant \u00e0 elle, reste \u00e0 ce jour traumatis\u00e9e par les faits.<\/p>\n<p>Dans ses r\u00e9quisitions, la procureure a insist\u00e9 sur un geste consid\u00e9r\u00e9 comme disproportionn\u00e9 mais ne pense pas que l\u2019infirmier puisse r\u00e9cidiver. L\u2019homme, au casier vierge, a finalement \u00e9t\u00e9 condamn\u00e9\u00a0\u00e0 douze mois de prison assortis d\u2019un sursis probatoire de deux ans. Il a l\u2019obligation de se soigner et de travailler. Une autre audience sur les int\u00e9r\u00eats civils devrait se tenir prochainement.\u00a0<\/p>\n<p>Pour en savoir plus\u00a0: lire l\u2019article de <a href=\"https:\/\/www.nicematin.com\/societe\/justice\/un-geste-debile-il-incendie-la-voiture-d-une-collegue-sur-le-parking-de-l-hopital-de-nice-pour-se-venger-apres-un-conflit-au-travail-10657946\" target=\"_blank\" rel=\"noopener\"> Nice-Matin <\/a>.\u00a0<\/p>\n<p>\u00a0<\/p>\n","protected":false},"excerpt":{"rendered":"Un ancien infirmier du CHU de Nice (Alpes-Maritimes) a \u00e9t\u00e9 jug\u00e9 la semaine derni\u00e8re pour avoir incendi\u00e9 le&hellip;\n","protected":false},"author":2,"featured_media":568806,"comment_status":"","ping_status":"","sticky":false,"template":"","format":"standard","meta":{"footnotes":""},"categories":[2819],"tags":[1111,11,4309,9780,2120,9657,1777,674,1312,1011,27,47553,3736,12,2401,16025,882,25,4752],"class_list":{"0":"post-568805","1":"post","2":"type-post","3":"status-publish","4":"format-standard","5":"has-post-thumbnail","7":"category-nice","8":"tag-actu","9":"tag-actualites","10":"tag-chu","11":"tag-collegue","12":"tag-conflit","13":"tag-draguignan","14":"tag-eu","15":"tag-europe","16":"tag-feu","17":"tag-fr","18":"tag-france","19":"tag-infirmier","20":"tag-met","21":"tag-news","22":"tag-nice","23":"tag-parking","24":"tag-provence-alpes-cote-dazur","25":"tag-republique-francaise","26":"tag-voiture"},"share_on_mastodon":{"url":"https:\/\/pubeurope.com\/@fr\/115638601175374176","error":""},"_links":{"self":[{"href":"https:\/\/www.europesays.com\/fr\/wp-json\/wp\/v2\/posts\/568805","targetHints":{"allow":["GET"]}}],"collection":[{"href":"https:\/\/www.europesays.com\/fr\/wp-json\/wp\/v2\/posts"}],"about":[{"href":"https:\/\/www.europesays.com\/fr\/wp-json\/wp\/v2\/types\/post"}],"author":[{"embeddable":true,"href":"https:\/\/www.europesays.com\/fr\/wp-json\/wp\/v2\/users\/2"}],"replies":[{"embeddable":true,"href":"https:\/\/www.europesays.com\/fr\/wp-json\/wp\/v2\/comments?post=568805"}],"version-history":[{"count":0,"href":"https:\/\/www.europesays.com\/fr\/wp-json\/wp\/v2\/posts\/568805\/revisions"}],"wp:featuredmedia":[{"embeddable":true,"href":"https:\/\/www.europesays.com\/fr\/wp-json\/wp\/v2\/media\/568806"}],"wp:attachment":[{"href":"https:\/\/www.europesays.com\/fr\/wp-json\/wp\/v2\/media?parent=568805"}],"wp:term":[{"taxonomy":"category","embeddable":true,"href":"https:\/\/www.europesays.com\/fr\/wp-json\/wp\/v2\/categories?post=568805"},{"taxonomy":"post_tag","embeddable":true,"href":"https:\/\/www.europesays.com\/fr\/wp-json\/wp\/v2\/tags?post=568805"}],"curies":[{"name":"wp","href":"https:\/\/api.w.org\/{rel}","templated":true}]}}