{"id":568812,"date":"2025-11-30T12:20:13","date_gmt":"2025-11-30T12:20:13","guid":{"rendered":"https:\/\/www.europesays.com\/fr\/568812\/"},"modified":"2025-11-30T12:20:13","modified_gmt":"2025-11-30T12:20:13","slug":"notre-selection-des-cinq-marches-de-noel-incontournables-a-visiter-a-bordeaux","status":"publish","type":"post","link":"https:\/\/www.europesays.com\/fr\/568812\/","title":{"rendered":"Notre s\u00e9lection des cinq march\u00e9s de No\u00ebl incontournables \u00e0 visiter \u00e0 Bordeaux"},"content":{"rendered":"<p>                    Par<br \/>\n        <strong><br \/>\n            <a href=\"https:\/\/actu.fr\/auteur\/julian-doubax\" title=\"Consulter tous les articles de Julian Doubax\" target=\"_blank\" rel=\"noopener\">Julian Doubax<\/a><br \/>\n                    <\/strong><\/p>\n<p>        Publi\u00e9 le<\/p>\n<p>            30 nov. 2025 \u00e0 12h32        <\/p>\n<p>Si la premi\u00e8re case du calendrier de l\u2019Avent n\u2019a pas encore \u00e9t\u00e9 ouverte, <a href=\"https:\/\/actu.fr\/nouvelle-aquitaine\/bordeaux_33063\/la-magie-de-noel-debarque-a-bordeaux-decouvrez-le-programme-complet-des-animations-gratuites_63476281.html\" target=\"_blank\" rel=\"noopener\">le top d\u00e9part de No\u00ebl<\/a> a \u00e9t\u00e9 <strong>lanc\u00e9<\/strong> \u00e0 Bordeaux. Du 28\u00a0novembre 2025 jusqu\u2019\u00e0 la fin d\u2019ann\u00e9e, de nombreux march\u00e9s s\u2019installent \u00e0 plusieurs endroits de la capitale girondine avec des<strong> festivit\u00e9s diff\u00e9rentes<\/strong> \u00e0 chaque lieu pour passer des moments f\u00e9eriques. Pour l\u2019occasion, <a href=\"https:\/\/actu.fr\/bordeaux\/\" target=\"_blank\" rel=\"noopener\">actu Bordeaux<\/a> vous dresse une liste <strong>des cinq march\u00e9s \u00e0 ne pas louper <\/strong>dans la ville.<\/p>\n<p>L\u2019incontournable march\u00e9 aux Quinconces<\/p>\n<p class=\" wall-content\">Depuis le 28\u00a0novembre, le march\u00e9 de No\u00ebl des Quinconces a ouvert ses portes. Le lieu avait rencontr\u00e9 un <a href=\"https:\/\/actu.fr\/nouvelle-aquitaine\/bordeaux_33063\/avec-une-explosion-de-sa-frequentation-le-marche-de-noel-de-bordeaux-doit-son-succes-a-son-nouveau-format_62071518.html\" target=\"_blank\" rel=\"noopener\">franc succ\u00e8s<\/a> l\u2019an dernier pour sa premi\u00e8re \u00e9dition sur cette place. De nombreux <strong>exposants<\/strong> seront sur place avec des offres vari\u00e9es\u2009: de la restauration, d\u00e9coration et aussi des attractions. les visiteurs pourront \u00e9galement profiter de la grande roue de No\u00ebl qui offre une vue splendide sur la ville.<\/p>\n<p>Le dernier march\u00e9 de la Caserne B<\/p>\n<p class=\" wall-content\">Pour la deuxi\u00e8me et <a href=\"https:\/\/actu.fr\/nouvelle-aquitaine\/bordeaux_33063\/a-notre-grand-desespoir-malgre-son-succes-incontestable-a-bordeaux-ce-lieu-de-fete-est-voue-a-fermer_63109108.html\" target=\"_blank\" rel=\"noopener\">derni\u00e8re fois<\/a>, <a href=\"https:\/\/actu.fr\/nouvelle-aquitaine\/bordeaux_33063\/a-bordeaux-plusieurs-marches-de-noel-sont-organises-pour-le-dernier-hiver-de-la-caserne-b_63480006.html\" target=\"_blank\" rel=\"noopener\">la Caserne B<\/a> se transforme en grand march\u00e9 de No\u00ebl. Les trois premiers week-ends de d\u00e9cembre (les 5, 6 et 7, les 12, 13 et 14 et les 19, 20 et 21), le lieu devient un \u00ab\u2009Bazar 2 No\u00ebl\u2009\u00bb. Sur place, des cr\u00e9ateurs, artisans, artistes, producteurs ou chineurs seront pr\u00e9sents pour proposer leurs cr\u00e9ations. Des concerts et DJ sets seront \u00e9galement au programme pour r\u00e9chauffer l\u2019ambiance dans l\u2019ancienne caserne de pompiers.<\/p>\n<p>Un march\u00e9 f\u00e9erique \u00e0 Darwin<\/p>\n<p class=\" wall-content\">Sur la rive droite, <a href=\"https:\/\/actu.fr\/nouvelle-aquitaine\/bordeaux_33063\/bordeaux-que-comprend-le-bail-avec-la-mairie-qui-sauve-les-hangars-de-darwin_63082614.html\" target=\"_blank\" rel=\"noopener\">Darwin\u00a0<\/a>organise aussi son march\u00e9 du 5 au 7 et du 12 au 14\u00a0d\u00e9cembre. Pendant ces jours-l\u00e0, l\u2019\u00e9co-syst\u00e8me\u00a0se transforme en village de No\u00ebl\u00a0avec plus de\u00a0150 artisans et cr\u00e9ateurs\u00a0qui pr\u00e9senteront <strong>leurs merveilles<\/strong>. Des ateliers et animations pour enfants, des concerts ainsi qu\u2019un march\u00e9 gourmand seront organis\u00e9s.<\/p>\n<p>La grande sup\u00e9rette de la Fabrique Pola<\/p>\n<p class=\" wall-content\">Les 13 et 14\u00a0d\u00e9cembre, 75\u00a0exposants vont investir les lieux de la <strong>Fabrique Pola<\/strong>, situ\u00e9e au quai de Brazza sur la rive droite de Bordeaux. \u00ab\u2009Un rendez-vous annuel attendu qui de\u0301clare sa flamme a\u0300 la (micro) e\u0301dition, aux arts imprime\u0301s, a\u0300 l\u2019illustration, a\u0300 la photographie, a\u0300 la ce\u0301ramique, aux objets de design, et a\u0300 d\u2019autres cre\u0301ations non identifie\u0301e\u2009\u00bb, indique l\u2019enseigne. Le samedi se cl\u00f4turera avec le vernissage d\u2019une exposition suivi d\u2019un DJ Set.<\/p>\n<p>Le march\u00e9 des cr\u00e9ateurs de Saint-Michel<\/p>\n<p class=\" wall-content\">Pour cette p\u00e9riode de No\u00ebl, le <a href=\"https:\/\/actu.fr\/nouvelle-aquitaine\/bordeaux_33063\/saint-michel-c-est-un-jour-un-visage-le-quartier-de-bordeaux-qu-on-aime-autant-qu-on-deteste_60447542.html\" target=\"_blank\" rel=\"noopener\">quartier Saint-Michel<\/a> s\u2019anime le 3 d\u00e9cembre de 11h \u00e0 22h avec un march\u00e9 des cr\u00e9ateurs dans la rue Camille Sauvageau. Il est port\u00e9 par l\u2019association \u00a0de promotion du Grand Saint-Michel. Les visiteurs pourront d\u00e9couvrir une multitudes de cr\u00e9ations confectionn\u00e9es par les commer\u00e7ants du quartier.\u00a0<\/p>\n<p class=\" wall-content\">Personnalisez votre actualit\u00e9 en ajoutant vos villes et m\u00e9dias en favori avec <a href=\"https:\/\/moncompte.actu.fr\" title=\"D\u00e9couvez Mon Actu\" rel=\"nofollow noopener\" data-trk=\"{&quot;cta&quot;:{&quot;action&quot;:&quot;https:\\\/\\\/moncompte.actu.fr&quot;,&quot;category&quot;:&quot;mon compte&quot;,&quot;from&quot;:&quot;article footer&quot;,&quot;name&quot;:&quot;Mon actu&quot;,&quot;type&quot;:&quot;cta&quot;}}\" target=\"_blank\">Mon Actu<\/a>.<\/p>\n","protected":false},"excerpt":{"rendered":"Par Julian Doubax Publi\u00e9 le 30 nov. 2025 \u00e0 12h32 Si la premi\u00e8re case du calendrier de l\u2019Avent&hellip;\n","protected":false},"author":2,"featured_media":568813,"comment_status":"","ping_status":"","sticky":false,"template":"","format":"standard","meta":{"footnotes":""},"categories":[2817],"tags":[1111,11,1997,1777,674,1011,27,2089,12,15830,2219,25,104],"class_list":{"0":"post-568812","1":"post","2":"type-post","3":"status-publish","4":"format-standard","5":"has-post-thumbnail","7":"category-bordeaux","8":"tag-actu","9":"tag-actualites","10":"tag-bordeaux","11":"tag-eu","12":"tag-europe","13":"tag-fr","14":"tag-france","15":"tag-marche","16":"tag-news","17":"tag-noel","18":"tag-nouvelle-aquitaine","19":"tag-republique-francaise","20":"tag-societe"},"share_on_mastodon":{"url":"https:\/\/pubeurope.com\/@fr\/115638620920090679","error":""},"_links":{"self":[{"href":"https:\/\/www.europesays.com\/fr\/wp-json\/wp\/v2\/posts\/568812","targetHints":{"allow":["GET"]}}],"collection":[{"href":"https:\/\/www.europesays.com\/fr\/wp-json\/wp\/v2\/posts"}],"about":[{"href":"https:\/\/www.europesays.com\/fr\/wp-json\/wp\/v2\/types\/post"}],"author":[{"embeddable":true,"href":"https:\/\/www.europesays.com\/fr\/wp-json\/wp\/v2\/users\/2"}],"replies":[{"embeddable":true,"href":"https:\/\/www.europesays.com\/fr\/wp-json\/wp\/v2\/comments?post=568812"}],"version-history":[{"count":0,"href":"https:\/\/www.europesays.com\/fr\/wp-json\/wp\/v2\/posts\/568812\/revisions"}],"wp:featuredmedia":[{"embeddable":true,"href":"https:\/\/www.europesays.com\/fr\/wp-json\/wp\/v2\/media\/568813"}],"wp:attachment":[{"href":"https:\/\/www.europesays.com\/fr\/wp-json\/wp\/v2\/media?parent=568812"}],"wp:term":[{"taxonomy":"category","embeddable":true,"href":"https:\/\/www.europesays.com\/fr\/wp-json\/wp\/v2\/categories?post=568812"},{"taxonomy":"post_tag","embeddable":true,"href":"https:\/\/www.europesays.com\/fr\/wp-json\/wp\/v2\/tags?post=568812"}],"curies":[{"name":"wp","href":"https:\/\/api.w.org\/{rel}","templated":true}]}}