{"id":568818,"date":"2025-11-30T12:24:23","date_gmt":"2025-11-30T12:24:23","guid":{"rendered":"https:\/\/www.europesays.com\/fr\/568818\/"},"modified":"2025-11-30T12:24:23","modified_gmt":"2025-11-30T12:24:23","slug":"en-plein-centre-de-toulouse-un-nouveau-restaurant-mele-linde-au-japon-la-carte-est-etonnante","status":"publish","type":"post","link":"https:\/\/www.europesays.com\/fr\/568818\/","title":{"rendered":"En plein centre de Toulouse, un nouveau restaurant m\u00eale l&rsquo;Inde au Japon : la carte est \u00e9tonnante"},"content":{"rendered":"<p>                    Par<br \/>\n        <strong><br \/>\n            <a href=\"https:\/\/actu.fr\/auteur\/mareva-laville-actu-fr\" title=\"Consulter tous les articles de Mar\u00e9va Laville\" target=\"_blank\" rel=\"noopener\">Mar\u00e9va Laville<\/a><br \/>\n                    <\/strong><\/p>\n<p>        Publi\u00e9 le<\/p>\n<p>            30 nov. 2025 \u00e0 12h26        <\/p>\n<p>Ils sont sur le m\u00eame continent, et pourtant, leur cuisine n\u2019ont rien \u00e0 voir. Des \u00e9pices, du poulet et de la sauce d\u2019un c\u00f4t\u00e9, du poisson et des saveurs plut\u00f4t crues de l\u2019autre. Outre le riz, les <strong>cuisines indiennes et japonaises<\/strong> n\u2019ont que peu de choses en commun\u2026 Sauf Tareq Ahmed, \u00e0 <a href=\"http:\/\/www.actu.fr\/toulouse\" target=\"_blank\" rel=\"noopener\">Toulouse<\/a>.<\/p>\n<p>Un Bangladeshi, fin connaisseur de la cuisine japonaise<\/p>\n<p class=\" wall-content\">N\u00e9 au Bangladesh, il a grandi avec sa m\u00e8re aux fourneaux. \u00ab\u2009J\u2019ai appris \u00e0 cuisinier avec elle. Je voyais comment elle faisait, \u00e7a m\u2019int\u00e9ressait\u2009\u00bb, confie Tareq \u00e0 Actu Toulouse.\u00a0C\u2019est donc naturellement que le d\u00e9sormais quarantenaire s\u2019est tourn\u00e9 vers des \u00e9tudes culinaires, l\u2019emmenant en Angleterre puis en France, dans la Ville rose.<\/p>\n<p>    <img   decoding=\"async\" loading=\"lazy\" src=\"https:\/\/www.europesays.com\/fr\/wp-content\/uploads\/2025\/11\/dai-dai-resto-toulouse-960x640.jpeg\" alt=\"Tareq Ahmed a d\u00e9cid\u00e9 de m\u00ealer son savoir-faire, la cuisine japonaise, \u00e0 ses origines, la cuisine indienne. C'est \u00e0 la carte de Dai Dai.\" width=\"960\" height=\"640\"\/><br \/>\n    Tareq Ahmed a d\u00e9cid\u00e9 de m\u00ealer son savoir-faire, la cuisine japonaise, \u00e0 ses origines, la cuisine indienne. C\u2019est \u00e0 la carte de Dai Dai. (\u00a9Mar\u00e9va Laville \/ Actu Toulouse)<\/p>\n<p class=\" wall-content\">Mais ici, ce n\u2019est pas dans la gastronomie de son pays d\u2019origine qu\u2019il a fait ses armes. Plut\u00f4t, dans la<strong> cuisine japonaise<\/strong>. \u00ab\u2009Il a travaill\u00e9 10\u00a0ans avec moi\u2009\u00bb, t\u00e9moigne son ami, g\u00e9rant du Kong Bap. Presque, on pourrait croire qu\u2019il a toujours connu les plats japonais. Et pourtant, lorsque Tareq a fait go\u00fbter un peu de sa cuisine indienne \u00e0 ses coll\u00e8gues et proches, les saveurs r\u00e9sonnaient comme une r\u00e9v\u00e9lation.<\/p>\n<p class=\" wall-content\">\u00ab\u2009La cuisine japonaise, c\u2019est mon savoir-faire. J\u2019ai toujours fait \u00e7a\u2009! Je voulais partager tout ce que je connaissais, tout ce que j\u2019aime\u2009\u00bb, commente le chef.<\/p>\n<p>Un nouveau resto dans le centre-ville<\/p>\n<p class=\" wall-content\">C\u2019est ainsi qu\u2019il a ouvert son local, le 29\u00a0octobre dernier, <strong>rue des Tourneurs<\/strong>\u2009: <strong>\u00ab\u2009Dai Dai\u2009\u00bb<\/strong>. A deux pas du m\u00e9tro Esquirol, et seulement quelques m\u00e8tres du m\u00e9tro Carmes, Dai Dai \u00ab\u2009asian street food\u2009\u00bb est un restaurant \u00e0 son image. Un m\u00e9lange des cultures.<\/p>\n<p>Vid\u00e9os : en ce moment sur Actu<\/p>\n<p class=\" wall-content\">A sa carte, pas de cuisine indienne ou de cuisine japonaise, mais un mix des deux. Une fusion des \u00ab\u2009recettes de ma m\u00e8re avec mon savoir-faire japonais\u2009\u00bb.<\/p>\n<p>Un m\u00e9lange de saveurs<\/p>\n<p class=\" wall-content\">Le combo se traduit par des plats et autres bouch\u00e9es aux saveurs \u00e9tonnantes. Poulet marin\u00e9 \u00e0 la sauce indienne dans des (sushis) rolls, touches de coriandre, curcuma et menthe, avec m\u00eame, des aubergines. Katsudon avec du poulet marin\u00e9 servi avec du riz biryani, un riz jaune indien avec du curcuma et de la cannelle. Bowl avec du b\u0153uf sauce indienne. Soupe de lentilles dans les formules du midi. Lassis d\u2019avocat ou mange, tempura \u00e0 base de coco, noix de cajou, amande et miel, en desserts\u2026<\/p>\n<p>Votre r\u00e9gion, votre actu !<\/p>\n<p>Recevez chaque jour les infos qui comptent pour vous.<\/p>\n<p>\t<a href=\"https:\/\/actu.fr\/newsletter\" class=\"ac-btn ac-btn--corner ac-btn--medium ac-btn--blue800\" target=\"_blank\" rel=\"noopener\">S&rsquo;incrire<\/a><\/p>\n<p class=\" wall-content\"><a href=\"https:\/\/www.instagram.com\/p\/DQl6JIVivWc\/embed\" title=\"Ouvrir le lien sur Instagram\" target=\"_blank\" rel=\"noopener\">Visualiser le contenu sur Instagram<\/a><\/p>\n<p class=\" wall-content\">Les fronti\u00e8res tombent dans l\u2019assiette de Dai Dai et les \u00e9pices se m\u00ealent aux traditions japonaises. Certains diront \u00ab\u2009blasph\u00e8me\u2009\u00bb, d\u2019autres se plairont dans ce joyeux combo color\u00e9. \u00ab\u2009Mais pas piment\u00e9\u2009!\u2009\u00bb, rassure le chef Tareq.<\/p>\n<p><strong>Dai Dai<\/strong><br \/>21 rue des Tourneurs<br \/>Ouvert tous les jours sauf le dimanche, de 11h45 \u00e0 14h et de 18h45 \u00e0 22h.<\/p>\n<p class=\" wall-content\">Personnalisez votre actualit\u00e9 en ajoutant vos villes et m\u00e9dias en favori avec <a href=\"https:\/\/moncompte.actu.fr\" title=\"D\u00e9couvez Mon Actu\" rel=\"nofollow noopener\" data-trk=\"{&quot;cta&quot;:{&quot;action&quot;:&quot;https:\\\/\\\/moncompte.actu.fr&quot;,&quot;category&quot;:&quot;mon compte&quot;,&quot;from&quot;:&quot;article footer&quot;,&quot;name&quot;:&quot;Mon actu&quot;,&quot;type&quot;:&quot;cta&quot;}}\" target=\"_blank\">Mon Actu<\/a>.<\/p>\n<p>                    <script async src=\"\/\/www.instagram.com\/embed.js\"><\/script><\/p>\n","protected":false},"excerpt":{"rendered":"Par Mar\u00e9va Laville Publi\u00e9 le 30 nov. 2025 \u00e0 12h26 Ils sont sur le m\u00eame continent, et pourtant,&hellip;\n","protected":false},"author":2,"featured_media":568819,"comment_status":"","ping_status":"","sticky":false,"template":"","format":"standard","meta":{"footnotes":""},"categories":[2816],"tags":[1111,11,1777,674,1011,27,12,2849,2680,25,2850,104,2312],"class_list":{"0":"post-568818","1":"post","2":"type-post","3":"status-publish","4":"format-standard","5":"has-post-thumbnail","7":"category-toulouse","8":"tag-actu","9":"tag-actualites","10":"tag-eu","11":"tag-europe","12":"tag-fr","13":"tag-france","14":"tag-news","15":"tag-nouveaux-commerces-a-toulouse","16":"tag-occitanie","17":"tag-republique-francaise","18":"tag-restaurants-de-toulouse","19":"tag-societe","20":"tag-toulouse"},"share_on_mastodon":{"url":"https:\/\/pubeurope.com\/@fr\/115638637745477164","error":""},"_links":{"self":[{"href":"https:\/\/www.europesays.com\/fr\/wp-json\/wp\/v2\/posts\/568818","targetHints":{"allow":["GET"]}}],"collection":[{"href":"https:\/\/www.europesays.com\/fr\/wp-json\/wp\/v2\/posts"}],"about":[{"href":"https:\/\/www.europesays.com\/fr\/wp-json\/wp\/v2\/types\/post"}],"author":[{"embeddable":true,"href":"https:\/\/www.europesays.com\/fr\/wp-json\/wp\/v2\/users\/2"}],"replies":[{"embeddable":true,"href":"https:\/\/www.europesays.com\/fr\/wp-json\/wp\/v2\/comments?post=568818"}],"version-history":[{"count":0,"href":"https:\/\/www.europesays.com\/fr\/wp-json\/wp\/v2\/posts\/568818\/revisions"}],"wp:featuredmedia":[{"embeddable":true,"href":"https:\/\/www.europesays.com\/fr\/wp-json\/wp\/v2\/media\/568819"}],"wp:attachment":[{"href":"https:\/\/www.europesays.com\/fr\/wp-json\/wp\/v2\/media?parent=568818"}],"wp:term":[{"taxonomy":"category","embeddable":true,"href":"https:\/\/www.europesays.com\/fr\/wp-json\/wp\/v2\/categories?post=568818"},{"taxonomy":"post_tag","embeddable":true,"href":"https:\/\/www.europesays.com\/fr\/wp-json\/wp\/v2\/tags?post=568818"}],"curies":[{"name":"wp","href":"https:\/\/api.w.org\/{rel}","templated":true}]}}