{"id":568820,"date":"2025-11-30T12:27:28","date_gmt":"2025-11-30T12:27:28","guid":{"rendered":"https:\/\/www.europesays.com\/fr\/568820\/"},"modified":"2025-11-30T12:27:28","modified_gmt":"2025-11-30T12:27:28","slug":"l1-j14-tout-savoir-sur-le-havre-lille-sports","status":"publish","type":"post","link":"https:\/\/www.europesays.com\/fr\/568820\/","title":{"rendered":"L1 (J14) : Tout savoir sur Le Havre &#8211; Lille : Sports"},"content":{"rendered":"<p class=\"date\">\n                                                            R\u00e9daction Media365, publi\u00e9 le dimanche 30 novembre 2025 \u00e0 09h30\n                                                    <\/p>\n<p>Le Havre re\u00e7oit Lille dimanche (17h15) dans le cadre de la 14e journ\u00e9e de Ligue 1. Voici tout ce qu&rsquo;il faut savoir sur cette rencontre.<\/p>\n<p>Le Havre avance peu ces derni\u00e8res semaines apr\u00e8s n&rsquo;avoir pris que deux points sur ses trois derniers matches. La formation de Didier Digard compte trois points d&rsquo;avance sur la zone rouge. Lille, de son c\u00f4t\u00e9, a retrouv\u00e9 un grand Olivier Giroud pour battre le Paris FC dimanche dernier et veut encha\u00eener pour recoller au podium.<\/p>\n<p>Les stats \u00e0 conna\u00eetre (avec Opta)<\/p>\n<p>Le Havre a perdu six de ses sept derniers matches contre Lille en Ligue 1, l&rsquo;exception \u00e9tant le plus r\u00e9cent le 8 f\u00e9vrier (2-1).<\/p>\n<p>Le Havre n&rsquo;a marqu\u00e9 lors d&rsquo;aucune de ses cinq derni\u00e8res r\u00e9ceptions de Lille en Ligue 1 et pourrait devenir la cinqui\u00e8me \u00e9quipe \u00e0 encha\u00eener six matches \u00e0 domicile sans but contre un m\u00eame adversaire dans l&rsquo;\u00e9lite apr\u00e8s Nancy contre Toulouse (2008-2017), Angers contre Nantes (1980-2018), Metz contre Bordeaux (2004-2018) et Marseille contre le Paris SG (2018-2024).<\/p>\n<p>Le Havre a \u00e9chou\u00e9 \u00e0 marquer lors de deux de ses trois derniers matches de Ligue 1, autant que lors de ses 25 pr\u00e9c\u00e9dents.<\/p>\n<p>Lille reste sur deux matches de Ligue 1 \u00e0 plus d&rsquo;un but encaiss\u00e9 (0-2 v Strasbourg, 4-2 v le Paris FC), une premi\u00e8re depuis septembre 2023. Il faut remonter \u00e0 avril 2018 pour voir le LOSC conna\u00eetre une plus longue s\u00e9rie du genre dans l&rsquo;\u00e9lite (3).<\/p>\n<p>Le Havre n&rsquo;a perdu aucun de ses cinq derniers matches \u00e0 domicile en Ligue 1 (2V 3N), sa plus longue s\u00e9rie dans l&rsquo;\u00e9lite depuis d\u00e9cembre 2002-mars 2003 (6). Le club seinomarin a marqu\u00e9 lors de ses 13 derni\u00e8res r\u00e9ceptions en L1, sa plus longue s\u00e9rie depuis avril 1986-avril 1987 (17).<\/p>\n<p>Lille a perdu huit matches \u00e0 l&rsquo;ext\u00e9rieur en Ligue 1 en 2025 (5V 2N), c&rsquo;est d\u00e9j\u00e0 deux fois plus qu&rsquo;en 2024 (6V 6N 4D). C&rsquo;est le plus haut total pour le LOSC en d\u00e9placement dans l&rsquo;\u00e9lite depuis 2018 (10).<\/p>\n<p>Lille a remport\u00e9 quatre de ses six matches de Ligue 1 d\u00e9marr\u00e9s en 4-4-2 depuis le d\u00e9but de la saison derni\u00e8re (1N 1D), dont le dernier en date contre le Paris FC dimanche dernier (4-2). Le LOSC a d&rsquo;ailleurs remport\u00e9 ses trois rencontres d\u00e9marr\u00e9es de la sorte toutes comp\u00e9titions confondues cette saison, avant sa r\u00e9ception du Dinamo Zagreb jeudi en Ligue Europa.<\/p>\n","protected":false},"excerpt":{"rendered":"R\u00e9daction Media365, publi\u00e9 le dimanche 30 novembre 2025 \u00e0 09h30 Le Havre re\u00e7oit Lille dimanche (17h15) dans le&hellip;\n","protected":false},"author":2,"featured_media":568821,"comment_status":"","ping_status":"","sticky":false,"template":"","format":"standard","meta":{"footnotes":""},"categories":[2815],"tags":[1111,11,1777,674,1011,27,811,1307,12,25],"class_list":{"0":"post-568820","1":"post","2":"type-post","3":"status-publish","4":"format-standard","5":"has-post-thumbnail","7":"category-lille","8":"tag-actu","9":"tag-actualites","10":"tag-eu","11":"tag-europe","12":"tag-fr","13":"tag-france","14":"tag-hauts-de-france","15":"tag-lille","16":"tag-news","17":"tag-republique-francaise"},"share_on_mastodon":{"url":"https:\/\/pubeurope.com\/@fr\/115638648513362322","error":""},"_links":{"self":[{"href":"https:\/\/www.europesays.com\/fr\/wp-json\/wp\/v2\/posts\/568820","targetHints":{"allow":["GET"]}}],"collection":[{"href":"https:\/\/www.europesays.com\/fr\/wp-json\/wp\/v2\/posts"}],"about":[{"href":"https:\/\/www.europesays.com\/fr\/wp-json\/wp\/v2\/types\/post"}],"author":[{"embeddable":true,"href":"https:\/\/www.europesays.com\/fr\/wp-json\/wp\/v2\/users\/2"}],"replies":[{"embeddable":true,"href":"https:\/\/www.europesays.com\/fr\/wp-json\/wp\/v2\/comments?post=568820"}],"version-history":[{"count":0,"href":"https:\/\/www.europesays.com\/fr\/wp-json\/wp\/v2\/posts\/568820\/revisions"}],"wp:featuredmedia":[{"embeddable":true,"href":"https:\/\/www.europesays.com\/fr\/wp-json\/wp\/v2\/media\/568821"}],"wp:attachment":[{"href":"https:\/\/www.europesays.com\/fr\/wp-json\/wp\/v2\/media?parent=568820"}],"wp:term":[{"taxonomy":"category","embeddable":true,"href":"https:\/\/www.europesays.com\/fr\/wp-json\/wp\/v2\/categories?post=568820"},{"taxonomy":"post_tag","embeddable":true,"href":"https:\/\/www.europesays.com\/fr\/wp-json\/wp\/v2\/tags?post=568820"}],"curies":[{"name":"wp","href":"https:\/\/api.w.org\/{rel}","templated":true}]}}