{"id":568823,"date":"2025-11-30T12:29:20","date_gmt":"2025-11-30T12:29:20","guid":{"rendered":"https:\/\/www.europesays.com\/fr\/568823\/"},"modified":"2025-11-30T12:29:20","modified_gmt":"2025-11-30T12:29:20","slug":"a-marseille-des-santons-inedits-des-bronzes-font-du-ski-sarrachent-sur-le-marche","status":"publish","type":"post","link":"https:\/\/www.europesays.com\/fr\/568823\/","title":{"rendered":"\u00c0 Marseille, des santons in\u00e9dits des Bronz\u00e9s font du ski s&rsquo;arrachent sur le march\u00e9"},"content":{"rendered":"<p>                    Par<br \/>\n        <strong><br \/>\n            <a href=\"https:\/\/actu.fr\/auteur\/fabien-binacchi\" title=\"Consulter tous les articles de Fabien Binacchi\" target=\"_blank\" rel=\"noopener\">Fabien Binacchi<\/a><br \/>\n                    <\/strong><\/p>\n<p>        Publi\u00e9 le<\/p>\n<p>            30 nov. 2025 \u00e0 13h20        <\/p>\n<p>Plus occup\u00e9 \u00e0 essayer de \u00ab\u2009conclure\u2009\u00bb qu\u2019\u00e0 d\u00e9valer les pistes, quand il n\u2019est pas bloqu\u00e9 sur un t\u00e9l\u00e9si\u00e8ge, <strong>l\u2019in\u00e9narrable Jean-Claude Dusse, version Les Bronz\u00e9s font du ski,<\/strong> fait sensation \u00e0 la Foire aux santons de <a href=\"https:\/\/actu.fr\/marseille\/\" target=\"_blank\" rel=\"noopener\">Marseille<\/a> cette ann\u00e9e. Sa petite statuette toute en combi orange et blanche a rejoint les collections \u00ab\u2009d\u00e9cal\u00e9es\u2009\u00bb propos\u00e9es par certains artisans, n\u2019en d\u00e9plaise aux puristes de la cr\u00e8che proven\u00e7ale.<\/p>\n<p>\u00ab\u2009\u00c7a va \u00eatre trop dr\u00f4le \u00e0 c\u00f4t\u00e9 du petit J\u00e9sus\u2009\u00bb<\/p>\n<p class=\" wall-content\">Sur le site Internet des Santons Flore, il est <strong>d\u00e9j\u00e0 en rupture de stock.<\/strong> Le \u00ab\u2009Collector hommage \u00e0 Michel Blanc\u2009\u00bb, l\u2019acteur du Splendid disparu fin 2024, n\u2019est pour le moment plus disponible que sur les foires, et notamment celle de la cit\u00e9 phoc\u00e9enne. \u00ab\u2009Je l\u2019ai pris direct quand je l\u2019ai vu. Pour mon p\u00e8re. Il adore les Bronz\u00e9s, s\u2019amuse Marine, la trentaine. Il fait une cr\u00e8che chaque ann\u00e9e, \u00e7a va \u00eatre trop dr\u00f4le \u00e0 c\u00f4t\u00e9 du petit J\u00e9sus.\u2009\u00bb<\/p>\n<p>    <img   decoding=\"async\" loading=\"lazy\" src=\"https:\/\/www.europesays.com\/fr\/wp-content\/uploads\/2025\/11\/img-0318-960x640.jpeg\" alt=\"santons Marseille foire\" width=\"960\" height=\"640\"\/><br \/>\n    La Foire aux santons est ouverte jusqu\u2019au 4\u00a0janvier 2026. (\u00a9Fabien Binacchi \/ actu Marseille)<\/p>\n<p class=\" wall-content\">Dans son petit chalet du Vieux-Port, la vendeuse Lison explique que ces pi\u00e8ces sont le plus souvent achet\u00e9es par \u00ab\u2009une client\u00e8le diff\u00e9rente\u2009\u00bb. \u00ab\u2009Mais <strong>il y a de la demande.<\/strong> \u00c7a interpelle, forc\u00e9ment\u2009\u00bb, sourit-elle. Ce n\u2019est pas la premi\u00e8re fois que l\u2019atelier Santons Flore et les autres santonniers de Provence imaginent des cr\u00e9ations tr\u00e8s\u2026 modernes.<\/p>\n<p>Un client \u00ab\u2009a reproduit tout un terrain de foot\u2009\u00bb<\/p>\n<p class=\" wall-content\">\u00ab\u2009En tant que repr\u00e9sentation de la vie proven\u00e7ale et de Marseille, <strong>les personnages de la cr\u00e8che \u00e9voluent avec le temps,<\/strong> rappelle la municipalit\u00e9 de la cit\u00e9 phoc\u00e9enne sur son site Internet. On peut trouver d\u00e9sormais des santons rejouant la partie de cartes de Marcel Pagnol ou bien \u00e0 l\u2019effigie de Fernandel.\u2009\u00bb Certains poussent cette logique plus loin encore.<\/p>\n<p class=\" wall-content\">En faisant quelques pas de c\u00f4t\u00e9, comme avec Jean-Claude Dusse, ou en suivant l\u2019actualit\u00e9 et les stars locales. Le professeur Raoult, les piliers de l\u2019Olympique de Marseille et ses supporteurs ont aussi droit \u00e0 leur mod\u00e8le r\u00e9duit en argile.<\/p>\n<p>    <img   decoding=\"async\" loading=\"lazy\" src=\"https:\/\/www.europesays.com\/fr\/wp-content\/uploads\/2025\/11\/img-0290-960x640.jpeg\" alt=\"santons Marseille Raoult\" width=\"960\" height=\"640\"\/><br \/>\n    Il faut compter entre 13 et 105\u00a0euros pour s\u2019offrir une reproduction du professeur Raoult. (\u00a9Fabien Binacchi \/ actu Marseille)<\/p>\n<p>Votre r\u00e9gion, votre actu !<\/p>\n<p>Recevez chaque jour les infos qui comptent pour vous.<\/p>\n<p>\t<a href=\"https:\/\/actu.fr\/newsletter\" class=\"ac-btn ac-btn--corner ac-btn--medium ac-btn--blue800\" target=\"_blank\" rel=\"noopener\">S&rsquo;incrire<\/a><\/p>\n<p class=\" wall-content\"><strong>Bernard Tapie, Basile Boli, Chris Waddle,<\/strong> <strong>\u00c9ric Di Meco<\/strong> ou encore l\u2019entra\u00eeneur belge Raymond Goethals ont tous \u00e9t\u00e9 reproduits. Comme chez Truffier-Douzon. \u00ab\u2009\u00c7a pla\u00eet beaucoup\u2009\u00bb, t\u00e9moigne une vendeuse.<\/p>\n<p>    <img   decoding=\"async\" loading=\"lazy\" src=\"https:\/\/www.europesays.com\/fr\/wp-content\/uploads\/2025\/11\/img-0273-960x640.jpeg\" alt=\"santons OM\" width=\"960\" height=\"640\"\/><br \/>\n    Les stars et les supporteurs de l\u2019OM se d\u00e9clinent chez plusieurs santonniers. (\u00a9Fabien Binacchi \/ actu Marseille)<\/p>\n<blockquote class=\"ac-article-quote wall-content\">\n<p>J\u2019ai un client qui a reproduit tout un terrain de foot de l&rsquo;OM et m\u00eame le stade. Il m\u2019a achet\u00e9 dix santons et il est revenu en acheter dix autres pour compl\u00e9ter.<\/p>\n<p>    <strong>Karine<\/strong><br \/>\n        Une vendeuse    <\/p><\/blockquote>\n<p>\u00ab\u2009Certains puristes nous reprochent ces santons-l\u00e0\u2009\u00bb<\/p>\n<p class=\" wall-content\">\u00ab\u2009C\u2019est vrai qu\u2019avec tout \u00e7a on sort un peu de la cr\u00e8che proven\u00e7ale. Certains puristes nous reprochent parfois ces santons-l\u00e0\u2009\u00bb, poursuit-elle. Tous les santonniers n\u2019en proposent pas. Chez Arterra, par exemple, c\u2019est niet. \u00ab\u2009<strong>Chacun fait ce qu\u2019il veut.<\/strong> On nous demande parfois si on en a mais, chez nous, ce n\u2019est pas le cas\u2009\u00bb, glisse-t-on sur place.<\/p>\n<p class=\" wall-content\">\u00ab\u2009Moi, \u00e7a ne me viendrait pas du tout \u00e0 l\u2019id\u00e9e de mettre un joueur de l\u2019OM dans ma cr\u00e8che\u2009\u00bb, balaie Josiane, en visite ce jour-l\u00e0 \u00e0 la foire. Crime de l\u00e8se-majest\u00e9. \u00ab<strong>\u2009La tradition, ce sont les santons qui racontent les m\u00e9tiers et la vie d\u2019avant,<\/strong> les animaux et, si on veut, la sc\u00e8ne de la nativit\u00e9.\u2009Mais bon, j\u2019imagine qu\u2019il en faut pour tous les go\u00fbts.\u2009\u00bb<\/p>\n<p>La Foire aux santons de Marseille est ouverte tous les jours de 10h \u00e0 19h (jusqu\u2019\u00e0 20h et les vendredis et samedis) jusqu\u2019au 4\u00a0janvier 2026, sur le quai du Port, dans le 1er arrondissement.<\/p>\n<p class=\" wall-content\">Personnalisez votre actualit\u00e9 en ajoutant vos villes et m\u00e9dias en favori avec <a href=\"https:\/\/moncompte.actu.fr\" title=\"D\u00e9couvez Mon Actu\" rel=\"nofollow noopener\" data-trk=\"{&quot;cta&quot;:{&quot;action&quot;:&quot;https:\\\/\\\/moncompte.actu.fr&quot;,&quot;category&quot;:&quot;mon compte&quot;,&quot;from&quot;:&quot;article footer&quot;,&quot;name&quot;:&quot;Mon actu&quot;,&quot;type&quot;:&quot;cta&quot;}}\" target=\"_blank\">Mon Actu<\/a>.<\/p>\n","protected":false},"excerpt":{"rendered":"Par Fabien Binacchi Publi\u00e9 le 30 nov. 2025 \u00e0 13h20 Plus occup\u00e9 \u00e0 essayer de \u00ab\u2009conclure\u2009\u00bb qu\u2019\u00e0 d\u00e9valer&hellip;\n","protected":false},"author":2,"featured_media":568824,"comment_status":"","ping_status":"","sticky":false,"template":"","format":"standard","meta":{"footnotes":""},"categories":[2814],"tags":[1111,11,1777,674,1011,27,1757,884,12,2551,882,25],"class_list":{"0":"post-568823","1":"post","2":"type-post","3":"status-publish","4":"format-standard","5":"has-post-thumbnail","7":"category-marseille","8":"tag-actu","9":"tag-actualites","10":"tag-eu","11":"tag-europe","12":"tag-fr","13":"tag-france","14":"tag-insolite","15":"tag-marseille","16":"tag-news","17":"tag-patrimoine","18":"tag-provence-alpes-cote-dazur","19":"tag-republique-francaise"},"share_on_mastodon":{"url":"https:\/\/pubeurope.com\/@fr\/115638657336615670","error":""},"_links":{"self":[{"href":"https:\/\/www.europesays.com\/fr\/wp-json\/wp\/v2\/posts\/568823","targetHints":{"allow":["GET"]}}],"collection":[{"href":"https:\/\/www.europesays.com\/fr\/wp-json\/wp\/v2\/posts"}],"about":[{"href":"https:\/\/www.europesays.com\/fr\/wp-json\/wp\/v2\/types\/post"}],"author":[{"embeddable":true,"href":"https:\/\/www.europesays.com\/fr\/wp-json\/wp\/v2\/users\/2"}],"replies":[{"embeddable":true,"href":"https:\/\/www.europesays.com\/fr\/wp-json\/wp\/v2\/comments?post=568823"}],"version-history":[{"count":0,"href":"https:\/\/www.europesays.com\/fr\/wp-json\/wp\/v2\/posts\/568823\/revisions"}],"wp:featuredmedia":[{"embeddable":true,"href":"https:\/\/www.europesays.com\/fr\/wp-json\/wp\/v2\/media\/568824"}],"wp:attachment":[{"href":"https:\/\/www.europesays.com\/fr\/wp-json\/wp\/v2\/media?parent=568823"}],"wp:term":[{"taxonomy":"category","embeddable":true,"href":"https:\/\/www.europesays.com\/fr\/wp-json\/wp\/v2\/categories?post=568823"},{"taxonomy":"post_tag","embeddable":true,"href":"https:\/\/www.europesays.com\/fr\/wp-json\/wp\/v2\/tags?post=568823"}],"curies":[{"name":"wp","href":"https:\/\/api.w.org\/{rel}","templated":true}]}}