{"id":568825,"date":"2025-11-30T12:30:15","date_gmt":"2025-11-30T12:30:15","guid":{"rendered":"https:\/\/www.europesays.com\/fr\/568825\/"},"modified":"2025-11-30T12:30:15","modified_gmt":"2025-11-30T12:30:15","slug":"liquidation-judiciaire-de-seabubbles-et-ses-bateaux-qui-volent","status":"publish","type":"post","link":"https:\/\/www.europesays.com\/fr\/568825\/","title":{"rendered":"liquidation judiciaire de SeaBubbles et ses bateaux qui volent"},"content":{"rendered":"<p itemprop=\"description\"><strong>Plac\u00e9e en redressement judiciaire cet \u00e9t\u00e9, SeaBubbles n&rsquo;a pas trouv\u00e9 de repreneur. La soci\u00e9t\u00e9 a donc \u00e9t\u00e9 liquid\u00e9e il y a quelques jours.<\/strong><\/p>\n<p>Dix ans apr\u00e8s le r\u00eave fou d&rsquo;Alain Th\u00e9bault, l&rsquo;aventure s&rsquo;arr\u00eate. Et elle aura \u00e9t\u00e9 jalonn\u00e9e de couacs, notamment \u00e0 Lyon.<\/p>\n<p>Avec SeaBubbles, l&rsquo;ancien navigateur et recordman de vitesse \u00e0 la voile avait imagin\u00e9 un bateau capable de voler au-dessus de l&rsquo;eau. Gr\u00e2ce \u00e0 des ailerons appel\u00e9s foils, il permettait de lutter contre le mal de mer et le bruit, et les bateaux 100% \u00e9lectriques atteignaient une vitesse de 50km\/h.<\/p>\n<p>L&rsquo;entreprise esp\u00e9rait convaincre des collectivit\u00e9s de les acqu\u00e9rir pour en faire des bateaux-taxis. D&rsquo;o\u00f9 les essais men\u00e9s sous G\u00e9rard Collomb dans la darse de la Confluence, ou encore sur le lac d&rsquo;Annecy et le lac L\u00e9man \u00e0 Gen\u00e8ve. Mais la l\u00e9gislation stricte en France ainsi que le co\u00fbt des Bubbles ont r\u00e9duit \u00e0 n\u00e9ant le business.<\/p>\n<p>Apr\u00e8s le d\u00e9part d&rsquo;Alain Th\u00e9bault apr\u00e8s le Covid, le fonds d&rsquo;investissement lyonnais Mediapps Innovation de B\u00e9chara Wakim avait pris la rel\u00e8ve contre 1,1 million d&rsquo;euros investi, sans plus de succ\u00e8s.<\/p>\n<p>Pire, avant la liquidation prononc\u00e9e en novembre, Th\u00e9bault et Wakim s&rsquo;\u00e9taient retrouv\u00e9s au tribunal en mars dernier pour diffamation. Depuis la Suisse o\u00f9 il vit, l&rsquo;ex-patron avait cibl\u00e9 la General Manager de SeaBubbles Virginie Seurat, la traitant de \u00ab\u00a0cuisini\u00e8re en chef\u00a0\u00bb. Quant \u00e0 B\u00e9chara Wakim, il aurait subi des messages relevant \u00ab\u00a0presque du racisme\u00a0\u00bb selon son avocate.<\/p>\n<p>Alain Th\u00e9bault avait alors \u00e9t\u00e9 condamn\u00e9 \u00e0 payer une amende de 2000 euros.<\/p>\n","protected":false},"excerpt":{"rendered":"Plac\u00e9e en redressement judiciaire cet \u00e9t\u00e9, SeaBubbles n&rsquo;a pas trouv\u00e9 de repreneur. La soci\u00e9t\u00e9 a donc \u00e9t\u00e9 liquid\u00e9e&hellip;\n","protected":false},"author":2,"featured_media":568826,"comment_status":"","ping_status":"","sticky":false,"template":"","format":"standard","meta":{"footnotes":""},"categories":[1889],"tags":[1111,11,2813,2190,2430,1109,251,1112,2811,1777,674,118,1011,27,1922,1110,1114,2428,2810,12,241,316,25,2812,517,800],"class_list":{"0":"post-568825","1":"post","2":"type-post","3":"status-publish","4":"format-standard","5":"has-post-thumbnail","7":"category-lyon","8":"tag-actu","9":"tag-actualites","10":"tag-article","11":"tag-asvel","12":"tag-auvergne-rhone-alpes","13":"tag-breves","14":"tag-culture","15":"tag-depeches","16":"tag-economique","17":"tag-eu","18":"tag-europe","19":"tag-faits-divers","20":"tag-fr","21":"tag-france","22":"tag-info","23":"tag-informations","24":"tag-infos","25":"tag-lyon","26":"tag-lyonmag","27":"tag-news","28":"tag-ol","29":"tag-politique","30":"tag-republique-francaise","31":"tag-sociale","32":"tag-sport","33":"tag-transports"},"share_on_mastodon":{"url":"https:\/\/pubeurope.com\/@fr\/115638660232322935","error":""},"_links":{"self":[{"href":"https:\/\/www.europesays.com\/fr\/wp-json\/wp\/v2\/posts\/568825","targetHints":{"allow":["GET"]}}],"collection":[{"href":"https:\/\/www.europesays.com\/fr\/wp-json\/wp\/v2\/posts"}],"about":[{"href":"https:\/\/www.europesays.com\/fr\/wp-json\/wp\/v2\/types\/post"}],"author":[{"embeddable":true,"href":"https:\/\/www.europesays.com\/fr\/wp-json\/wp\/v2\/users\/2"}],"replies":[{"embeddable":true,"href":"https:\/\/www.europesays.com\/fr\/wp-json\/wp\/v2\/comments?post=568825"}],"version-history":[{"count":0,"href":"https:\/\/www.europesays.com\/fr\/wp-json\/wp\/v2\/posts\/568825\/revisions"}],"wp:featuredmedia":[{"embeddable":true,"href":"https:\/\/www.europesays.com\/fr\/wp-json\/wp\/v2\/media\/568826"}],"wp:attachment":[{"href":"https:\/\/www.europesays.com\/fr\/wp-json\/wp\/v2\/media?parent=568825"}],"wp:term":[{"taxonomy":"category","embeddable":true,"href":"https:\/\/www.europesays.com\/fr\/wp-json\/wp\/v2\/categories?post=568825"},{"taxonomy":"post_tag","embeddable":true,"href":"https:\/\/www.europesays.com\/fr\/wp-json\/wp\/v2\/tags?post=568825"}],"curies":[{"name":"wp","href":"https:\/\/api.w.org\/{rel}","templated":true}]}}